{"id":28213,"date":"2024-06-18T01:13:46","date_gmt":"2024-06-18T04:13:46","guid":{"rendered":"https:\/\/tvtribunape.com.br\/index.php\/2024\/06\/18\/abertura-do-curso-tecnico-em-manutencao-aeronautica-em-celula-destaca-participacao-feminina-ifsp\/"},"modified":"2024-06-18T01:13:46","modified_gmt":"2024-06-18T04:13:46","slug":"abertura-do-curso-tecnico-em-manutencao-aeronautica-em-celula-destaca-participacao-feminina-ifsp","status":"publish","type":"post","link":"https:\/\/tvtribunape.com.br\/index.php\/2024\/06\/18\/abertura-do-curso-tecnico-em-manutencao-aeronautica-em-celula-destaca-participacao-feminina-ifsp\/","title":{"rendered":"Abertura do Curso T\u00e9cnico em Manuten\u00e7\u00e3o Aeron\u00e1utica em C\u00e9lula destaca participa\u00e7\u00e3o feminina &#8211; IFSP"},"content":{"rendered":"<p><\/p>\n<div>\n<div class=\"subtitle\">\n<p><span style=\"font-weight: 400;\">Cerim\u00f4nia no Campus S\u00e3o Carlos do IFSP marca o in\u00edcio de um projeto pioneiro em parceria com a Anac, voltado para a inclus\u00e3o de mulheres na avia\u00e7\u00e3o<\/span><\/p>\n<\/div>\n<p><!-- fim .content-header-options-1 --><\/p>\n<p><span style=\"font-weight: 400;\">Na \u00faltima segunda-feira (17), o Campus S\u00e3o Carlos do Instituto Federal de S\u00e3o Paulo (IFSP) realizou a cerim\u00f4nia de abertura da Aula Magna do Curso T\u00e9cnico em Manuten\u00e7\u00e3o Aeron\u00e1utica em C\u00e9lula. Este curso subsequente ao ensino m\u00e9dio \u00e9 uma parceria entre a Ag\u00eancia Nacional de Avia\u00e7\u00e3o Civil (Anac) e o IFSP, integrando o programa \u201cAsas para Todos\u201d. A iniciativa visa aumentar a participa\u00e7\u00e3o feminina em carreiras tradicionalmente dominadas por homens, como a de mec\u00e2nico de manuten\u00e7\u00e3o aeron\u00e1utica e piloto, patrocinada pelo projeto &#8220;Mulheres na Avia\u00e7\u00e3o&#8221;.<\/span><\/p>\n<p><span style=\"font-weight: 400;\">O evento contou com a presen\u00e7a de diversas autoridades, incluindo o reitor do IFSP, Professor Silm\u00e1rio dos Santos, o Diretor-Presidente da Anac, Tiago Sousa Pereira, e representantes de importantes institui\u00e7\u00f5es educacionais e governamentais. &#8220;Este curso \u00e9 fundamental para desenvolver capital humano em uma regi\u00e3o que exige muitos mec\u00e2nicos de aeron\u00e1utica,&#8221; destacou Tiago Sousa Pereira. Ele ainda ressaltou a import\u00e2ncia da parceria com o IFSP na forma\u00e7\u00e3o de profissionais de qualidade para a avia\u00e7\u00e3o civil.<\/span><\/p>\n<p><span style=\"font-weight: 400;\">O curso oferece 40 vagas, das quais 24 foram preenchidas por mulheres. A estudante Ana Paulo dos Santos Roberto, de 37 anos, compartilhou seu entusiasmo: \u201cSenti necessidade de agregar na minha forma\u00e7\u00e3o e esse curso est\u00e1 em uma \u00e1rea que est\u00e1 em crescimento\u201d. O curso ter\u00e1 dura\u00e7\u00e3o de 24 meses, com bolsas de R$ 700 mensais, seguidas por mais 12 meses de bolsa para incentivar a continuidade dos estudos na \u00e1rea de Mec\u00e2nica de Aeronaves.<\/span><\/p>\n<p><span style=\"font-weight: 400;\">Rodrigo Cristian Lemes, diretor-adjunto Educacional e Gestor do Projeto, comentou sobre a import\u00e2ncia da parceria: &#8220;Isso vai institucionalmente trazer uma responsabilidade muito grande, tanto pelo desenvolvimento do Campus S\u00e3o Carlos quanto para promover nossos alunos no mercado de trabalho.&#8221;\u00a0<\/span><\/p>\n<p><span style=\"font-weight: 400;\">O reitor do IFSP, Professor Silm\u00e1rio dos Santos, tamb\u00e9m celebrou a iniciativa, destacando que o projeto-piloto deve ser ampliado para incluir um programa de pilotagem, beneficiando tanto mulheres quanto homens. Ele agradeceu a participa\u00e7\u00e3o da Setec\/MEC e da Anac, evidenciando o apoio do governo federal no desenvolvimento regional e nacional.<\/span><br \/><span style=\"font-weight: 400;\">A Aula Magna foi conduzida por Tiago Sousa Pereira, cuja vasta experi\u00eancia na \u00e1rea de avia\u00e7\u00e3o e gest\u00e3o p\u00fablica trouxe <\/span><i><span style=\"font-weight: 400;\">insights<\/span><\/i><span style=\"font-weight: 400;\"> valiosos para os novos alunos. Ele enfatizou o papel crucial da forma\u00e7\u00e3o de mec\u00e2nicos de manuten\u00e7\u00e3o para o crescimento da avia\u00e7\u00e3o civil e a cria\u00e7\u00e3o de oportunidades profissionais para os estudantes do IFSP.<\/span><\/p>\n<p><span style=\"font-weight: 400;\">\u00a0<\/span><\/p>\n<\/div>\n<p><script>(function(d, s, id) {\n  var js, fjs = d.getElementsByTagName(s)[0];\n  if (d.getElementById(id)) return;\n  js = d.createElement(s); js.id = id;\n  js.src = \"\/\/connect.facebook.net\/pt_BR\/all.js#xfbml=1&appId=509544779073047\";\n  fjs.parentNode.insertBefore(js, fjs);\n }(document, 'script', 'facebook-jssdk'));<\/script><\/p>\n","protected":false},"excerpt":{"rendered":"<p>Cerim\u00f4nia no Campus S\u00e3o Carlos do IFSP marca o in\u00edcio de um projeto pioneiro em<\/p>\n","protected":false},"author":3,"featured_media":0,"comment_status":"open","ping_status":"open","sticky":false,"template":"","format":"standard","meta":{"footnotes":""},"categories":[],"tags":[],"class_list":["post-28213","post","type-post","status-publish","format-standard","hentry"],"amp_enabled":true,"_links":{"self":[{"href":"https:\/\/tvtribunape.com.br\/index.php\/wp-json\/wp\/v2\/posts\/28213","targetHints":{"allow":["GET"]}}],"collection":[{"href":"https:\/\/tvtribunape.com.br\/index.php\/wp-json\/wp\/v2\/posts"}],"about":[{"href":"https:\/\/tvtribunape.com.br\/index.php\/wp-json\/wp\/v2\/types\/post"}],"author":[{"embeddable":true,"href":"https:\/\/tvtribunape.com.br\/index.php\/wp-json\/wp\/v2\/users\/3"}],"replies":[{"embeddable":true,"href":"https:\/\/tvtribunape.com.br\/index.php\/wp-json\/wp\/v2\/comments?post=28213"}],"version-history":[{"count":0,"href":"https:\/\/tvtribunape.com.br\/index.php\/wp-json\/wp\/v2\/posts\/28213\/revisions"}],"wp:attachment":[{"href":"https:\/\/tvtribunape.com.br\/index.php\/wp-json\/wp\/v2\/media?parent=28213"}],"wp:term":[{"taxonomy":"category","embeddable":true,"href":"https:\/\/tvtribunape.com.br\/index.php\/wp-json\/wp\/v2\/categories?post=28213"},{"taxonomy":"post_tag","embeddable":true,"href":"https:\/\/tvtribunape.com.br\/index.php\/wp-json\/wp\/v2\/tags?post=28213"}],"curies":[{"name":"wp","href":"https:\/\/api.w.org\/{rel}","templated":true}]}}