{"id":28215,"date":"2024-06-18T02:00:52","date_gmt":"2024-06-18T05:00:52","guid":{"rendered":"https:\/\/tvtribunape.com.br\/index.php\/2024\/06\/18\/cephas-convoca-aprovados-na-2a-chamada-do-vestibulinho\/"},"modified":"2024-06-18T02:00:52","modified_gmt":"2024-06-18T05:00:52","slug":"cephas-convoca-aprovados-na-2a-chamada-do-vestibulinho","status":"publish","type":"post","link":"https:\/\/tvtribunape.com.br\/index.php\/2024\/06\/18\/cephas-convoca-aprovados-na-2a-chamada-do-vestibulinho\/","title":{"rendered":"Cephas convoca aprovados na 2\u00aa chamada do Vestibulinho"},"content":{"rendered":"<p><\/p>\n<div>\n<p><b>Henrique Macedo<\/b><br \/>&#13;<br \/>\n&#13;<br \/>\n                <span style=\"font-weight: bold;\">Fundhas<\/span><\/p>\n<p><span style=\"font-weight: 400;\">O Cephas (Col\u00e9gio de Educa\u00e7\u00e3o Profissional H\u00e9lio Augusto de Souza) divulgou nesta segunda-feira (17) a convoca\u00e7\u00e3o para os aprovados na 2\u00aa chamada para as vagas do Vestibulinho 2024.\u00a0<\/span><\/p>\n<p><span style=\"font-weight: 400;\"><strong>Clique aqui<\/strong><br \/><\/span><\/p>\n<p><span style=\"font-weight: 400;\">O comparecimento no dia e hor\u00e1rio agendado \u00e9 imprescind\u00edvel e obrigat\u00f3rio para a efetiva\u00e7\u00e3o da matr\u00edcula e apresenta\u00e7\u00e3o dos documentos (originais e c\u00f3pias\u00a0<\/span><span style=\"font-weight: 400;\">leg\u00edveis e sem rasuras).<\/span><\/p>\n<p><span style=\"font-weight: 400;\">Os candidatos devem comparecer no Cephas, que fica \u00e0 Rua Tsunessaburo Makigutti, 399 &#8211; Floradas de S\u00e3o Jos\u00e9. <\/span><\/p>\n<p><span style=\"font-weight: 400;\">O n\u00e3o comparecimento acarretar\u00e1 na desist\u00eancia do candidato e na convoca\u00e7\u00e3o do pr\u00f3ximo candidato da lista de espera.<\/span><\/p>\n<p><span style=\"font-weight: 400;\">As aulas iniciar\u00e3o no dia 25 de julho para os 400 novos alunos divididos em 10 turmas de administra\u00e7\u00e3o, edifica\u00e7\u00f5es, eletr\u00f4nica, enfermagem, mec\u00e2nica e qu\u00edmica.\u00a0<\/span><\/p>\n<p><span class=\"intertitulo\">Qualifica\u00e7\u00e3o profissional<\/span><\/p>\n<p><span style=\"font-weight: 400;\">O Cephas \u00e9 a institui\u00e7\u00e3o educacional da Fundhas (Funda\u00e7\u00e3o H\u00e9lio Augusto de Souza), que \u00e9 mantida pela Prefeitura de S\u00e3o Jos\u00e9 dos Campos.<\/span><\/p>\n<p><span style=\"font-weight: 400;\">Tem como finalidade oferecer educa\u00e7\u00e3o profissional no munic\u00edpio, por meio de cursos de forma\u00e7\u00e3o inicial e continuada, programas de aprendizagem profissional e de cursos t\u00e9cnicos de n\u00edvel m\u00e9dio, al\u00e9m das op\u00e7\u00f5es na modalidade EaD.<\/span><\/p>\n<p>&#13;<br \/>\n                        <strong>MAIS NOT\u00cdCIAS<\/strong><br \/>&#13;<br \/>\n                        Fundhas&#13;\n                    <\/p>\n<\/p><\/div>\n","protected":false},"excerpt":{"rendered":"<p>Henrique Macedo&#13; &#13; Fundhas O Cephas (Col\u00e9gio de Educa\u00e7\u00e3o Profissional H\u00e9lio Augusto de Souza) divulgou<\/p>\n","protected":false},"author":3,"featured_media":0,"comment_status":"open","ping_status":"open","sticky":false,"template":"","format":"standard","meta":{"footnotes":""},"categories":[],"tags":[],"class_list":["post-28215","post","type-post","status-publish","format-standard","hentry"],"amp_enabled":true,"_links":{"self":[{"href":"https:\/\/tvtribunape.com.br\/index.php\/wp-json\/wp\/v2\/posts\/28215","targetHints":{"allow":["GET"]}}],"collection":[{"href":"https:\/\/tvtribunape.com.br\/index.php\/wp-json\/wp\/v2\/posts"}],"about":[{"href":"https:\/\/tvtribunape.com.br\/index.php\/wp-json\/wp\/v2\/types\/post"}],"author":[{"embeddable":true,"href":"https:\/\/tvtribunape.com.br\/index.php\/wp-json\/wp\/v2\/users\/3"}],"replies":[{"embeddable":true,"href":"https:\/\/tvtribunape.com.br\/index.php\/wp-json\/wp\/v2\/comments?post=28215"}],"version-history":[{"count":0,"href":"https:\/\/tvtribunape.com.br\/index.php\/wp-json\/wp\/v2\/posts\/28215\/revisions"}],"wp:attachment":[{"href":"https:\/\/tvtribunape.com.br\/index.php\/wp-json\/wp\/v2\/media?parent=28215"}],"wp:term":[{"taxonomy":"category","embeddable":true,"href":"https:\/\/tvtribunape.com.br\/index.php\/wp-json\/wp\/v2\/categories?post=28215"},{"taxonomy":"post_tag","embeddable":true,"href":"https:\/\/tvtribunape.com.br\/index.php\/wp-json\/wp\/v2\/tags?post=28215"}],"curies":[{"name":"wp","href":"https:\/\/api.w.org\/{rel}","templated":true}]}}