{"id":28227,"date":"2024-06-18T08:17:54","date_gmt":"2024-06-18T11:17:54","guid":{"rendered":"https:\/\/tvtribunape.com.br\/index.php\/2024\/06\/18\/prefeitura-de-sorocaba-da-inicio-a-revitalizacao-de-passeio-publico-da-praca-frei-barauna-agencia-de-noticias\/"},"modified":"2024-06-18T08:17:54","modified_gmt":"2024-06-18T11:17:54","slug":"prefeitura-de-sorocaba-da-inicio-a-revitalizacao-de-passeio-publico-da-praca-frei-barauna-agencia-de-noticias","status":"publish","type":"post","link":"https:\/\/tvtribunape.com.br\/index.php\/2024\/06\/18\/prefeitura-de-sorocaba-da-inicio-a-revitalizacao-de-passeio-publico-da-praca-frei-barauna-agencia-de-noticias\/","title":{"rendered":"Prefeitura de Sorocaba d\u00e1 in\u00edcio \u00e0 revitaliza\u00e7\u00e3o de passeio p\u00fablico da Pra\u00e7a Frei Bara\u00fana \u2013 Ag\u00eancia de Not\u00edcias"},"content":{"rendered":"<p><\/p>\n<div wp_automatic_readability=\"31\">\n<div class=\"col\" wp_automatic_readability=\"7\">\n<p class=\"mt-0\">\n                        <strong><br \/>\n                            <span class=\"far fa-calendar mr-1 mt-2\"\/><br \/>\n                            17 de junho de 2024<br \/>\n                            <span class=\"far fa-clock ml-3 mt-2\"\/><br \/>\n                            18:03<br \/>\n                        <\/strong>\n                    <\/p>\n<p class=\"mb-0\">Por: <strong>Evelyn Azevedo<\/strong><\/p>\n<\/p><\/div>\n<\/p><\/div>\n<div wp_automatic_readability=\"60\">\n<p><em>Fotos: Michelle Alves \u2013 Secom<\/em><\/p>\n<p>A Prefeitura de Sorocaba, por meio da Secretaria de Servi\u00e7os P\u00fablicos e Obras (Serpo), iniciou, na tarde desta segunda-feira (17), as obras de revitaliza\u00e7\u00e3o de passeio p\u00fablico da Pra\u00e7a Frei Bara\u00fana, localizada no Centro da cidade.<\/p>\n<p>A iniciativa \u00e9 decorrente de medida mitigadora, viabilizada em parceria com a Raia Drogasil S.A, com prazo de entrega em 90 dias, sob supervis\u00e3o da Serpo.<\/p>\n<p>A pra\u00e7a receber\u00e1 as melhorias mantendo sua caracter\u00edstica hist\u00f3rica, com a recoloca\u00e7\u00e3o das pedras portuguesas, conservando os desenhos originais do piso. A revitaliza\u00e7\u00e3o contar\u00e1, ainda, com nova pintura das guias no entorno.<\/p>\n<p>A iniciativa no espa\u00e7o p\u00fablico t\u00eam como objetivo preservar o patrim\u00f4nio da cidade e proporcionar um ambiente agrad\u00e1vel para o conv\u00edvio em uma \u00e1rea mais harmoniosa, atrativa e segura para os frequentadores.<\/p>\n<p><!-- Root element of PhotoSwipe. Must have class pswp. --><\/p><\/div>\n","protected":false},"excerpt":{"rendered":"<p>17 de junho de 2024 18:03 Por: Evelyn Azevedo Fotos: Michelle Alves \u2013 Secom A<\/p>\n","protected":false},"author":3,"featured_media":0,"comment_status":"open","ping_status":"open","sticky":false,"template":"","format":"standard","meta":{"footnotes":""},"categories":[],"tags":[],"class_list":["post-28227","post","type-post","status-publish","format-standard","hentry"],"amp_enabled":true,"_links":{"self":[{"href":"https:\/\/tvtribunape.com.br\/index.php\/wp-json\/wp\/v2\/posts\/28227","targetHints":{"allow":["GET"]}}],"collection":[{"href":"https:\/\/tvtribunape.com.br\/index.php\/wp-json\/wp\/v2\/posts"}],"about":[{"href":"https:\/\/tvtribunape.com.br\/index.php\/wp-json\/wp\/v2\/types\/post"}],"author":[{"embeddable":true,"href":"https:\/\/tvtribunape.com.br\/index.php\/wp-json\/wp\/v2\/users\/3"}],"replies":[{"embeddable":true,"href":"https:\/\/tvtribunape.com.br\/index.php\/wp-json\/wp\/v2\/comments?post=28227"}],"version-history":[{"count":0,"href":"https:\/\/tvtribunape.com.br\/index.php\/wp-json\/wp\/v2\/posts\/28227\/revisions"}],"wp:attachment":[{"href":"https:\/\/tvtribunape.com.br\/index.php\/wp-json\/wp\/v2\/media?parent=28227"}],"wp:term":[{"taxonomy":"category","embeddable":true,"href":"https:\/\/tvtribunape.com.br\/index.php\/wp-json\/wp\/v2\/categories?post=28227"},{"taxonomy":"post_tag","embeddable":true,"href":"https:\/\/tvtribunape.com.br\/index.php\/wp-json\/wp\/v2\/tags?post=28227"}],"curies":[{"name":"wp","href":"https:\/\/api.w.org\/{rel}","templated":true}]}}