{"id":28729,"date":"2024-06-26T23:58:57","date_gmt":"2024-06-27T02:58:57","guid":{"rendered":"https:\/\/tvtribunape.com.br\/index.php\/2024\/06\/26\/publico-se-diverte-no-primeiro-dia-da-festa-junina-da-bondade\/"},"modified":"2024-06-26T23:58:57","modified_gmt":"2024-06-27T02:58:57","slug":"publico-se-diverte-no-primeiro-dia-da-festa-junina-da-bondade","status":"publish","type":"post","link":"https:\/\/tvtribunape.com.br\/index.php\/2024\/06\/26\/publico-se-diverte-no-primeiro-dia-da-festa-junina-da-bondade\/","title":{"rendered":"P\u00fablico se diverte no primeiro dia da Festa Junina da Bondade"},"content":{"rendered":"<p><\/p>\n<div>\n<p><b>Cl\u00e1udio Ribeiro<\/b><br \/>&#13;<br \/>\n&#13;<br \/>\n                <span style=\"font-weight: bold;\">Secretaria de Governan\u00e7a<\/span><\/p>\n<p><em>Colabora\u00e7\u00e3o da estagi\u00e1ria Agata Sales<\/em><\/p>\n<p><span style=\"font-weight: 400;\">A abertura da Festa da Bondade, nesta quarta-feira (26), teve muita comida t\u00edpica e m\u00fasica boa para animar o p\u00fablico na Pra\u00e7a Afonso Pena, no centro de S\u00e3o Jos\u00e9 dos Campos.<\/span><\/p>\n<p><span style=\"font-weight: 400;\">Organizado pela Prefeitura e o Fundo Social, o evento contou com apresenta\u00e7\u00f5es de quadrilha, sapateado e dan\u00e7a country pelos integrantes das Casas do Idoso. Tamb\u00e9m subiu ao palco a equipe de coreografia que comp\u00f5e a delega\u00e7\u00e3o da cidade nos Jogos da Melhor Idade (Jomi).<\/span><\/p>\n<p><span style=\"font-weight: 400;\"><\/span><\/p>\n<p><em><sup><span style=\"font-weight: 400;\">Ana Cristina aprovou o novo local da festa | Foto: PMSJC<\/span><\/sup><\/em><\/p>\n<p><span style=\"font-weight: 400;\">Emanuela Moraes aproveitou o hor\u00e1rio de almo\u00e7o para conhecer a festa em benef\u00edcio das entidades sociais. L\u00e1, ela saboreou o famoso p\u00e3o com lingui\u00e7a, que n\u00e3o pode faltar em uma festa junina. \u201cFicou muito bonita a Pra\u00e7a Afonso Pena, \u00e9 muito atrativo para o com\u00e9rcio local.\u201d<\/span><\/p>\n<p><span style=\"font-weight: 400;\">Tamb\u00e9m pela primeira vez no evento, Ana Cristina estava passando pelo local e resolveu dar uma uma espiada para ver o que tinha de bom. \u201cAchei bem legal, e aproveitei para comer churros e palitinho de morango&#8221;, comentou.\u00a0<\/span><\/p>\n<\/p>\n<p><sup><em>Na barraca caipira, a cabine com a moldura instagram\u00e1vel | Foto: PMSJC<\/em><\/sup><\/p>\n<p><span style=\"font-weight: 400;\">A Festa da Bondade segue at\u00e9 s\u00e1bado (29), sempre das 11h \u00e0s 21h. \u00c9 s\u00f3 chegar e participar. Uma das novidades \u00e9 a barraca caipira, com moldura customizada para quem quer compartilhar o momento nas redes sociais.<\/span><\/p>\n<p><span style=\"font-weight: 400;\">Al\u00e9m da venda de comida, lanches, doces e bebidas, haver\u00e1 apresenta\u00e7\u00f5es de dan\u00e7a e shows musicais. A equipe da rua de lazer promover\u00e1 brincadeiras para crian\u00e7as e adolescentes na quinta e sexta-feira, das 13h \u00e0s 17h, e no s\u00e1bado, das 14h \u00e0s 18h.<\/span><\/p>\n<p><span style=\"font-weight: 400;\"><\/span><\/p>\n<p><sup><em><span style=\"font-weight: 400;\">Crian\u00e7as e adolescentes podem participar da rua de lazer | Foto: PMSJC<\/span><\/em><\/sup><\/p>\n<p><span class=\"intertitulo\">Programa\u00e7\u00e3o\u00a0<\/span><\/p>\n<p><strong>Quinta-feira (27)<\/strong><\/p>\n<ul>&#13;<\/p>\n<li style=\"font-weight: 400;\" aria-level=\"1\"><span style=\"font-weight: 400;\">13h \u2013 Quadrilha junina<\/span><\/li>\n<p>&#13;<\/p>\n<li style=\"font-weight: 400;\" aria-level=\"1\"><span style=\"font-weight: 400;\">13h30 \u2013 Dan\u00e7a s\u00eanior<\/span><\/li>\n<p>&#13;<\/p>\n<li style=\"font-weight: 400;\" aria-level=\"1\"><span style=\"font-weight: 400;\">13h45 \u2013 Carimb\u00f3<\/span><\/li>\n<p>&#13;<\/p>\n<li style=\"font-weight: 400;\" aria-level=\"1\"><span style=\"font-weight: 400;\">14h \u2013 Quadrilha junina<\/span><\/li>\n<p>&#13;<\/p>\n<li style=\"font-weight: 400;\" aria-level=\"1\"><span style=\"font-weight: 400;\">18h \u2013 Tributo a Ti\u00e3o Carreiro<\/span><\/li>\n<p>&#13;<\/p>\n<li style=\"font-weight: 400;\" aria-level=\"1\"><span style=\"font-weight: 400;\">19h \u2013 Gilberto e Beto J\u00fanior (violas)<\/span><\/li>\n<p>&#13;\n<\/ul>\n<p><strong>Sexta-feira (28)<\/strong><\/p>\n<ul>&#13;<\/p>\n<li style=\"font-weight: 400;\" aria-level=\"1\"><span style=\"font-weight: 400;\">18h \u2013 Nilton Blau e Cabelo de Milho<\/span><\/li>\n<p>&#13;<\/p>\n<li style=\"font-weight: 400;\" aria-level=\"1\"><span style=\"font-weight: 400;\">19h \u2013 Jeferson Leite (forr\u00f3 de rabeca)<\/span><\/li>\n<p>&#13;<\/p>\n<li style=\"font-weight: 400;\" aria-level=\"1\"><span style=\"font-weight: 400;\">20h30 \u2013 Quadrilha junina infantil (Altos de Santana)<\/span><\/li>\n<p>&#13;\n<\/ul>\n<p><strong>S\u00e1bado (29)<\/strong><\/p>\n<ul>&#13;<\/p>\n<li style=\"font-weight: 400;\" aria-level=\"1\"><span style=\"font-weight: 400;\">13h30 \u2013 Mo\u00e7ambique (Buquirinha)<\/span><\/li>\n<p>&#13;<\/p>\n<li style=\"font-weight: 400;\" aria-level=\"1\"><span style=\"font-weight: 400;\">14h30 \u2013 Folia de reis (Buquirinha)<\/span><\/li>\n<p>&#13;<\/p>\n<li style=\"font-weight: 400;\" aria-level=\"1\"><span style=\"font-weight: 400;\">18h \u2013 Grupo Flori\u00f4 (forr\u00f3 de rabeca e p\u00edfano)<\/span><\/li>\n<p>&#13;<\/p>\n<li style=\"font-weight: 400;\" aria-level=\"1\"><span style=\"font-weight: 400;\">20h \u2013 Banda Balaio de Ostra (Projeto Ra\u00edzes)<\/span><\/li>\n<p>&#13;\n<\/ul>\n<p>&#13;<br \/>\n                        <strong>MAIS NOT\u00cdCIAS<\/strong><br \/>&#13;<br \/>\n                        Secretaria de Governan\u00e7a&#13;\n                    <\/p>\n<\/p><\/div>\n","protected":false},"excerpt":{"rendered":"<p>Cl\u00e1udio Ribeiro&#13; &#13; Secretaria de Governan\u00e7a Colabora\u00e7\u00e3o da estagi\u00e1ria Agata Sales A abertura da Festa<\/p>\n","protected":false},"author":3,"featured_media":0,"comment_status":"open","ping_status":"open","sticky":false,"template":"","format":"standard","meta":{"footnotes":""},"categories":[],"tags":[],"class_list":["post-28729","post","type-post","status-publish","format-standard","hentry"],"amp_enabled":true,"_links":{"self":[{"href":"https:\/\/tvtribunape.com.br\/index.php\/wp-json\/wp\/v2\/posts\/28729","targetHints":{"allow":["GET"]}}],"collection":[{"href":"https:\/\/tvtribunape.com.br\/index.php\/wp-json\/wp\/v2\/posts"}],"about":[{"href":"https:\/\/tvtribunape.com.br\/index.php\/wp-json\/wp\/v2\/types\/post"}],"author":[{"embeddable":true,"href":"https:\/\/tvtribunape.com.br\/index.php\/wp-json\/wp\/v2\/users\/3"}],"replies":[{"embeddable":true,"href":"https:\/\/tvtribunape.com.br\/index.php\/wp-json\/wp\/v2\/comments?post=28729"}],"version-history":[{"count":0,"href":"https:\/\/tvtribunape.com.br\/index.php\/wp-json\/wp\/v2\/posts\/28729\/revisions"}],"wp:attachment":[{"href":"https:\/\/tvtribunape.com.br\/index.php\/wp-json\/wp\/v2\/media?parent=28729"}],"wp:term":[{"taxonomy":"category","embeddable":true,"href":"https:\/\/tvtribunape.com.br\/index.php\/wp-json\/wp\/v2\/categories?post=28729"},{"taxonomy":"post_tag","embeddable":true,"href":"https:\/\/tvtribunape.com.br\/index.php\/wp-json\/wp\/v2\/tags?post=28729"}],"curies":[{"name":"wp","href":"https:\/\/api.w.org\/{rel}","templated":true}]}}