{"id":28779,"date":"2024-06-27T19:35:14","date_gmt":"2024-06-27T22:35:14","guid":{"rendered":"https:\/\/tvtribunape.com.br\/index.php\/2024\/06\/27\/prato-feito-ganha-nova-filial-cozinha-comunitaria-e-inaugurada-na-apae-da-tijuca-prefeitura-da-cidade-do-rio-de-janeiro\/"},"modified":"2024-06-27T19:35:14","modified_gmt":"2024-06-27T22:35:14","slug":"prato-feito-ganha-nova-filial-cozinha-comunitaria-e-inaugurada-na-apae-da-tijuca-prefeitura-da-cidade-do-rio-de-janeiro","status":"publish","type":"post","link":"https:\/\/tvtribunape.com.br\/index.php\/2024\/06\/27\/prato-feito-ganha-nova-filial-cozinha-comunitaria-e-inaugurada-na-apae-da-tijuca-prefeitura-da-cidade-do-rio-de-janeiro\/","title":{"rendered":"Prato Feito ganha nova filial: cozinha comunit\u00e1ria \u00e9 inaugurada na Apae da Tijuca\u00a0 &#8211; Prefeitura da Cidade do Rio de Janeiro"},"content":{"rendered":"<p><\/p>\n<div id=\"main\">\n<div class=\"wrapper-breadcrumbs\" wp_automatic_readability=\"53.876627827279\">\n<div class=\"image-post\" wp_automatic_readability=\"33\">\n                      A equipe do Prato Feito na Cozinha Comunit\u00e1ria Carioca Apae, na Tijuca &#8211; Roberto Moreyra\/SMTE                  <\/div>\n<p>A Apae tem mais um motivo para comemorar os seus 70 anos: a institui\u00e7\u00e3o acaba de ganhar uma filial do Prato Feito. Nesta quinta-feira (27\/6), foi inaugurada a Cozinha Comunit\u00e1ria Carioca Apae, no n\u00famero 41 da Rua Bom Pastor, na Tijuca. Com isso, j\u00e1 s\u00e3o 26 unidades do programa espalhadas pela cidade. E, nesta sexta-feira (28\/6), outras duas cozinhas ser\u00e3o abertas pela Prefeitura do Rio \u2014 uma em Santa Cruz e outra em Realengo.<\/p>\n<blockquote wp_automatic_readability=\"16\">\n<p>-A cidade precisa ser uma cidade para todos, independentemente do CEP ou da cor das pessoas. Sabemos que o que d\u00e1 dignidade \u00e0s pessoas \u00e9 a carteira de trabalho assinada, mas \u00e9 preciso garantir \u00e0quelas que n\u00e3o est\u00e3o trabalhando um direito b\u00e1sico, que \u00e9 o direito \u00e0 alimenta\u00e7\u00e3o \u2013 defendeu o secret\u00e1rio de Trabalho e Renda do Rio, Everton Gomes, acrescentando que, por meio do Prato Feito, j\u00e1 foram servidas 3,7 milh\u00f5es de refei\u00e7\u00f5es.<\/p>\n<\/blockquote>\n<p>Cogerida pela Apae-Rio, a nova cozinha servir\u00e1 280 refei\u00e7\u00f5es gratuitas de segunda-feira a sexta-feira. De acordo com Marcus Soares, presidente da Apae-Rio, a ideia \u00e9 ampliar o n\u00famero de benefici\u00e1rios do projeto. Al\u00e9m dele, participaram da inaugura\u00e7\u00e3o Marcia Carvalho, superintendente da Apae-Rio, o subprefeito da Grande Tijuca, Felipe Quintans, o presidente da Associa\u00e7\u00e3o de Moradores do Salgueiro, Walter Rodrigues, entre outros.<\/p>\n<blockquote wp_automatic_readability=\"13\">\n<p>-O programa \u00e9 necess\u00e1rio, pois muitas pessoas n\u00e3o t\u00eam alimento em casa. \u00c0s vezes, a quentinha daqui \u00e9 a \u00fanica refei\u00e7\u00e3o do dia \u2013 lembra a cozinheira Rosana Est\u00e1cio da Silva, de 58 anos, que prepara, ao lado de ajudantes, as refei\u00e7\u00f5es do Prato Feito na Tijuca.<\/p>\n<\/blockquote>\n<p>Para Florisbela Sim\u00f5es, de 56 anos, o programa veio em boa hora. Moradora do Salgueiro, ela esteve na inaugura\u00e7\u00e3o para pegar uma quentinha para o filho Eric.<\/p>\n<blockquote wp_automatic_readability=\"7\">\n<p>-O projeto \u00e9 muito bom, beneficia as pessoas que n\u00e3o t\u00eam condi\u00e7\u00f5es e n\u00e3o t\u00eam trabalho. A comida \u00e9 crucial \u2013 assinala.<\/p>\n<\/blockquote>\n<p>Nesta sexta-feira, ser\u00e1 inaugurada, \u00e0s 11h, a Cozinha Comunit\u00e1ria Maria Altina, na Estrada dos Palmares 3.935, em Santa Cruz. E, em seguida, a Cozinha Comunit\u00e1ria Casa Matos, na Rua Paula Nei, 548, em Realengo.<\/p>\n<p>             <!-- Compartilhe ---><\/p>\n<p>\t\t\t <!-- TAGS --><\/p>\n<section class=\"category-tags\">\n<div class=\"marcacao-category\">\n<article class=\"category-post\">\n<p>Categoria: <\/p>\n<\/article>\n<li>27 de junho de 2024<\/li><\/div>\n<article class=\"tags\">\n\t\t\t\t\tMarca\u00e7\u00f5es: Apae cozinha comunit\u00e1ria empregos Prato Feito Zona Norte<br \/><\/article>\n<\/section>\n<p>            <!-- Mais Not&iacute;cias --><\/p>\n<p>\t\t<!-- Conte&uacute;do SIDEBAR --><\/p><\/div>\n<\/p><\/div>\n","protected":false},"excerpt":{"rendered":"<p>A equipe do Prato Feito na Cozinha Comunit\u00e1ria Carioca Apae, na Tijuca &#8211; Roberto Moreyra\/SMTE<\/p>\n","protected":false},"author":3,"featured_media":0,"comment_status":"","ping_status":"","sticky":false,"template":"","format":"standard","meta":{"footnotes":""},"categories":[],"tags":[],"class_list":["post-28779","post","type-post","status-publish","format-standard","hentry"],"amp_enabled":true,"_links":{"self":[{"href":"https:\/\/tvtribunape.com.br\/index.php\/wp-json\/wp\/v2\/posts\/28779","targetHints":{"allow":["GET"]}}],"collection":[{"href":"https:\/\/tvtribunape.com.br\/index.php\/wp-json\/wp\/v2\/posts"}],"about":[{"href":"https:\/\/tvtribunape.com.br\/index.php\/wp-json\/wp\/v2\/types\/post"}],"author":[{"embeddable":true,"href":"https:\/\/tvtribunape.com.br\/index.php\/wp-json\/wp\/v2\/users\/3"}],"replies":[{"embeddable":true,"href":"https:\/\/tvtribunape.com.br\/index.php\/wp-json\/wp\/v2\/comments?post=28779"}],"version-history":[{"count":0,"href":"https:\/\/tvtribunape.com.br\/index.php\/wp-json\/wp\/v2\/posts\/28779\/revisions"}],"wp:attachment":[{"href":"https:\/\/tvtribunape.com.br\/index.php\/wp-json\/wp\/v2\/media?parent=28779"}],"wp:term":[{"taxonomy":"category","embeddable":true,"href":"https:\/\/tvtribunape.com.br\/index.php\/wp-json\/wp\/v2\/categories?post=28779"},{"taxonomy":"post_tag","embeddable":true,"href":"https:\/\/tvtribunape.com.br\/index.php\/wp-json\/wp\/v2\/tags?post=28779"}],"curies":[{"name":"wp","href":"https:\/\/api.w.org\/{rel}","templated":true}]}}