{"id":28852,"date":"2024-06-29T01:22:28","date_gmt":"2024-06-29T04:22:28","guid":{"rendered":"https:\/\/tvtribunape.com.br\/index.php\/2024\/06\/29\/agencia-minas-gerais-empresa-de-assistencia-tecnica-promove-dia-do-solo-saudavel-no-sul-minas\/"},"modified":"2024-06-29T01:22:28","modified_gmt":"2024-06-29T04:22:28","slug":"agencia-minas-gerais-empresa-de-assistencia-tecnica-promove-dia-do-solo-saudavel-no-sul-minas","status":"publish","type":"post","link":"https:\/\/tvtribunape.com.br\/index.php\/2024\/06\/29\/agencia-minas-gerais-empresa-de-assistencia-tecnica-promove-dia-do-solo-saudavel-no-sul-minas\/","title":{"rendered":"Ag\u00eancia Minas Gerais | Empresa de Assist\u00eancia T\u00e9cnica promove \u201cDia do Solo Saud\u00e1vel\u201d no Sul Minas"},"content":{"rendered":"<p><\/p>\n<div>\n<p>A conscientiza\u00e7\u00e3o da import\u00e2ncia da conserva\u00e7\u00e3o ambiental vem impondo revis\u00e3o de muitas pr\u00e1ticas e estimulando a ado\u00e7\u00e3o de um manejo agropecu\u00e1rio mais sustent\u00e1vel. Na quarta-feira (3\/7), ser\u00e1 realizado o \u201cDia do Solo Saud\u00e1vel\u201d, no Class Hotel, em Alfenas, no Sul de Minas.\u00a0<\/p>\n<p>A iniciativa\u00a0faz parte do projeto Construindo Solos Saud\u00e1veis, desenvolvido no estado pela Empresa de Assist\u00eancia T\u00e9cnica e Extens\u00e3o Rural (Emater-MG) em parceria com a empresa AG Croppers, e vai apresentar os resultados do trabalho, implementado atualmente em quase todas as regi\u00f5es de Minas Gerais.<\/p>\n<p>O projeto Construindo Solos Saud\u00e1veis come\u00e7ou no Sul de Minas, em 2021, com a implanta\u00e7\u00e3o de 50 unidades demonstrativas de plantas de cobertura. \u201cA iniciativa deu t\u00e3o certo que, no ano seguinte, o n\u00famero de unidades demonstrativas saltou para 150. Em 2023, decidimos levar o projeto para outras regi\u00f5es de Minas, atingindo 600 unidades demonstrativas distribu\u00eddas no estado\u201d, conta o coordenador t\u00e9cnico de Culturas da Emater-MG em Alfenas, Kleso Silva Franco J\u00fanior.<\/p>\n<p><b>Benef\u00edcios das plantas de cobertura<\/b><\/p>\n<p>Cada unidade demonstrativa possui, em m\u00e9dia, 1.000 m\u00b2, e serve de modelo para que os agricultores interessados conhe\u00e7am o sistema. Na implanta\u00e7\u00e3o das unidades, os produtores recebem orienta\u00e7\u00e3o dos t\u00e9cnicos da Emater-MG e um kit (doados pela AGCroppers), com algumas esp\u00e9cies de plantas de cobertura e mix, que \u00e9 destinado ao plantio consorciado com lavouras cafeeiras e frut\u00edferas, solteiras ou consorciados em \u00e1reas de produ\u00e7\u00e3o de gr\u00e3os, silagem e hortali\u00e7as.<\/p>\n<p>\u201cS\u00e3o usadas v\u00e1rias esp\u00e9cies e cada uma tem uma fun\u00e7\u00e3o para melhorar o solo. Essas plantas trazem v\u00e1rios benef\u00edcios para o sistema de produ\u00e7\u00e3o, como a redu\u00e7\u00e3o de temperatura do solo, uma maior infiltra\u00e7\u00e3o e armazenamento de \u00e1gua e a melhoria da mat\u00e9ria org\u00e2nica, entre outros pontos positivos\u201d, esclarece Kleso.\u00a0<\/p>\n<p>Entre as esp\u00e9cies que est\u00e3o sendo trabalhadas no projeto est\u00e3o o guandu, trigo mourisco, milheto, nabo forrageiro, crotal\u00e1ria juncea, crotal\u00e1ria breviflora, crotal\u00e1ria spectabilis e ochroleuca, al\u00e9m dos mix, que s\u00e3o a associa\u00e7\u00e3o de\u00a0duas\u00a0ou mais esp\u00e9cies.<\/p>\n<p><b>Solos doentes<\/b><\/p>\n<p>\u201cAo longo dos anos, os solos foram perdendo caracter\u00edsticas saud\u00e1veis com o manejo inadequado. Muitos deles ficaram doentes com pat\u00f3genos, eros\u00e3o, compacta\u00e7\u00e3o e outros problemas. Precisamos reconstruir esse solo para ele ganhar mais vida e sa\u00fade\u201d, salienta o coordenador estadual de Cafeicultura da Emater-MG, Bernardino Canguss\u00fa (tamb\u00e9m participante do projeto).<\/p>\n<p>O semin\u00e1rio \u201cDia do Solo Saud\u00e1vel\u201d vai destacar este novo modelo de agricultura, baseado em sistemas mais sustent\u00e1veis que permitam, ao mesmo tempo, maiores produtividades e cuidado com o meio ambiente. \u201cO evento \u00e9 destinado a parceiros estrat\u00e9gicos do programa como cooperativas, traders, empresas exportadoras de caf\u00e9 e universidades. Vamos apresentar aos participantes os resultados j\u00e1 alcan\u00e7ados nas Unidades Demonstrativas do projeto Construindo Solos Saud\u00e1veis\u201d, explica Kleso.<\/p>\n<p>As atividades ocorrer\u00e3o, a partir das 8h, no Class Hotel e incluem ainda palestra de mercado de milho e soja e com o consultor agron\u00f4mico Rodrigo Buffon, al\u00e9m de depoimentos de produtores e espa\u00e7o para perguntas. Os agricultores interessados em saber mais sobre o projeto Construindo Solos Saud\u00e1veis podem obter mais informa\u00e7\u00f5es sobre o programa nos escrit\u00f3rios locais da Emater-MG.<\/p>\n<\/p><\/div>\n","protected":false},"excerpt":{"rendered":"<p>A conscientiza\u00e7\u00e3o da import\u00e2ncia da conserva\u00e7\u00e3o ambiental vem impondo revis\u00e3o de muitas pr\u00e1ticas e estimulando<\/p>\n","protected":false},"author":3,"featured_media":0,"comment_status":"","ping_status":"","sticky":false,"template":"","format":"standard","meta":{"footnotes":""},"categories":[],"tags":[],"class_list":["post-28852","post","type-post","status-publish","format-standard","hentry"],"amp_enabled":true,"_links":{"self":[{"href":"https:\/\/tvtribunape.com.br\/index.php\/wp-json\/wp\/v2\/posts\/28852","targetHints":{"allow":["GET"]}}],"collection":[{"href":"https:\/\/tvtribunape.com.br\/index.php\/wp-json\/wp\/v2\/posts"}],"about":[{"href":"https:\/\/tvtribunape.com.br\/index.php\/wp-json\/wp\/v2\/types\/post"}],"author":[{"embeddable":true,"href":"https:\/\/tvtribunape.com.br\/index.php\/wp-json\/wp\/v2\/users\/3"}],"replies":[{"embeddable":true,"href":"https:\/\/tvtribunape.com.br\/index.php\/wp-json\/wp\/v2\/comments?post=28852"}],"version-history":[{"count":0,"href":"https:\/\/tvtribunape.com.br\/index.php\/wp-json\/wp\/v2\/posts\/28852\/revisions"}],"wp:attachment":[{"href":"https:\/\/tvtribunape.com.br\/index.php\/wp-json\/wp\/v2\/media?parent=28852"}],"wp:term":[{"taxonomy":"category","embeddable":true,"href":"https:\/\/tvtribunape.com.br\/index.php\/wp-json\/wp\/v2\/categories?post=28852"},{"taxonomy":"post_tag","embeddable":true,"href":"https:\/\/tvtribunape.com.br\/index.php\/wp-json\/wp\/v2\/tags?post=28852"}],"curies":[{"name":"wp","href":"https:\/\/api.w.org\/{rel}","templated":true}]}}