{"id":28870,"date":"2024-06-29T09:59:59","date_gmt":"2024-06-29T12:59:59","guid":{"rendered":"https:\/\/tvtribunape.com.br\/index.php\/2024\/06\/29\/gcm-ganha-nova-sede-moderna-e-ampla\/"},"modified":"2024-06-29T09:59:59","modified_gmt":"2024-06-29T12:59:59","slug":"gcm-ganha-nova-sede-moderna-e-ampla","status":"publish","type":"post","link":"https:\/\/tvtribunape.com.br\/index.php\/2024\/06\/29\/gcm-ganha-nova-sede-moderna-e-ampla\/","title":{"rendered":"GCM ganha nova sede moderna e ampla"},"content":{"rendered":"<p><\/p>\n<div>\n<p><b>Paula Paz<\/b><br \/>&#13;<br \/>\n&#13;<br \/>\n                <span style=\"font-weight: bold;\">Secretaria de Prote\u00e7\u00e3o ao Cidad\u00e3o<\/span><\/p>\n<p>Na tarde desta sexta-feira (28), a Prefeitura de S\u00e3o Jos\u00e9 entregou a nova sede da Guarda Civil Municipal, agora denominada GCM Ricardo da Silva Camargo, localizada na rua Professor Fel\u00edcio Savastano, 240, na Vila Industrial (regi\u00e3o leste).<\/p>\n<p>A cerim\u00f4nia de inaugura\u00e7\u00e3o contou com a presen\u00e7a do governador em exerc\u00edcio Fel\u00edcio Ramuth, al\u00e9m de diversas autoridades das for\u00e7as de seguran\u00e7a, incluindo representantes da Pol\u00edcia Militar, do munic\u00edpio e demais convidados.<\/p>\n<p>Durante homenagem emocionante, o espa\u00e7o foi batizado em mem\u00f3ria do GCM que perdeu a vida em combate. O descerramento da placa comemorativa teve a presen\u00e7a da filha e da esposa de Camargo.<\/p>\n<p>&#8220;Essa homenagem tem um grande significado para n\u00f3s. Estar aqui e poder participar deste momento demonstra o quanto ele foi querido por todos&#8221;, afirmou Lucilena Cardoso Soares Antunes, esposa do GCM.<\/p>\n<p><sup><em>Lucilene e J\u00falia, esposa e filha do GCM Ricardo da Silva Camargo, receberam homenagem | Foto: Adenir Britto\/PMSJC<\/em><\/sup><\/p>\n<p><span class=\"intertitulo\">Hist\u00f3ria da GCM<\/span><\/p>\n<p>Fundada em 1988, a GCM atualmente possui um contingente de mais de 300 profissionais, incluindo homens e mulheres, sendo 160 contratados na atual gest\u00e3o, todos dedicados a rondas preventivas 24 horas por dia em todos os bairros da cidade.<\/p>\n<p>As opera\u00e7\u00f5es abrangem seguran\u00e7a p\u00fablica, ordenamento urbano e medidas que visam coibir vandalismo e perturba\u00e7\u00e3o do sossego. Al\u00e9m disso, a corpora\u00e7\u00e3o est\u00e1 prestes a receber mais 40 guardas do \u00faltimo concurso p\u00fablico.<\/p>\n<p><span>Em seu discurso o comandante Carlos de Queiroz Alvarez disse que sente orgulho de fazer parte de uma corpora\u00e7\u00e3o que evoluiu tanto ao longo dos anos.\u00a0<\/span><\/p>\n<p>&#8220;\u00c9 emocionante ver o progresso da Guarda Civil Municipal, hoje protegemos n\u00e3o s\u00f3 os equipamentos p\u00fablicos, mas tamb\u00e9m guardamos vidas. Contribu\u00edmos de forma significativa para a redu\u00e7\u00e3o dos \u00edndices criminais da nossa cidade, garantindo a seguran\u00e7a e o bem-estar de todos os cidad\u00e3os&#8221;, declarou o comandante.\u00a0 \u00a0\u00a0<\/p>\n<p><span class=\"intertitulo\">Infraestrutura Modernizada<\/span><\/p>\n<p>Com investimento de R$ 4.972.116,57, a obra da nova sede abrangeu cerca de 2.850 metros quadrados de \u00e1rea constru\u00edda e foi totalmente modernizada.<\/p>\n<p>O amplo espa\u00e7o inclui uma academia de forma\u00e7\u00e3o, refeit\u00f3rio, salas de audi\u00eancia virtual, corregedoria, sala de gerenciamento de crise com minicentral do CSI (Centro de Seguran\u00e7a e Intelig\u00eancia), alojamentos, salas operacionais mais amplas e uma sala exclusiva para as equipes da Patrulha Maria da Penha &#8211; para atendimento \u00e0s mulheres v\u00edtimas de viol\u00eancia dom\u00e9stica.<\/p>\n<p>Um destaque \u00e9 o espa\u00e7o para implanta\u00e7\u00e3o do estande de tiro virtual, que proporcionar\u00e1 treinamento mais avan\u00e7ado e seguro para os agentes.<\/p>\n<p>O pr\u00e9dio tamb\u00e9m abriga a Secretaria de Prote\u00e7\u00e3o ao Cidad\u00e3o e o Departamento de Fiscaliza\u00e7\u00e3o de Posturas Municipais. A Defesa Civil, atualmente localizada em um pr\u00e9dio anexo, passar\u00e1 a ocupar a sede anterior da Fiscaliza\u00e7\u00e3o, triplicando o espa\u00e7o.\u00a0<\/p>\n<p><span class=\"intertitulo\">Investimentos<\/span><\/p>\n<p>Em 2023, a Prefeitura de S\u00e3o Jos\u00e9 realizou investimentos significativos na GCM. Entre as melhorias, est\u00e3o a renova\u00e7\u00e3o da frota de viaturas 100% el\u00e9tricas e motos, aquisi\u00e7\u00e3o de novos \u00f3culos inteligentes e armamentos. Foram criadas novas divis\u00f5es como a Ronda Ostensiva Municipal (Romu) e a Ronda Escolar, com bicicletas el\u00e9tricas e duas bases m\u00f3veis.<\/p>\n<p>Os profissionais da GCM tamb\u00e9m foram beneficiados com um novo plano de carreira, que fortalece as atribui\u00e7\u00f5es no combate \u00e0 criminalidade, conforme o Sistema \u00danico de Seguran\u00e7a P\u00fablica e a Lei Federal 13.022\/14. O plano inclui progress\u00e3o funcional autom\u00e1tica anual, promo\u00e7\u00f5es verticais e a amplia\u00e7\u00e3o do adicional de risco de 35% para 55%.<\/p>\n<p>A inaugura\u00e7\u00e3o da nova sede da Guarda Civil Municipal de S\u00e3o Jos\u00e9 \u00e9 um compromisso cumprido do Plano de Gest\u00e3o 2021-2024 da administra\u00e7\u00e3o municipal.\u00a0<\/p>\n<p>&#13;<br \/>\n                        <strong>MAIS NOT\u00cdCIAS<\/strong><br \/>&#13;<br \/>\n                        Secretaria de Prote\u00e7\u00e3o ao Cidad\u00e3o&#13;\n                    <\/p>\n<\/p><\/div>\n","protected":false},"excerpt":{"rendered":"<p>Paula Paz&#13; &#13; Secretaria de Prote\u00e7\u00e3o ao Cidad\u00e3o Na tarde desta sexta-feira (28), a Prefeitura<\/p>\n","protected":false},"author":3,"featured_media":0,"comment_status":"","ping_status":"","sticky":false,"template":"","format":"standard","meta":{"footnotes":""},"categories":[],"tags":[],"class_list":["post-28870","post","type-post","status-publish","format-standard","hentry"],"amp_enabled":true,"_links":{"self":[{"href":"https:\/\/tvtribunape.com.br\/index.php\/wp-json\/wp\/v2\/posts\/28870","targetHints":{"allow":["GET"]}}],"collection":[{"href":"https:\/\/tvtribunape.com.br\/index.php\/wp-json\/wp\/v2\/posts"}],"about":[{"href":"https:\/\/tvtribunape.com.br\/index.php\/wp-json\/wp\/v2\/types\/post"}],"author":[{"embeddable":true,"href":"https:\/\/tvtribunape.com.br\/index.php\/wp-json\/wp\/v2\/users\/3"}],"replies":[{"embeddable":true,"href":"https:\/\/tvtribunape.com.br\/index.php\/wp-json\/wp\/v2\/comments?post=28870"}],"version-history":[{"count":0,"href":"https:\/\/tvtribunape.com.br\/index.php\/wp-json\/wp\/v2\/posts\/28870\/revisions"}],"wp:attachment":[{"href":"https:\/\/tvtribunape.com.br\/index.php\/wp-json\/wp\/v2\/media?parent=28870"}],"wp:term":[{"taxonomy":"category","embeddable":true,"href":"https:\/\/tvtribunape.com.br\/index.php\/wp-json\/wp\/v2\/categories?post=28870"},{"taxonomy":"post_tag","embeddable":true,"href":"https:\/\/tvtribunape.com.br\/index.php\/wp-json\/wp\/v2\/tags?post=28870"}],"curies":[{"name":"wp","href":"https:\/\/api.w.org\/{rel}","templated":true}]}}