{"id":3407,"date":"2022-05-27T18:05:10","date_gmt":"2022-05-27T21:05:10","guid":{"rendered":"https:\/\/tvtribunape.com.br\/?p=3407"},"modified":"2022-05-27T18:05:10","modified_gmt":"2022-05-27T21:05:10","slug":"aprendendo-nas-ferias-criancas-do-ensino-infantil-da-rede-municipal-recebem-acompanhamento-remoto-durante-as-ferias-de-janeiro-prefeitura-municipal-de-campina-grande","status":"publish","type":"post","link":"https:\/\/tvtribunape.com.br\/index.php\/2022\/05\/27\/aprendendo-nas-ferias-criancas-do-ensino-infantil-da-rede-municipal-recebem-acompanhamento-remoto-durante-as-ferias-de-janeiro-prefeitura-municipal-de-campina-grande\/","title":{"rendered":"Aprendendo nas F\u00e9rias: Crian\u00e7as do ensino infantil da rede municipal recebem acompanhamento remoto durante as f\u00e9rias de janeiro | Prefeitura Municipal de Campina Grande"},"content":{"rendered":"<p>Projeto da Seduc prop\u00f5e atividades l\u00fadicas atrav\u00e9s de plataformas digitais<\/p>\n<p>Entre os dias 10 e 28 de janeiro a Prefeitura de Campina Grande, por meio da Secretaria Municipal de Educa\u00e7\u00e3o (Seduc), promover\u00e1 as a\u00e7\u00f5es do Projeto \u201cVem brincar com a gente!\u201d.  A iniciativa vai oferecer apoio \u00e0s viv\u00eancias l\u00fadicas, das crian\u00e7as matriculadas nas creches e pr\u00e9-escolas de Campina Grande e \u00e0s suas fam\u00edlias, ao longo deste m\u00eas de janeiro, per\u00edodo de f\u00e9rias escolares.<\/p>\n<ul>\n<li><\/li>\n<\/ul>\n<p>O projeto tem ainda como objetivo desenvolver a constru\u00e7\u00e3o das mem\u00f3rias afetivas da inf\u00e2ncia por meio de brincadeiras e atividades l\u00fadicas, realizadas atrav\u00e9s de orienta\u00e7\u00f5es \u00e0s fam\u00edlias, e que acontecer\u00e3o na casa do pr\u00f3prio estudante.<\/p>\n<p>O projeto acontecer\u00e1 de forma remota e a comunica\u00e7\u00e3o, com as crian\u00e7as e suas fam\u00edlias, ser\u00e1 por meio das plataformas digitais (grupos de whatsapp e o google meet), atrav\u00e9s de mensagens em \u00e1udios e v\u00eddeos. Assim, diariamente, as crian\u00e7as viver\u00e3o momentos de descontra\u00e7\u00e3o com suas fam\u00edlias, com brincadeiras, descontra\u00e7\u00e3o, imagina\u00e7\u00e3o e muita criatividade.<\/p>\n<p>De acordo com a gerente de ensino infantil do munic\u00edpio, Karla Correia, as atividades l\u00fadicas t\u00eam um efeito positivo no desenvolvimento das crian\u00e7as e refor\u00e7a os la\u00e7os dentro dos ambientes familiares.<\/p>\n<p>\u201cQueremos contribuir para o desenvolvimento cognitivo deste nosso p\u00fablico. As brincadeiras auxiliam nas habilidades diversas, na criatividade, nas quest\u00f5es motoras e no fortalecimento dos v\u00ednculos com a fam\u00edlia\u201d, ressaltou Karla.<\/p>\n<p>Codecom<\/p>\n<p>Fonte: <a href=\"\/\/campinagrande.pb.gov.br\/aprendendo-nas-ferias-criancas-do-ensino-infantil-da-rede-municipal-recebem-acompanhamento-remoto-durante-as-ferias-de-janeiro\" title=\"campinagrande.pb.gov.br\/aprendendo-nas-ferias-criancas-do-ensino-infantil-da-rede-municipal-recebem-acompanhamento-remoto-durante-as-ferias-de-janeiro\" target=\"_blank\" rel=\"bookmark noopener\"><cite>campinagrande.pb.gov.br\/aprendendo-nas-ferias-criancas-do-ensino-infantil-da-rede-municipal-recebem-acompanhamento-remoto-durante-as-ferias-de-janeiro<\/cite><\/a><\/p>\n","protected":false},"excerpt":{"rendered":"<p>Projeto da Seduc prop\u00f5e atividades l\u00fadicas atrav\u00e9s de plataformas digitais Entre os dias 10 e<\/p>\n","protected":false},"author":1,"featured_media":0,"comment_status":"closed","ping_status":"closed","sticky":false,"template":"","format":"standard","meta":{"footnotes":""},"categories":[1],"tags":[],"class_list":["post-3407","post","type-post","status-publish","format-standard","hentry","category-noticias"],"amp_enabled":true,"_links":{"self":[{"href":"https:\/\/tvtribunape.com.br\/index.php\/wp-json\/wp\/v2\/posts\/3407","targetHints":{"allow":["GET"]}}],"collection":[{"href":"https:\/\/tvtribunape.com.br\/index.php\/wp-json\/wp\/v2\/posts"}],"about":[{"href":"https:\/\/tvtribunape.com.br\/index.php\/wp-json\/wp\/v2\/types\/post"}],"author":[{"embeddable":true,"href":"https:\/\/tvtribunape.com.br\/index.php\/wp-json\/wp\/v2\/users\/1"}],"replies":[{"embeddable":true,"href":"https:\/\/tvtribunape.com.br\/index.php\/wp-json\/wp\/v2\/comments?post=3407"}],"version-history":[{"count":1,"href":"https:\/\/tvtribunape.com.br\/index.php\/wp-json\/wp\/v2\/posts\/3407\/revisions"}],"predecessor-version":[{"id":3408,"href":"https:\/\/tvtribunape.com.br\/index.php\/wp-json\/wp\/v2\/posts\/3407\/revisions\/3408"}],"wp:attachment":[{"href":"https:\/\/tvtribunape.com.br\/index.php\/wp-json\/wp\/v2\/media?parent=3407"}],"wp:term":[{"taxonomy":"category","embeddable":true,"href":"https:\/\/tvtribunape.com.br\/index.php\/wp-json\/wp\/v2\/categories?post=3407"},{"taxonomy":"post_tag","embeddable":true,"href":"https:\/\/tvtribunape.com.br\/index.php\/wp-json\/wp\/v2\/tags?post=3407"}],"curies":[{"name":"wp","href":"https:\/\/api.w.org\/{rel}","templated":true}]}}