{"id":3495,"date":"2022-05-30T19:24:03","date_gmt":"2022-05-30T22:24:03","guid":{"rendered":"https:\/\/tvtribunape.com.br\/?p=3495"},"modified":"2022-05-30T19:24:03","modified_gmt":"2022-05-30T22:24:03","slug":"recife-anuncia-suspensao-das-festas-do-sao-joao-e-destina-recursos-para-socorrer-vitimas-das-chuvas-sim-noticias","status":"publish","type":"post","link":"https:\/\/tvtribunape.com.br\/index.php\/2022\/05\/30\/recife-anuncia-suspensao-das-festas-do-sao-joao-e-destina-recursos-para-socorrer-vitimas-das-chuvas-sim-noticias\/","title":{"rendered":"Recife anuncia suspens\u00e3o das festas do S\u00e3o Jo\u00e3o e destina recursos para socorrer v\u00edtimas das chuvas &#8211; Sim Not\u00edcias"},"content":{"rendered":"\n<p>As festividades de S\u00e3o Jo\u00e3o est\u00e3o suspensas no Recife. O an\u00fancio foi feito na manh\u00e3 desta segunda-feira (30), pelo prefeito Jo\u00e3o Campos (PSB). Desta forma, o munic\u00edpio pode redirecionar R$ 15 milh\u00f5es em recursos para as a\u00e7\u00f5es de amparo \u00e0s v\u00edtimas. <strong>Pernambuco tem\u00a0mais de 90 mortos em consequ\u00eancia das fortes chuvas<\/strong>, desde a quarta-feira (25).<\/p>\n<p>&#8220;Nesse momento, temos 3,5 mil recifenses que est\u00e3o nos nossos abrigos. A Prefeitura do Recife est\u00e1 suspendendo o S\u00e3o Jo\u00e3o, o S\u00e3o Pedro e os festejos juninos. Com isso, n\u00f3s vamos incrementar em R$ 15 milh\u00f5es as a\u00e7\u00f5es direcionadas para as fam\u00edlias atingidas e ao longo da semana a gente vai compartilhar com voc\u00eas v\u00e1rias outras medidas de prioriza\u00e7\u00e3o para as fam\u00edlias, para as v\u00edtimas, para as pessoas que foram fortemente atingidas nesse momento\u201d, disse o prefeito durante visita \u00e0 Creche Escola Miguel Arraes, um dos 41 abrigos provis\u00f3rios que a Prefeitura disponibilizou.<\/p>\n<p>De acordo com o governo do estado, no final da manh\u00e3 desta segunda-feira (30),\u00a0<strong>havia 26 desaparecidos; as buscas chegaram ao terceiro dia<\/strong>. Cerca de 5 mil pessoas est\u00e3o desabrigadas no estado.<\/p>\n<h4>Por Daniel Gomes, g1 PE<\/h4>\n<\/p>\n<p>Fonte: <a href=\"\/\/simnoticiaspe.com.br\/recife-anuncia-suspensao-das-festas-do-sao-joao-e-destina-recursos-para-socorrer-vitimas-das-chuvas\" title=\"simnoticiaspe.com.br\/recife-anuncia-suspensao-das-festas-do-sao-joao-e-destina-recursos-para-socorrer-vitimas-das-chuvas\" target=\"_blank\" rel=\"bookmark noopener\"><cite>simnoticiaspe.com.br\/recife-anuncia-suspensao-das-festas-do-sao-joao-e-destina-recursos-para-socorrer-vitimas-das-chuvas<\/cite><\/a><\/p>\n","protected":false},"excerpt":{"rendered":"<p>As festividades de S\u00e3o Jo\u00e3o est\u00e3o suspensas no Recife. O an\u00fancio foi feito na manh\u00e3<\/p>\n","protected":false},"author":1,"featured_media":0,"comment_status":"closed","ping_status":"closed","sticky":false,"template":"","format":"standard","meta":{"footnotes":""},"categories":[1],"tags":[],"class_list":["post-3495","post","type-post","status-publish","format-standard","hentry","category-noticias"],"amp_enabled":true,"_links":{"self":[{"href":"https:\/\/tvtribunape.com.br\/index.php\/wp-json\/wp\/v2\/posts\/3495","targetHints":{"allow":["GET"]}}],"collection":[{"href":"https:\/\/tvtribunape.com.br\/index.php\/wp-json\/wp\/v2\/posts"}],"about":[{"href":"https:\/\/tvtribunape.com.br\/index.php\/wp-json\/wp\/v2\/types\/post"}],"author":[{"embeddable":true,"href":"https:\/\/tvtribunape.com.br\/index.php\/wp-json\/wp\/v2\/users\/1"}],"replies":[{"embeddable":true,"href":"https:\/\/tvtribunape.com.br\/index.php\/wp-json\/wp\/v2\/comments?post=3495"}],"version-history":[{"count":1,"href":"https:\/\/tvtribunape.com.br\/index.php\/wp-json\/wp\/v2\/posts\/3495\/revisions"}],"predecessor-version":[{"id":3496,"href":"https:\/\/tvtribunape.com.br\/index.php\/wp-json\/wp\/v2\/posts\/3495\/revisions\/3496"}],"wp:attachment":[{"href":"https:\/\/tvtribunape.com.br\/index.php\/wp-json\/wp\/v2\/media?parent=3495"}],"wp:term":[{"taxonomy":"category","embeddable":true,"href":"https:\/\/tvtribunape.com.br\/index.php\/wp-json\/wp\/v2\/categories?post=3495"},{"taxonomy":"post_tag","embeddable":true,"href":"https:\/\/tvtribunape.com.br\/index.php\/wp-json\/wp\/v2\/tags?post=3495"}],"curies":[{"name":"wp","href":"https:\/\/api.w.org\/{rel}","templated":true}]}}