{"id":37472,"date":"2025-02-19T21:53:58","date_gmt":"2025-02-20T00:53:58","guid":{"rendered":"https:\/\/tvtribunape.com.br\/index.php\/2025\/02\/19\/governadora-e-presidente-celebram-inauguracao-da-fabrica-de-medicamento-recombinante-na-hemobras\/"},"modified":"2025-02-19T21:53:58","modified_gmt":"2025-02-20T00:53:58","slug":"governadora-e-presidente-celebram-inauguracao-da-fabrica-de-medicamento-recombinante-na-hemobras","status":"publish","type":"post","link":"https:\/\/tvtribunape.com.br\/index.php\/2025\/02\/19\/governadora-e-presidente-celebram-inauguracao-da-fabrica-de-medicamento-recombinante-na-hemobras\/","title":{"rendered":"Governadora e presidente celebram inaugura\u00e7\u00e3o da f\u00e1brica de medicamento recombinante na Hemobr\u00e1s"},"content":{"rendered":"<p><\/p>\n<div>\n<p>\u201cNesta \u00e1rea, onde s\u00f3 se via falar em cana-de-a\u00e7\u00facar, hoje temos gera\u00e7\u00e3o de emprego e renda e jovens da regi\u00e3o trabalhando na ind\u00fastria farmac\u00eautica. Aqui falamos de futuro, de investimento. \u00c9 muito bom ver Pernambuco crescer e ver que esse crescimento pode ser descentralizado\u201d. Assim foi a celebra\u00e7\u00e3o da governadora Raquel Lyra com o presidente Lula na inaugura\u00e7\u00e3o do bloco do parque fabril da Hemobr\u00e1s que vai produzir o medicamento recombinante (Hemo-8R). Na solenidade de inaugura\u00e7\u00e3o, realizada nesta quinta-feira (4) na \u00e1rea externa da Hemobr\u00e1s, em Goiana, na Zona da Mata Norte, a governadora e o presidente descerraram a placa da nova unidade, com a presen\u00e7a de funcion\u00e1rios da estatal, al\u00e9m de visitarem as instala\u00e7\u00f5es do complexo. A produ\u00e7\u00e3o ser\u00e1 feita por biotecnologia, com a fabrica\u00e7\u00e3o nacionalmente do Hemo-8R, Fator VIII Recombinante, medicamento usado para tratamento da hemofilia A. A previs\u00e3o \u00e9 de que em 2025 a nova f\u00e1brica esteja em atividade, com distribui\u00e7\u00e3o dos produtos para o Sistema \u00danico de Sa\u00fade (SUS). A vice-governadora Priscila Krause tamb\u00e9m acompanhou a inaugura\u00e7\u00e3o da unidade.<\/p>\n<p>\u201c\u00c9 muito bom ver Pernambuco crescer e saber que esse crescimento pode garantir oportunidade de sonhos novos e esperan\u00e7a para todo o nosso Estado. Agrade\u00e7o ao governo federal por esse fomento \u00e0 pesquisa, ci\u00eancia e tecnologia que vai mudar a vida de muitos brasileiros. O fortalecimento do Sistema \u00danico de Sa\u00fade \u00e9 muito importante para nosso Estado e aqui est\u00e1 plantada uma f\u00e1brica sonhada muito tempo atr\u00e1s, por idealizadores pernambucanos, que vai promover uma nova realidade\u201d, destacou a governadora Raquel Lyra.<\/p>\n<p>Na defesa da constru\u00e7\u00e3o do polo, o presidente Lula disse que o complexo compete com outros pa\u00edses. \u201cA inaugura\u00e7\u00e3o desta planta n\u00e3o marca apenas o in\u00edcio da produ\u00e7\u00e3o nacional de todo o parque industrial da Hemobr\u00e1s. \u00c9, tamb\u00e9m, uma resposta concreta \u00e0 estrat\u00e9gia nacional para o desenvolvimento do complexo econ\u00f4mico-industrial da sa\u00fade que lan\u00e7amos ano passado. Nosso objetivo ao criar essa estrat\u00e9gia \u00e9 expandir a produ\u00e7\u00e3o nacional de \u00edndices priorit\u00e1rios para o SUS, al\u00e9m de reduzir a nossa depend\u00eancia de insumos, medicamentos, vacinas e outros produtos de estrangeiros da sa\u00fade\u201d, afirmou.<\/p>\n<figure class=\"wp-block-image size-large\"><\/figure>\n<p><strong>INFRAESTRUTURA<\/strong>\u00a0\u2013 O investimento previsto em infraestrutura \u00e9 de aproximadamente R$ 1,2 bilh\u00e3o. A nova f\u00e1brica corresponde ao Bloco B07 dentro do Complexo da Hemobr\u00e1s e tem uma capacidade produtiva de 1,2 bilh\u00e3o de UIs (medida internacional usada na ind\u00fastria farmac\u00eautica) de Fator VIII recombinante.<\/p>\n<p>\u201cEssa f\u00e1brica vai servir a tantas pessoas que sofrem com hemofilia e o Brasil tem autonomia da produ\u00e7\u00e3o desse medicamento com a unidade. A Hemobr\u00e1s \u00e9 um s\u00edmbolo da ci\u00eancia, tecnologia e sa\u00fade do Brasil\u201d, registrou a ministra da Sa\u00fade, N\u00edsia Trindade. A presidenta da Hemobr\u00e1s, Ana Paula Menezes, destacou a import\u00e2ncia da unidade. \u201cAqui entendemos que o sangue \u00e9 uma quest\u00e3o nacional. E \u00e9 assim assim que afirmo que estamos prontos e podemos assumir qualquer desafio que possa vir para o futuro\u201d, enfatizou.<br \/>Com a f\u00e1brica em pleno funcionamento, o medicamento passar\u00e1 a ser produzido nacionalmente para atendimento de 100% da demanda do SUS em Hemo-8R. At\u00e9 o momento, ele \u00e9 distribu\u00eddo pela Hemobr\u00e1s aos pacientes do SUS atrav\u00e9s de uma Parceria de Desenvolvimento Produtiva (PDP) com a farmac\u00eautica Takeda.<\/p>\n<p>O Hemo-8R \u00e9 utilizado pelos pacientes com Hemofilia A, que somam hoje em torno de 15 mil pessoas no Brasil, o quarto pa\u00eds com a maior popula\u00e7\u00e3o de pessoas com a doen\u00e7a no mundo. O medicamento recombinante \u00e9 produzido a partir de c\u00e9lulas geneticamente modificadas que cont\u00eam o gene humano do fator VIII de coagula\u00e7\u00e3o.<\/p>\n<p>Em um discurso feito antes da governadora e do presidente, Jo\u00e3o Paulo Pessoa, um dos convidados para o evento, disse que era hemof\u00edlico e comemorou a presen\u00e7a da nova ind\u00fastria. \u201cTomo Hemo-8R e hoje \u00e9 um dia muito importante porque vai inaugurar uma f\u00e1brica que vai trazer muitos benef\u00edcios. Eu carrego um pedacinho da Hemobr\u00e1s em meu cora\u00e7\u00e3o\u201d, celebrou.<\/p>\n<p>O prefeito de Goiana, Eduardo Hon\u00f3rio, parabenizou e agradeceu pela nova unidade da Hemobr\u00e1s e disse que essa \u00e9 \u201cuma resposta importante de que o sonho pode virar realidade\u201d.<\/p>\n<p>Estiveram presentes na solenidade os ministros Andr\u00e9 de Paula (Pesca e Aquicultura), Luciana Santos (Ci\u00eancia e Tecnologia), Silvio Costa Filho (Portos e Aeroportos), Rui Costa (Casa Civil), Waldez G\u00f3es (Integra\u00e7\u00e3o e do Desenvolvimento Regional); e Alexandre Padilha (Rela\u00e7\u00f5es Institucionais); os senadores Fernando Dueire, Humberto Costa e Teresa Leit\u00e3o; os deputados federais Luciano Bivar, Maria Arraes, Clodoaldo Magalh\u00e3es, Iza Arruda e Lula da Fonte; as secret\u00e1rias estaduais Zilda Cavalcanti (Sa\u00fade), Mariana Melo (Mulher), Ana Luiza Ferreira (Meio Ambiente, Sustentabilidade e Fernando de Noronha) e o secret\u00e1rio Guilherme Cavalcanti (Desenvolvimento Econ\u00f4mico). Prefeitos e representantes de institui\u00e7\u00f5es parceiras tamb\u00e9m acompanharam o evento.<\/p>\n<p>Fotos: Hes\u00edodo G\u00f3es\/Secom.<\/p>\n<\/p><\/div>\n","protected":false},"excerpt":{"rendered":"<p>\u201cNesta \u00e1rea, onde s\u00f3 se via falar em cana-de-a\u00e7\u00facar, hoje temos gera\u00e7\u00e3o de emprego e<\/p>\n","protected":false},"author":1,"featured_media":0,"comment_status":"","ping_status":"","sticky":false,"template":"","format":"standard","meta":{"footnotes":""},"categories":[103],"tags":[],"class_list":["post-37472","post","type-post","status-publish","format-standard","hentry","category-campeonato-pernambucano"],"amp_enabled":true,"_links":{"self":[{"href":"https:\/\/tvtribunape.com.br\/index.php\/wp-json\/wp\/v2\/posts\/37472","targetHints":{"allow":["GET"]}}],"collection":[{"href":"https:\/\/tvtribunape.com.br\/index.php\/wp-json\/wp\/v2\/posts"}],"about":[{"href":"https:\/\/tvtribunape.com.br\/index.php\/wp-json\/wp\/v2\/types\/post"}],"author":[{"embeddable":true,"href":"https:\/\/tvtribunape.com.br\/index.php\/wp-json\/wp\/v2\/users\/1"}],"replies":[{"embeddable":true,"href":"https:\/\/tvtribunape.com.br\/index.php\/wp-json\/wp\/v2\/comments?post=37472"}],"version-history":[{"count":0,"href":"https:\/\/tvtribunape.com.br\/index.php\/wp-json\/wp\/v2\/posts\/37472\/revisions"}],"wp:attachment":[{"href":"https:\/\/tvtribunape.com.br\/index.php\/wp-json\/wp\/v2\/media?parent=37472"}],"wp:term":[{"taxonomy":"category","embeddable":true,"href":"https:\/\/tvtribunape.com.br\/index.php\/wp-json\/wp\/v2\/categories?post=37472"},{"taxonomy":"post_tag","embeddable":true,"href":"https:\/\/tvtribunape.com.br\/index.php\/wp-json\/wp\/v2\/tags?post=37472"}],"curies":[{"name":"wp","href":"https:\/\/api.w.org\/{rel}","templated":true}]}}