{"id":39104,"date":"2025-03-20T12:31:08","date_gmt":"2025-03-20T15:31:08","guid":{"rendered":"https:\/\/tvtribunape.com.br\/index.php\/2025\/03\/20\/sessao-da-tarde-exibe-hoje-quinta-20-03-na-globo-nossa-uniao-muita-confusao\/"},"modified":"2025-03-20T12:31:08","modified_gmt":"2025-03-20T15:31:08","slug":"sessao-da-tarde-exibe-hoje-quinta-20-03-na-globo-nossa-uniao-muita-confusao","status":"publish","type":"post","link":"https:\/\/tvtribunape.com.br\/index.php\/2025\/03\/20\/sessao-da-tarde-exibe-hoje-quinta-20-03-na-globo-nossa-uniao-muita-confusao\/","title":{"rendered":"Sess\u00e3o da Tarde exibe Hoje, Quinta (20\/03) na Globo, Nossa Uni\u00e3o, Muita Confus\u00e3o"},"content":{"rendered":"<p> Por MRNews<br \/>\n<\/p>\n<div wp_automatic_readability=\"87.765086206897\">\n<p>COnfira a programa\u00e7\u00e3o da Globo\u00a0 <strong>hoje, 20\/03\/<\/strong><strong>2024 e que horas come\u00e7am os filmes de hoje.\u00a0<\/strong><\/p>\n<div wp_automatic_readability=\"26\">\n<p><strong>Quinta-feira, 20\/03\/2025<\/strong><\/p>\n<p>Sess\u00e3o da Tarde<\/p>\n<p>Nossa Uni\u00e3o, Muita Confus\u00e3o<\/p>\n<p>T\u00edtulo Original: Our Family Wedding<\/p>\n<p>Pa\u00eds de Origem: Americana<\/p>\n<p>Ano de Produ\u00e7\u00e3o: 2010<\/p>\n<p>Diretor: Rick Famuyiwa<\/p>\n<p>Elenco: America Ferrera, Forest Whitaker, Carlos Mencia, Regina King, Lance<\/p>\n<p>Gross, Diana Maria Riva<\/p>\n<p>Classe: Com\u00e9dia, romance<\/p>\n<p>Mo\u00e7a de fam\u00edlia mexicana e rapaz de fam\u00edlia afro-americana resolvem se casar, mas pais batem de frente, na tentativa de preservarem as pr\u00f3prias culturas.<\/p>\n<\/div>\n<p><strong>Sess\u00e3o da Tarde de Quinta-feira, 20\/03\/2025: \u201cNossa Uni\u00e3o, Muita Confus\u00e3o\u201d<\/strong><\/p>\n<p>Na pr\u00f3xima quinta-feira, 20 de mar\u00e7o de 2025, a Sess\u00e3o da Tarde exibir\u00e1 a com\u00e9dia rom\u00e2ntica \u201cNossa Uni\u00e3o, Muita Confus\u00e3o\u201d (t\u00edtulo original: \u201cOur Family Wedding\u201d), dirigida por Rick Famuyiwa e lan\u00e7ada em 2010. O filme conta com um elenco de peso, incluindo America Ferrera, Forest Whitaker, Carlos Mencia, Regina King e Lance Gross.<\/p>\n<p><strong>Sinopse<\/strong><\/p>\n<p>Lucia (America Ferrera) e Marcus (Lance Gross) s\u00e3o um jovem casal que, ap\u00f3s conclu\u00edrem seus estudos universit\u00e1rios, decidem se casar. No entanto, ao anunciarem o noivado, enfrentam uma s\u00e9rie de desafios impostos por suas fam\u00edlias. Os pais de Lucia, de origem mexicana, e os de Marcus, afro-americanos, entram em conflito ao tentarem organizar a cerim\u00f4nia de acordo com suas respectivas culturas. O resultado \u00e9 uma sequ\u00eancia de situa\u00e7\u00f5es c\u00f4micas e tensas, nas quais o casal aprende que o casamento n\u00e3o \u00e9 apenas a uni\u00e3o de duas pessoas, mas tamb\u00e9m de duas fam\u00edlias com tradi\u00e7\u00f5es distintas.<\/p>\n<p><strong>Elenco Principal<\/strong><\/p>\n<ul>\n<li>America Ferrera como Lucia Ramirez<\/li>\n<li>Lance Gross como Marcus Boyd<\/li>\n<li>Forest Whitaker como Brad Boyd<\/li>\n<li>Carlos Mencia como Miguel Ramirez<\/li>\n<li>Regina King como Angela<\/li>\n<li>Diana Maria Riva como Sonia Ramirez<\/li>\n<\/ul>\n<p><strong>Recep\u00e7\u00e3o<\/strong><\/p>\n<p>\u201cNossa Uni\u00e3o, Muita Confus\u00e3o\u201d recebeu cr\u00edticas mistas. No site Rotten Tomatoes, possui uma aprova\u00e7\u00e3o de 13%, indicando avalia\u00e7\u00f5es predominantemente negativas. O consenso geral aponta que, apesar de um elenco talentoso, o filme n\u00e3o conseguiu explorar todo o potencial de sua premissa, resultando em uma com\u00e9dia previs\u00edvel e sem grandes destaques.<\/p>\n<p><strong>Temas Abordados<\/strong><\/p>\n<p>O filme aborda quest\u00f5es relevantes sobre diferen\u00e7as culturais, preconceitos e a import\u00e2ncia da aceita\u00e7\u00e3o m\u00fatua. Ao retratar o choque entre duas fam\u00edlias de origens distintas, a narrativa explora os desafios e as recompensas de se construir uma nova fam\u00edlia baseada no respeito e na compreens\u00e3o.<\/p>\n<p><strong>Curiosidades<\/strong><\/p>\n<ul>\n<li>Este filme marcou uma das primeiras colabora\u00e7\u00f5es entre America Ferrera e Forest Whitaker.<\/li>\n<li>A produ\u00e7\u00e3o destaca a diversidade cultural presente nos Estados Unidos, trazendo \u00e0 tona discuss\u00f5es sobre identidade e tradi\u00e7\u00e3o.<\/li>\n<\/ul>\n<p>N\u00e3o perca \u201cNossa Uni\u00e3o, Muita Confus\u00e3o\u201d na Sess\u00e3o da Tarde de quinta-feira, 20 de mar\u00e7o de 2025, e prepare-se para se divertir com as confus\u00f5es e aprendizados desse casal e suas fam\u00edlias.<\/p>\n<p>Para mais detalhes, confira o trailer abaixo:<\/p>\n<p>\ue200video\ue202Trailer de \u201cNossa Uni\u00e3o, Muita Confus\u00e3o\u201d\ue202turn0search14\ue201<\/p>\n<p><!-- CONTENT END 2 --><\/p><\/div>\n","protected":false},"excerpt":{"rendered":"<p>Por MRNews COnfira a programa\u00e7\u00e3o da Globo\u00a0 hoje, 20\/03\/2024 e que horas come\u00e7am os filmes<\/p>\n","protected":false},"author":1,"featured_media":0,"comment_status":"","ping_status":"","sticky":false,"template":"","format":"standard","meta":{"footnotes":""},"categories":[1],"tags":[],"class_list":["post-39104","post","type-post","status-publish","format-standard","hentry","category-noticias"],"amp_enabled":true,"_links":{"self":[{"href":"https:\/\/tvtribunape.com.br\/index.php\/wp-json\/wp\/v2\/posts\/39104","targetHints":{"allow":["GET"]}}],"collection":[{"href":"https:\/\/tvtribunape.com.br\/index.php\/wp-json\/wp\/v2\/posts"}],"about":[{"href":"https:\/\/tvtribunape.com.br\/index.php\/wp-json\/wp\/v2\/types\/post"}],"author":[{"embeddable":true,"href":"https:\/\/tvtribunape.com.br\/index.php\/wp-json\/wp\/v2\/users\/1"}],"replies":[{"embeddable":true,"href":"https:\/\/tvtribunape.com.br\/index.php\/wp-json\/wp\/v2\/comments?post=39104"}],"version-history":[{"count":0,"href":"https:\/\/tvtribunape.com.br\/index.php\/wp-json\/wp\/v2\/posts\/39104\/revisions"}],"wp:attachment":[{"href":"https:\/\/tvtribunape.com.br\/index.php\/wp-json\/wp\/v2\/media?parent=39104"}],"wp:term":[{"taxonomy":"category","embeddable":true,"href":"https:\/\/tvtribunape.com.br\/index.php\/wp-json\/wp\/v2\/categories?post=39104"},{"taxonomy":"post_tag","embeddable":true,"href":"https:\/\/tvtribunape.com.br\/index.php\/wp-json\/wp\/v2\/tags?post=39104"}],"curies":[{"name":"wp","href":"https:\/\/api.w.org\/{rel}","templated":true}]}}