{"id":39105,"date":"2025-03-20T12:38:08","date_gmt":"2025-03-20T15:38:08","guid":{"rendered":"https:\/\/tvtribunape.com.br\/index.php\/2025\/03\/20\/moradores-de-gramame-recebem-os-servicos-da-caravana-do-cuidar-nesta-sexta-feira\/"},"modified":"2025-03-20T12:38:08","modified_gmt":"2025-03-20T15:38:08","slug":"moradores-de-gramame-recebem-os-servicos-da-caravana-do-cuidar-nesta-sexta-feira","status":"publish","type":"post","link":"https:\/\/tvtribunape.com.br\/index.php\/2025\/03\/20\/moradores-de-gramame-recebem-os-servicos-da-caravana-do-cuidar-nesta-sexta-feira\/","title":{"rendered":"Moradores de Gramame recebem os servi\u00e7os da Caravana do Cuidar nesta sexta-feira"},"content":{"rendered":"<p><\/p>\n<div>\n<p>Os moradores do bairro de Gramame, recebem, nesta sexta-feira (21), a Caravana do Cuidar. A iniciativa \u00e9 promovida pela Prefeitura Municipal de Jo\u00e3o Pessoa, por meio da Secretaria de Direitos Humanos e Cidadania (Sedhuc), em parceria com outras secretarias municipais, com o objetivo de tornar os servi\u00e7os de sa\u00fade, assist\u00eancia social, embelezamento, empregabilidade e direito do consumidor ainda mais acess\u00edveis para a popula\u00e7\u00e3o.<\/p>\n<figure class=\"wp-block-gallery has-nested-images columns-default is-cropped wp-block-gallery-1 is-layout-flex wp-block-gallery-is-layout-flex\">\n<figure class=\"wp-block-image size-large\"><\/figure>\n<figure class=\"wp-block-image size-large\"><\/figure>\n<figure class=\"wp-block-image size-large\"><\/figure>\n<\/figure>\n<p>A estrutura ser\u00e1 montada na rua Pedro Fidelis da Silva, n\u00ba 143, na regi\u00e3o do Parque do Sol, das 8h \u00e0s 12h. <\/p>\n<p>Dos servi\u00e7os de assist\u00eancia social, estar\u00e1 presente o Cad\u00danico, porta de entrada para diversos programas sociais do Governo Federal; o Programa Crian\u00e7a Feliz, que acompanha gestantes e crian\u00e7as de at\u00e9 seis anos para um desenvolvimento integral; al\u00e9m da equipe do Centro de Refer\u00eancia da Assist\u00eancia Social (CRAS) do bairro.<\/p>\n<p>Nesta edi\u00e7\u00e3o,, os jovens v\u00e3o poder aproveitar a presen\u00e7a da Junta Militar, realizando o alistamento para jovens que completam 18 anos no per\u00edodo de 1\u00ba de janeiro a 30 de junho; E as oportunidades no mercado de trabalho ser\u00e3o ofertadas pelo Programa Acessuas Trabalho, que disponibiliza cursos profissionalizantes e oportunidades de emprego pelo programa Jovem Aprendiz, direcionado para jovens de 14 a 24 anos de idade.<\/p>\n<p>Em parceria com a Secretaria Municipal de Sa\u00fade (SMS), ser\u00e3o ofertados os servi\u00e7os de vacina\u00e7\u00e3o; aferi\u00e7\u00e3o de press\u00e3o arterial; teste r\u00e1pido de glicemia; consultas m\u00e9dicas, com encaminhamento para exames; atendimentos de auriculoterapia; atendimento odontol\u00f3gico, promovido pela equipe do Odontom\u00f3vel; al\u00e9m da emiss\u00e3o do cart\u00e3o SUS.<\/p>\n<p>O Procon-JP estar\u00e1 presente auxiliando os moradores em rela\u00e7\u00e3o \u00e0s demandas consumeristas. Assim como os atendimentos da Defensoria P\u00fablica do Estado; os artes\u00e3os e empreendedores da Secretaria Executiva da Participa\u00e7\u00e3o Popular (SEPP) que exp\u00f5em seus produtos na Feira Cultural e o Castram\u00f3vel, que participa da a\u00e7\u00e3o realizando agendamentos.<\/p>\n<p><strong>Documenta\u00e7\u00e3o \u2013<\/strong> Alguns cadastros exigem a apresenta\u00e7\u00e3o de documentos originais pessoais, e de todos os integrantes da casa, s\u00e3o eles: RG, CPF, T\u00edtulo de Eleitor, Carteira de Trabalho, Certid\u00e3o de nascimento ou casamento, comprovante de resid\u00eancia (ou declara\u00e7\u00e3o do PSF), c\u00f3digo da Unidade de Sa\u00fade (PSF) e declara\u00e7\u00e3o escolar. <\/p>\n<\/p><\/div>\n","protected":false},"excerpt":{"rendered":"<p>Os moradores do bairro de Gramame, recebem, nesta sexta-feira (21), a Caravana do Cuidar. A<\/p>\n","protected":false},"author":1,"featured_media":0,"comment_status":"","ping_status":"","sticky":false,"template":"","format":"standard","meta":{"footnotes":""},"categories":[1],"tags":[],"class_list":["post-39105","post","type-post","status-publish","format-standard","hentry","category-noticias"],"amp_enabled":true,"_links":{"self":[{"href":"https:\/\/tvtribunape.com.br\/index.php\/wp-json\/wp\/v2\/posts\/39105","targetHints":{"allow":["GET"]}}],"collection":[{"href":"https:\/\/tvtribunape.com.br\/index.php\/wp-json\/wp\/v2\/posts"}],"about":[{"href":"https:\/\/tvtribunape.com.br\/index.php\/wp-json\/wp\/v2\/types\/post"}],"author":[{"embeddable":true,"href":"https:\/\/tvtribunape.com.br\/index.php\/wp-json\/wp\/v2\/users\/1"}],"replies":[{"embeddable":true,"href":"https:\/\/tvtribunape.com.br\/index.php\/wp-json\/wp\/v2\/comments?post=39105"}],"version-history":[{"count":0,"href":"https:\/\/tvtribunape.com.br\/index.php\/wp-json\/wp\/v2\/posts\/39105\/revisions"}],"wp:attachment":[{"href":"https:\/\/tvtribunape.com.br\/index.php\/wp-json\/wp\/v2\/media?parent=39105"}],"wp:term":[{"taxonomy":"category","embeddable":true,"href":"https:\/\/tvtribunape.com.br\/index.php\/wp-json\/wp\/v2\/categories?post=39105"},{"taxonomy":"post_tag","embeddable":true,"href":"https:\/\/tvtribunape.com.br\/index.php\/wp-json\/wp\/v2\/tags?post=39105"}],"curies":[{"name":"wp","href":"https:\/\/api.w.org\/{rel}","templated":true}]}}