{"id":4243,"date":"2022-06-30T21:23:57","date_gmt":"2022-07-01T00:23:57","guid":{"rendered":"https:\/\/tvtribunape.com.br\/?p=4243"},"modified":"2022-06-30T21:23:57","modified_gmt":"2022-07-01T00:23:57","slug":"acabou-simaria-aluga-jatinho-mas-simone-se-recusa-a-pegar-carona-com-irma-entenda-a-treta","status":"publish","type":"post","link":"https:\/\/tvtribunape.com.br\/index.php\/2022\/06\/30\/acabou-simaria-aluga-jatinho-mas-simone-se-recusa-a-pegar-carona-com-irma-entenda-a-treta\/","title":{"rendered":"ACABOU! Simaria aluga jatinho mas Simone se recusa a pegar carona com irm\u00e3, ENTENDA A TRETA"},"content":{"rendered":"<p>E a treta entre as \u201ccoleguinhas\u201d n\u00e3o terminaram! Desta vez foi exposto que, antes de informar a pausa na carreira, a dupla de Simone teria alugado um jatinho para realizar a agenda de apresenta\u00e7\u00f5es com Simone, no entanto, foi surpreendida com a recusa da irm\u00e3.<\/p>\n<p>&nbsp;<\/p>\n<p>O epis\u00f3dio teria ocorrido em maio. Na oportunidade, elas se apresentariam em Campos Novos, em Santa Catarina, e Simone teria decidido por passar horas em uma viagem de carro ao inv\u00e9s de pegar carona com a irm\u00e3. As informa\u00e7\u00f5es s\u00e3o exclusivas do colunista Leo Dias, do portal Metr\u00f3poles.<\/p>\n<p>Os assessores das sertanejas disseram que as irm\u00e3s viajaram separadas por quest\u00f5es de log\u00edsticas, e n\u00e3o por motivos de desentendimento. Inclusive, Simone teria optado pelo autom\u00f3vel porque tudo j\u00e1 estava combinado.<\/p>\n<p>Uma fonte de confian\u00e7a ligada a cantora, todavia, perguntou a raz\u00e3o da log\u00edstica n\u00e3o ter sido mudada, j\u00e1 que ambos os meios de transporte j\u00e1 estavam pagos \u2013 bastava escolher apenas um e viajarem juntas.<\/p>\n<p>&nbsp;<\/p>\n<p>Vale ressaltar que Simaria est\u00e1 longe dos palcos ap\u00f3s protagonizar incont\u00e1veis brigas p\u00fablicas com a irm\u00e3 e parceira de palco nas \u00faltimas semanas.<\/p>\n<h2>BASTIDORES<\/h2>\n<p>O cantor Frank Aguiar decidiu se manifestar e entregou detalhes dos bastidores da rela\u00e7\u00e3o entre as cantoras Simone e Simaria, que protagonizam uma briga p\u00fablica.<\/p>\n<p>Respons\u00e1vel por lan\u00e7ar as irm\u00e3s no mundo da m\u00fasica, o cantor foi bastante honesto e disse que as irm\u00e3s sempre viveram embates \u2013 apesar disso, n\u00e3o medem esfor\u00e7os para se defenderem quando necess\u00e1rio.<\/p>\n<p>&nbsp;<\/p>\n<p>\u201cS\u00e3o irm\u00e3s que sempre brigaram, mas que se defendem tamb\u00e9m. N\u00e3o aguentam ouvir ningu\u00e9m falando algo uma da outra. Brigam e logo fazem as pazes, sempre foi assim\u201c, disse \u00e0 coluna de Lucas Pasin, do Splash UOL.<\/p>\n<p>N\u00e3o satisfeito, ele Ele deu seu ponto de vista e demonstrou que n\u00e3o acredita na separa\u00e7\u00e3o da dupla: \u201cN\u00e3o acho que elas possam se separar. Elas se completam, costumo dizer que s\u00e3o como tampa e penico. Simone n\u00e3o vive sem a Simaria\u201c.<\/p>\n<p>&nbsp;<\/p>\n<p>Para encerrar,\u00a0o cantor\u00a0demonstrou indigna\u00e7\u00e3o com os ataques \u00e0 irm\u00e3 mais velha. \u201c<strong>Vi coment\u00e1rios negativos, principalmente sobre a Simaria, e fico triste demais com a incompreens\u00e3o das pessoas. Simaria passou pelo fim de um relacionamento. Ex-marido falando de um lado, f\u00e3 do outro, a carreira do outro. Ela tem altos e baixos, atingiu seu auge, mas tamb\u00e9m \u00e9 dotada de imperfei\u00e7\u00f5es<\/strong>\u201c, disparou.<\/p>\n<h3>Compartilhe isso:<\/h3>\n<ul>\n<li><a rel=\"nofollow noopener noreferrer\" data-shared=\"sharing-twitter-352520\" class=\"share-twitter sd-button share-icon no-text\" href=\"https:\/\/mrnews.com.br\/index.php\/2022\/06\/30\/acabou-simaria-aluga-jatinho-mas-simone-se-recusa-a-pegar-carona-com-irma-entenda-a-treta\/?share=twitter\" target=\"_blank\" title=\"Clique para compartilhar no Twitter\">Clique para compartilhar no Twitter(abre em nova janela)<\/a><\/li>\n<li><a rel=\"nofollow noopener noreferrer\" data-shared=\"sharing-facebook-352520\" class=\"share-facebook sd-button share-icon no-text\" href=\"https:\/\/mrnews.com.br\/index.php\/2022\/06\/30\/acabou-simaria-aluga-jatinho-mas-simone-se-recusa-a-pegar-carona-com-irma-entenda-a-treta\/?share=facebook\" target=\"_blank\" title=\"Clique para compartilhar no Facebook\">Clique para compartilhar no Facebook(abre em nova janela)<\/a><\/li>\n<li><a rel=\"nofollow noopener noreferrer\" data-shared=\"\" class=\"share-jetpack-whatsapp sd-button share-icon no-text\" href=\"https:\/\/mrnews.com.br\/index.php\/2022\/06\/30\/acabou-simaria-aluga-jatinho-mas-simone-se-recusa-a-pegar-carona-com-irma-entenda-a-treta\/?share=jetpack-whatsapp\" target=\"_blank\" title=\"Clique para compartilhar no WhatsApp\">Clique para compartilhar no WhatsApp(abre em nova janela)<\/a><\/li>\n<li><a href=\"#\" class=\"sharing-anchor sd-button share-more\">Mais<\/a><\/li>\n<li><\/li>\n<\/ul>\n<ul>\n<li><a rel=\"nofollow noopener noreferrer\" data-shared=\"\" class=\"share-print sd-button share-icon no-text\" href=\"https:\/\/mrnews.com.br\/index.php\/2022\/06\/30\/acabou-simaria-aluga-jatinho-mas-simone-se-recusa-a-pegar-carona-com-irma-entenda-a-treta\/#print\" target=\"_blank\" title=\"Clique para imprimir\">Clique para imprimir(abre em nova janela)<\/a><\/li>\n<li><a rel=\"nofollow noopener noreferrer\" data-shared=\"sharing-linkedin-352520\" class=\"share-linkedin sd-button share-icon no-text\" href=\"https:\/\/mrnews.com.br\/index.php\/2022\/06\/30\/acabou-simaria-aluga-jatinho-mas-simone-se-recusa-a-pegar-carona-com-irma-entenda-a-treta\/?share=linkedin\" target=\"_blank\" title=\"Clique para compartilhar no LinkedIn\">Clique para compartilhar no LinkedIn(abre em nova janela)<\/a><\/li>\n<li><\/li>\n<li><a rel=\"nofollow noopener noreferrer\" data-shared=\"\" class=\"share-reddit sd-button share-icon no-text\" href=\"https:\/\/mrnews.com.br\/index.php\/2022\/06\/30\/acabou-simaria-aluga-jatinho-mas-simone-se-recusa-a-pegar-carona-com-irma-entenda-a-treta\/?share=reddit\" target=\"_blank\" title=\"Clique para compartilhar no Reddit\">Clique para compartilhar no Reddit(abre em nova janela)<\/a><\/li>\n<li><a rel=\"nofollow noopener noreferrer\" data-shared=\"\" class=\"share-tumblr sd-button share-icon no-text\" href=\"https:\/\/mrnews.com.br\/index.php\/2022\/06\/30\/acabou-simaria-aluga-jatinho-mas-simone-se-recusa-a-pegar-carona-com-irma-entenda-a-treta\/?share=tumblr\" target=\"_blank\" title=\"Clique para compartilhar no Tumblr\">Clique para compartilhar no Tumblr(abre em nova janela)<\/a><\/li>\n<li><\/li>\n<li><a rel=\"nofollow noopener noreferrer\" data-shared=\"sharing-pinterest-352520\" class=\"share-pinterest sd-button share-icon no-text\" href=\"https:\/\/mrnews.com.br\/index.php\/2022\/06\/30\/acabou-simaria-aluga-jatinho-mas-simone-se-recusa-a-pegar-carona-com-irma-entenda-a-treta\/?share=pinterest\" target=\"_blank\" title=\"Clique para compartilhar no Pinterest\">Clique para compartilhar no Pinterest(abre em nova janela)<\/a><\/li>\n<li><a rel=\"nofollow noopener noreferrer\" data-shared=\"\" class=\"share-pocket sd-button share-icon no-text\" href=\"https:\/\/mrnews.com.br\/index.php\/2022\/06\/30\/acabou-simaria-aluga-jatinho-mas-simone-se-recusa-a-pegar-carona-com-irma-entenda-a-treta\/?share=pocket\" target=\"_blank\" title=\"Clique para compartilhar no Pocket\">Clique para compartilhar no Pocket(abre em nova janela)<\/a><\/li>\n<li><\/li>\n<li><a rel=\"nofollow noopener noreferrer\" data-shared=\"\" class=\"share-telegram sd-button share-icon no-text\" href=\"https:\/\/mrnews.com.br\/index.php\/2022\/06\/30\/acabou-simaria-aluga-jatinho-mas-simone-se-recusa-a-pegar-carona-com-irma-entenda-a-treta\/?share=telegram\" target=\"_blank\" title=\"Clique para compartilhar no Telegram\">Clique para compartilhar no Telegram(abre em nova janela)<\/a><\/li>\n<li><a rel=\"nofollow noopener noreferrer\" data-shared=\"sharing-skype-352520\" class=\"share-skype sd-button share-icon no-text\" href=\"https:\/\/mrnews.com.br\/index.php\/2022\/06\/30\/acabou-simaria-aluga-jatinho-mas-simone-se-recusa-a-pegar-carona-com-irma-entenda-a-treta\/?share=skype\" target=\"_blank\" title=\"Clique para compartilhar no Skype\">Clique para compartilhar no Skype(abre em nova janela)<\/a><\/li>\n<li><\/li>\n<li><\/li>\n<\/ul>\n<h4> TV MRNews N\u00e3o perca tamb\u00e9m:<\/h4>\n<p><p>Fonte: <a href=\"\/\/mrnews.com.br\/index.php\/2022\/06\/30\/acabou-simaria-aluga-jatinho-mas-simone-se-recusa-a-pegar-carona-com-irma-entenda-a-treta\" title=\"mrnews.com.br\/index.php\/2022\/06\/30\/acabou-simaria-aluga-jatinho-mas-simone-se-recusa-a-pegar-carona-com-irma-entenda-a-treta\" target=\"_blank\" rel=\"bookmark noopener\"><cite>mrnews.com.br\/index.php\/2022\/06\/30\/acabou-simaria-aluga-jatinho-mas-simone-se-recusa-a-pegar-carona-com-irma-entenda-a-treta<\/cite><\/a><\/p>\n","protected":false},"excerpt":{"rendered":"<p>E a treta entre as \u201ccoleguinhas\u201d n\u00e3o terminaram! Desta vez foi exposto que, antes de<\/p>\n","protected":false},"author":1,"featured_media":0,"comment_status":"closed","ping_status":"closed","sticky":false,"template":"","format":"standard","meta":{"footnotes":""},"categories":[1],"tags":[],"class_list":["post-4243","post","type-post","status-publish","format-standard","hentry","category-noticias"],"amp_enabled":true,"_links":{"self":[{"href":"https:\/\/tvtribunape.com.br\/index.php\/wp-json\/wp\/v2\/posts\/4243","targetHints":{"allow":["GET"]}}],"collection":[{"href":"https:\/\/tvtribunape.com.br\/index.php\/wp-json\/wp\/v2\/posts"}],"about":[{"href":"https:\/\/tvtribunape.com.br\/index.php\/wp-json\/wp\/v2\/types\/post"}],"author":[{"embeddable":true,"href":"https:\/\/tvtribunape.com.br\/index.php\/wp-json\/wp\/v2\/users\/1"}],"replies":[{"embeddable":true,"href":"https:\/\/tvtribunape.com.br\/index.php\/wp-json\/wp\/v2\/comments?post=4243"}],"version-history":[{"count":1,"href":"https:\/\/tvtribunape.com.br\/index.php\/wp-json\/wp\/v2\/posts\/4243\/revisions"}],"predecessor-version":[{"id":4244,"href":"https:\/\/tvtribunape.com.br\/index.php\/wp-json\/wp\/v2\/posts\/4243\/revisions\/4244"}],"wp:attachment":[{"href":"https:\/\/tvtribunape.com.br\/index.php\/wp-json\/wp\/v2\/media?parent=4243"}],"wp:term":[{"taxonomy":"category","embeddable":true,"href":"https:\/\/tvtribunape.com.br\/index.php\/wp-json\/wp\/v2\/categories?post=4243"},{"taxonomy":"post_tag","embeddable":true,"href":"https:\/\/tvtribunape.com.br\/index.php\/wp-json\/wp\/v2\/tags?post=4243"}],"curies":[{"name":"wp","href":"https:\/\/api.w.org\/{rel}","templated":true}]}}