{"id":46651,"date":"2025-08-21T11:02:23","date_gmt":"2025-08-21T14:02:23","guid":{"rendered":"https:\/\/tvtribunape.com.br\/index.php\/2025\/08\/21\/gestores-aprovam-modelo-de-concessao-de-parques-naturais-e-urbanos\/"},"modified":"2025-08-21T11:02:23","modified_gmt":"2025-08-21T14:02:23","slug":"gestores-aprovam-modelo-de-concessao-de-parques-naturais-e-urbanos","status":"publish","type":"post","link":"https:\/\/tvtribunape.com.br\/index.php\/2025\/08\/21\/gestores-aprovam-modelo-de-concessao-de-parques-naturais-e-urbanos\/","title":{"rendered":"Gestores aprovam modelo de concess\u00e3o de parques naturais e urbanos"},"content":{"rendered":"<p> Por MRNews<br \/>\n<\/p>\n<div wp_automatic_readability=\"82.259636827015\">\n<p>Respons\u00e1veis pela conserva\u00e7\u00e3o de 6,1 mil km\u00b2 da cobertura verde no Brasil, o modelo de concess\u00e3o de parques naturais e urbanos \u00e0 iniciativa privada tem a aprova\u00e7\u00e3o de grande parte dos gestores p\u00fablicos e concession\u00e1rios. \u00c9 o que aponta a <strong>pesquisa Percep\u00e7\u00e3o sobre os Contratos de Concess\u00e3o em Parques Brasileiros lan\u00e7ada nesta quinta-feira (21), pela organiza\u00e7\u00e3o sem fins lucrativos, Instituto Semeia.<\/strong><\/p>\n<p>Entre os achados da publica\u00e7\u00e3o in\u00e9dita est\u00e3o percep\u00e7\u00f5es positivas entre os entrevistados como a <strong>aprova\u00e7\u00e3o de 77% das a\u00e7\u00f5es para atrair novos p\u00fablicos a essas unidades de conserva\u00e7\u00e3o, com destaque de 76% para a aten\u00e7\u00e3o aos atrativos infantis e avalia\u00e7\u00e3o positiva de 53% das iniciativas para desenvolvimento do territ\u00f3rio onde ficam localizados os parques.<\/strong><\/p>\n<p>Foram avaliados positivamente ainda a diversifica\u00e7\u00e3o de atividades, eventos atrativos e servi\u00e7os oferecidos, assim como informa\u00e7\u00f5es sobre o local.<\/p>\n<p><strong><a href=\"https:\/\/mrnews.com.br\/index.php\/2025\/08\/21\/setor-de-oleo-e-gas-lidera-liberacao-de-licencas-ambientais-do-ibama\/\">Setor de \u00f3leo e g\u00e1s lidera libera\u00e7\u00e3o de licen\u00e7as ambientais do Ibama<\/a><\/strong><\/p>\n<p><strong><a href=\"https:\/\/mrnews.com.br\/index.php\/2025\/08\/21\/rio-inicia-demolicao-de-construcoes-irregulares-em-comunidade\/\">Rio inicia demoli\u00e7\u00e3o de constru\u00e7\u00f5es irregulares em comunidade<\/a><\/strong><\/p>\n<p>Os resultados do estudo tamb\u00e9m aprontaram avalia\u00e7\u00f5es negativas como disponibilidade de ferramentas necess\u00e1rias a gest\u00e3o contratual eficiente, que foi reprovada por 60% dos participantes da pesquisa.<\/p>\n<p>A <strong>insatisfa\u00e7\u00e3o sobre a agilidade nos processos de aprova\u00e7\u00e3o de obras e sobre as a\u00e7\u00f5es ambientais tamb\u00e9m foi manifestada por 50% dos gestores<\/strong>.<\/p>\n<p>A <strong>pesquisa ouviu gestores de contratos de concess\u00e3o tanto do setor privado quanto do poder p\u00fablico nas tr\u00eas esferas municipal, estadual e federal, abrangendo 28 contratos, sendo 21 de parques naturais e 7 de parques urbanos.<\/strong><\/p>\n<p>A metodologia adotou quatro abordagens: gest\u00e3o e governan\u00e7a, visita\u00e7\u00e3o e uso p\u00fablico, impacto socioecon\u00f4mico e conserva\u00e7\u00e3o da natureza.<\/p>\n<p><strong><a href=\"https:\/\/mrnews.com.br\/index.php\/2025\/08\/21\/estudo-aponta-condicoes-precarias-em-centros-de-acolhimento-no-rio\/\">Estudo aponta condi\u00e7\u00f5es prec\u00e1rias em centros de acolhimento no Rio<\/a><\/strong><\/p>\n<p><strong><a href=\"https:\/\/mrnews.com.br\/index.php\/2025\/08\/21\/governo-comeca-a-transferir-emprestimos-antigos-para-app-do-consignado\/\">Governo come\u00e7a a transferir empr\u00e9stimos antigos para app do consignado<\/a><\/strong><\/p>\n<p>Segundo a gerente de estrutura\u00e7\u00e3o e gest\u00e3o de parcerias em parques do Instituto Semeia, B\u00e1rbara Matos, o estudo foi desenvolvido com o objetivo de potencializar o desenvolvimento socioecon\u00f4mico sustent\u00e1vel de parques e unidades de conserva\u00e7\u00e3o brasileiros, valorizando atributos c\u00eanicos, geol\u00f3gicos, h\u00eddricos e culturais.<\/p>\n<blockquote wp_automatic_readability=\"10\">\n<p>\u201cPor isso tamb\u00e9m apresenta recomenda\u00e7\u00f5es e boas pr\u00e1ticas para aprimorar a condu\u00e7\u00e3o dos contratos de concess\u00e3o, com foco na transpar\u00eancia, efici\u00eancia e qualidade na entrega dos servi\u00e7os \u00e0 sociedade\u201d, acrescenta.<\/p>\n<\/blockquote>\n<p>Entre as recomenda\u00e7\u00f5es est\u00e3o:<\/p>\n<p>Fortalecimento da atua\u00e7\u00e3o do poder p\u00fablico,<\/p>\n<p>Amplia\u00e7\u00e3o dos canais de di\u00e1logo com a sociedade,<\/p>\n<p>Cria\u00e7\u00e3o e capacita\u00e7\u00e3o de equipes multidisciplinares nas estruturas de gest\u00e3o,<\/p>\n<p>Formaliza\u00e7\u00e3o de procedimentos por meio de portarias, instru\u00e7\u00f5es normativas e decretos,<\/p>\n<p>Aloca\u00e7\u00e3o de recursos financeiros e tecnol\u00f3gicos adequados, e<\/p>\n<p>Ado\u00e7\u00e3o de manuais de gest\u00e3o contratual para padroniza\u00e7\u00e3o de processos.<\/p>\n<p>Essas medidas s\u00e3o essenciais para garantir contratos mais eficientes, inclusivos e alinhados aos interesses coletivos\u201d, conclui B\u00e1rbara.<\/p>\n<p>\u00a0<\/p>\n<\/div>\n","protected":false},"excerpt":{"rendered":"<p>Por MRNews Respons\u00e1veis pela conserva\u00e7\u00e3o de 6,1 mil km\u00b2 da cobertura verde no Brasil, o<\/p>\n","protected":false},"author":1,"featured_media":0,"comment_status":"","ping_status":"","sticky":false,"template":"","format":"standard","meta":{"footnotes":""},"categories":[1],"tags":[],"class_list":["post-46651","post","type-post","status-publish","format-standard","hentry","category-noticias"],"amp_enabled":true,"_links":{"self":[{"href":"https:\/\/tvtribunape.com.br\/index.php\/wp-json\/wp\/v2\/posts\/46651","targetHints":{"allow":["GET"]}}],"collection":[{"href":"https:\/\/tvtribunape.com.br\/index.php\/wp-json\/wp\/v2\/posts"}],"about":[{"href":"https:\/\/tvtribunape.com.br\/index.php\/wp-json\/wp\/v2\/types\/post"}],"author":[{"embeddable":true,"href":"https:\/\/tvtribunape.com.br\/index.php\/wp-json\/wp\/v2\/users\/1"}],"replies":[{"embeddable":true,"href":"https:\/\/tvtribunape.com.br\/index.php\/wp-json\/wp\/v2\/comments?post=46651"}],"version-history":[{"count":0,"href":"https:\/\/tvtribunape.com.br\/index.php\/wp-json\/wp\/v2\/posts\/46651\/revisions"}],"wp:attachment":[{"href":"https:\/\/tvtribunape.com.br\/index.php\/wp-json\/wp\/v2\/media?parent=46651"}],"wp:term":[{"taxonomy":"category","embeddable":true,"href":"https:\/\/tvtribunape.com.br\/index.php\/wp-json\/wp\/v2\/categories?post=46651"},{"taxonomy":"post_tag","embeddable":true,"href":"https:\/\/tvtribunape.com.br\/index.php\/wp-json\/wp\/v2\/tags?post=46651"}],"curies":[{"name":"wp","href":"https:\/\/api.w.org\/{rel}","templated":true}]}}