{"id":47530,"date":"2025-09-10T11:25:17","date_gmt":"2025-09-10T14:25:17","guid":{"rendered":"https:\/\/tvtribunape.com.br\/index.php\/2025\/09\/10\/27a-festa-italiana-de-guaratingueta-acontece-de-11-a-14-de-setembro-na-colonia-do-piagui-prefeitura-estancia-turistica-guaratingueta\/"},"modified":"2025-09-10T11:25:17","modified_gmt":"2025-09-10T14:25:17","slug":"27a-festa-italiana-de-guaratingueta-acontece-de-11-a-14-de-setembro-na-colonia-do-piagui-prefeitura-estancia-turistica-guaratingueta","status":"publish","type":"post","link":"https:\/\/tvtribunape.com.br\/index.php\/2025\/09\/10\/27a-festa-italiana-de-guaratingueta-acontece-de-11-a-14-de-setembro-na-colonia-do-piagui-prefeitura-estancia-turistica-guaratingueta\/","title":{"rendered":"27\u00aa Festa Italiana de Guaratinguet\u00e1 acontece de 11 a 14 de setembro na Col\u00f4nia do Piagu\u00ed \u2013 Prefeitura Est\u00e2ncia Tur\u00edstica Guaratinguet\u00e1"},"content":{"rendered":"<p><\/p>\n<div>\n<p>A Prefeitura de Guaratinguet\u00e1, em parceria com a AMCIP (Associa\u00e7\u00e3o dos Moradores da Col\u00f4nia Italiana do Piagu\u00ed), realizar\u00e1 a 27\u00aa edi\u00e7\u00e3o da Festa Italiana entre os dias 11 e 14 de setembro, no p\u00e1tio da Igreja S\u00e3o Jo\u00e3o Batista, localizada na Col\u00f4nia do Piagu\u00ed.<\/p>\n<p>O evento \u00e9 um dos mais tradicionais do munic\u00edpio e contar\u00e1 com uma programa\u00e7\u00e3o diversificada, incluindo missa, apresenta\u00e7\u00f5es musicais e de dan\u00e7a, barracas de artesanato e uma ampla variedade de pratos t\u00edpicos italianos, celebrando a cultura e as tradi\u00e7\u00f5es da comunidade italiana local.<\/p>\n<p>A Festa Italiana \u00e9 um momento de valoriza\u00e7\u00e3o da hist\u00f3ria e da identidade cultural da regi\u00e3o, al\u00e9m de uma oportunidade de lazer e conviv\u00eancia para moradores, visitantes e turistas.<\/p>\n<p>\u00a0Local: P\u00e1tio da Igreja S\u00e3o Jo\u00e3o Batista \u2013 Col\u00f4nia do Piagu\u00ed<br \/>\u00a0Data: De 11 a 14 de setembro<br \/>\u00a0Hor\u00e1rios: Quinta e sexta-feira a partir das 19h; s\u00e1bado e domingo a partir das 11h<br \/>\u00a0No domingo, \u00e0s 9h, haver\u00e1 a sa\u00edda do Guara Bike na Igreja S\u00e3o Jo\u00e3o Batista<\/p>\n<\/p><\/div>\n","protected":false},"excerpt":{"rendered":"<p>A Prefeitura de Guaratinguet\u00e1, em parceria com a AMCIP (Associa\u00e7\u00e3o dos Moradores da Col\u00f4nia Italiana<\/p>\n","protected":false},"author":1,"featured_media":0,"comment_status":"","ping_status":"","sticky":false,"template":"","format":"standard","meta":{"footnotes":""},"categories":[1],"tags":[],"class_list":["post-47530","post","type-post","status-publish","format-standard","hentry","category-noticias"],"amp_enabled":true,"_links":{"self":[{"href":"https:\/\/tvtribunape.com.br\/index.php\/wp-json\/wp\/v2\/posts\/47530","targetHints":{"allow":["GET"]}}],"collection":[{"href":"https:\/\/tvtribunape.com.br\/index.php\/wp-json\/wp\/v2\/posts"}],"about":[{"href":"https:\/\/tvtribunape.com.br\/index.php\/wp-json\/wp\/v2\/types\/post"}],"author":[{"embeddable":true,"href":"https:\/\/tvtribunape.com.br\/index.php\/wp-json\/wp\/v2\/users\/1"}],"replies":[{"embeddable":true,"href":"https:\/\/tvtribunape.com.br\/index.php\/wp-json\/wp\/v2\/comments?post=47530"}],"version-history":[{"count":0,"href":"https:\/\/tvtribunape.com.br\/index.php\/wp-json\/wp\/v2\/posts\/47530\/revisions"}],"wp:attachment":[{"href":"https:\/\/tvtribunape.com.br\/index.php\/wp-json\/wp\/v2\/media?parent=47530"}],"wp:term":[{"taxonomy":"category","embeddable":true,"href":"https:\/\/tvtribunape.com.br\/index.php\/wp-json\/wp\/v2\/categories?post=47530"},{"taxonomy":"post_tag","embeddable":true,"href":"https:\/\/tvtribunape.com.br\/index.php\/wp-json\/wp\/v2\/tags?post=47530"}],"curies":[{"name":"wp","href":"https:\/\/api.w.org\/{rel}","templated":true}]}}