{"id":47588,"date":"2025-09-11T21:09:36","date_gmt":"2025-09-12T00:09:36","guid":{"rendered":"https:\/\/tvtribunape.com.br\/index.php\/2025\/09\/11\/agencia-minas-gerais-inscricoes-para-a-segunda-turma-o-curso-de-formacao-de-agentes-de-protecao-e-defesa-civil-em-minas-gerais-se-encerram-nesta-sexta-12-9\/"},"modified":"2025-09-11T21:09:36","modified_gmt":"2025-09-12T00:09:36","slug":"agencia-minas-gerais-inscricoes-para-a-segunda-turma-o-curso-de-formacao-de-agentes-de-protecao-e-defesa-civil-em-minas-gerais-se-encerram-nesta-sexta-12-9","status":"publish","type":"post","link":"https:\/\/tvtribunape.com.br\/index.php\/2025\/09\/11\/agencia-minas-gerais-inscricoes-para-a-segunda-turma-o-curso-de-formacao-de-agentes-de-protecao-e-defesa-civil-em-minas-gerais-se-encerram-nesta-sexta-12-9\/","title":{"rendered":"Ag\u00eancia Minas Gerais | Inscri\u00e7\u00f5es para a segunda turma o Curso de Forma\u00e7\u00e3o de Agentes de Prote\u00e7\u00e3o e Defesa Civil em Minas Gerais se encerram nesta sexta (12\/9)"},"content":{"rendered":"<p><\/p>\n<div>\n<p>As inscri\u00e7\u00f5es para o processo seletivo da segunda turma do Curso de Forma\u00e7\u00e3o de Agentes de Prote\u00e7\u00e3o e Defesa Civil 2025 terminam nesta sexta-feira (12\/9). Oferecido de maneira semipresencial, o curso tem por objetivo capacitar agentes e coordenadores\u00a0 para\u00a0atuarem na preven\u00e7\u00e3o, mitiga\u00e7\u00e3o, prepara\u00e7\u00e3o, resposta e recupera\u00e7\u00e3o de desastres, fortalecendo a atua\u00e7\u00e3o da Defesa Civil em Minas e em todo o Brasil.<\/p>\n<p>&#8220;O curso \u00e9 voltado prioritariamente para agentes que desempenham atividades relacionadas \u00e0 Defesa Civil em Minas Gerais e em outras unidades da federa\u00e7\u00e3o, contribuindo para o fortalecimento da a\u00e7\u00e3o preventiva e da resposta r\u00e1pida em situa\u00e7\u00f5es de anormalidade\u201d, destacou o coronel Paulo Roberto Bermudes Rezende, Coordenador Estadual de Defesa Civil.<\/p>\n<p>O edital com os crit\u00e9rios de participa\u00e7\u00e3o e o link de acesso para as inscri\u00e7\u00f5es est\u00e3o dispon\u00edveis neste link.<\/p>\n<p>A forma\u00e7\u00e3o \u00e9 promovida pela Defesa Civil de Minas Gerais, em parceria com a Universidade do Estado de Minas Gerais (Uemg) e Servi\u00e7o Geol\u00f3gico do Brasil (SGB), institui\u00e7\u00f5es reconhecidas por seu dom\u00ednio na \u00e1rea de gest\u00e3o de riscos e desastres.<\/p>\n<p>Contando com 120 vagas a serem preenchidas e uma carga hor\u00e1ria de 90 horas\/aula, o curso discute tr\u00eas m\u00f3dulos, dentre eles um presencial e dois \u00e0 dist\u00e2ncia, no decorrer de tr\u00eas meses.<\/p>\n<p>Dentre os temas lecionados na parte remota, est\u00e3o a Introdu\u00e7\u00e3o \u00e0 Defesa Civil; Percep\u00e7\u00e3o de Riscos Geol\u00f3gicos e Hidrol\u00f3gicos; Decreta\u00e7\u00e3o de Situa\u00e7\u00e3o de Anormalidade; Sistema de Comanda em Opera\u00e7\u00f5es; entre outros.<\/p>\n<p>J\u00e1 a parte presencial inclui aula te\u00f3rica e aula de campo sobre mapeamento de riscos e patologias em edifica\u00e7\u00f5es, incluindo visitas t\u00e9cnicas. Al\u00e9m disso, ocorrer\u00e3o visitas a centros de monitoramento e intelig\u00eancia, onde os participantes poder\u00e3o conhecer de perto tecnologias e estrat\u00e9gias utilizadas na preven\u00e7\u00e3o e resposta a desastres.<\/p>\n<p>O curso busca preparar ainda mais profissionais de defesa civil para desenvolver suas atividades de modo eficiente e reflete o cuidado do Governo de Minas priorizando a forma\u00e7\u00e3o e capacita\u00e7\u00e3o, investindo em gest\u00e3o de risco.<\/p>\n<p>\u00a0<\/p>\n<p>\u00a0<\/p>\n<\/p><\/div>\n","protected":false},"excerpt":{"rendered":"<p>As inscri\u00e7\u00f5es para o processo seletivo da segunda turma do Curso de Forma\u00e7\u00e3o de Agentes<\/p>\n","protected":false},"author":1,"featured_media":0,"comment_status":"","ping_status":"","sticky":false,"template":"","format":"standard","meta":{"footnotes":""},"categories":[1],"tags":[],"class_list":["post-47588","post","type-post","status-publish","format-standard","hentry","category-noticias"],"amp_enabled":true,"_links":{"self":[{"href":"https:\/\/tvtribunape.com.br\/index.php\/wp-json\/wp\/v2\/posts\/47588","targetHints":{"allow":["GET"]}}],"collection":[{"href":"https:\/\/tvtribunape.com.br\/index.php\/wp-json\/wp\/v2\/posts"}],"about":[{"href":"https:\/\/tvtribunape.com.br\/index.php\/wp-json\/wp\/v2\/types\/post"}],"author":[{"embeddable":true,"href":"https:\/\/tvtribunape.com.br\/index.php\/wp-json\/wp\/v2\/users\/1"}],"replies":[{"embeddable":true,"href":"https:\/\/tvtribunape.com.br\/index.php\/wp-json\/wp\/v2\/comments?post=47588"}],"version-history":[{"count":0,"href":"https:\/\/tvtribunape.com.br\/index.php\/wp-json\/wp\/v2\/posts\/47588\/revisions"}],"wp:attachment":[{"href":"https:\/\/tvtribunape.com.br\/index.php\/wp-json\/wp\/v2\/media?parent=47588"}],"wp:term":[{"taxonomy":"category","embeddable":true,"href":"https:\/\/tvtribunape.com.br\/index.php\/wp-json\/wp\/v2\/categories?post=47588"},{"taxonomy":"post_tag","embeddable":true,"href":"https:\/\/tvtribunape.com.br\/index.php\/wp-json\/wp\/v2\/tags?post=47588"}],"curies":[{"name":"wp","href":"https:\/\/api.w.org\/{rel}","templated":true}]}}