{"id":47595,"date":"2025-09-12T01:29:21","date_gmt":"2025-09-12T04:29:21","guid":{"rendered":"https:\/\/tvtribunape.com.br\/index.php\/2025\/09\/12\/defesa-de-bolsonaro-diz-que-penas-foram-excessivas-e-vai-recorrer\/"},"modified":"2025-09-12T01:29:21","modified_gmt":"2025-09-12T04:29:21","slug":"defesa-de-bolsonaro-diz-que-penas-foram-excessivas-e-vai-recorrer","status":"publish","type":"post","link":"https:\/\/tvtribunape.com.br\/index.php\/2025\/09\/12\/defesa-de-bolsonaro-diz-que-penas-foram-excessivas-e-vai-recorrer\/","title":{"rendered":"Defesa de Bolsonaro diz que penas foram excessivas e vai recorrer"},"content":{"rendered":"<p> Por MRNews<br \/>\n<\/p>\n<div wp_automatic_readability=\"37.428969359331\">\n<p><strong>A defesa do ex-presidente Jair Bolsonaro informou na noite desta quinta-feira (11) que ir\u00e1 recorrer da condena\u00e7\u00e3o determinada pela Primeira Turma do Supremo Tribunal Federal (STF)<\/strong>.<\/p>\n<p>Os ministros condenaram Bolsonaro\u00a0a 27 anos e tr\u00eas meses de pris\u00e3o em regime fechado\u00a0pelos crimes de organiza\u00e7\u00e3o criminosa armada, tentativa de aboli\u00e7\u00e3o violenta do Estado Democr\u00e1tico de Direito, golpe de Estado, dano qualificado pela viol\u00eancia e grave amea\u00e7a e deteriora\u00e7\u00e3o de patrim\u00f4nio tombado.<\/p>\n<p>Em nota, <strong>os advogados Celso Vilardi e Paulo Amador da Cunha Bueno\u00a0afirmaram que ir\u00e3o ajuizar recursos contra a decis\u00e3o, inclusive \u201cno \u00e2mbito internacional\u201d<\/strong>.<\/p>\n<p><strong><a href=\"https:\/\/mrnews.com.br\/index.php\/2025\/09\/12\/vale-tudo-cesar-descobre-segredo-da-heranca-de-odete-antes-da-morte-da-vila\/\">Vale Tudo; C\u00e9sar descobre segredo da heran\u00e7a de Odete antes da morte da vil\u00e3<\/a><\/strong><\/p>\n<p><strong><a href=\"https:\/\/mrnews.com.br\/index.php\/2025\/09\/12\/boric-e-petro-se-manifestam-apos-condenacao-de-bolsonaro\/\">Boric e Petro se manifestam ap\u00f3s condena\u00e7\u00e3o de Bolsonaro<\/a><\/strong><\/p>\n<p>Eles classificaram as penas como \u201cabsurdamente excessivas e desproporcionais\u201d.\u00a0<\/p>\n<blockquote wp_automatic_readability=\"13\">\n<p>\u201cA defesa do ex-presidente da Rep\u00fablica, Jair Bolsonaro, recebe a decis\u00e3o da 1\u00aa Turma do Supremo Tribunal Federal com respeito. Contudo n\u00e3o pode deixar de manifestar profunda discord\u00e2ncia e indigna\u00e7\u00e3o com os termos da decis\u00e3o majorit\u00e1ria. Nesse sentido, continuaremos a sustentar que o ex-presidente n\u00e3o atentou contra o Estado Democr\u00e1tico, jamais participou de qualquer plano e muito menos dos atos ocorridos em 08 de janeiro\u201d, diz o comunicado.\u00a0<\/p>\n<\/blockquote>\n<p>Os advogados defendem que o ex-presidente deveria ter sido julgado pela primeira inst\u00e2ncia ou pelo Plen\u00e1rio do STF.<\/p>\n<p>\u201cN\u00e3o podemos deixar de dizer, com todo o respeito, que a falta de tempo h\u00e1bil para analisar a prova impediu a defesa de forma definitiva\u201d, destacaram.\u00a0<\/p>\n<p><strong><a href=\"https:\/\/mrnews.com.br\/index.php\/2025\/09\/11\/bia-haddad-vence-confronto-brasileiro-nas-oitavas-do-sp-open\/\">Bia Haddad vence confronto brasileiro nas oitavas do SP Open<\/a><\/strong><\/p>\n<p><strong><a href=\"https:\/\/mrnews.com.br\/index.php\/2025\/09\/11\/barroso-diz-que-julgamento-encerra-ciclo-do-atraso-no-brasil\/\">Barroso diz que julgamento encerra \u201cciclo do atraso\u201d no Brasil<\/a><\/strong><\/p>\n<\/div>\n","protected":false},"excerpt":{"rendered":"<p>Por MRNews A defesa do ex-presidente Jair Bolsonaro informou na noite desta quinta-feira (11) que<\/p>\n","protected":false},"author":1,"featured_media":0,"comment_status":"","ping_status":"","sticky":false,"template":"","format":"standard","meta":{"footnotes":""},"categories":[1],"tags":[],"class_list":["post-47595","post","type-post","status-publish","format-standard","hentry","category-noticias"],"amp_enabled":true,"_links":{"self":[{"href":"https:\/\/tvtribunape.com.br\/index.php\/wp-json\/wp\/v2\/posts\/47595","targetHints":{"allow":["GET"]}}],"collection":[{"href":"https:\/\/tvtribunape.com.br\/index.php\/wp-json\/wp\/v2\/posts"}],"about":[{"href":"https:\/\/tvtribunape.com.br\/index.php\/wp-json\/wp\/v2\/types\/post"}],"author":[{"embeddable":true,"href":"https:\/\/tvtribunape.com.br\/index.php\/wp-json\/wp\/v2\/users\/1"}],"replies":[{"embeddable":true,"href":"https:\/\/tvtribunape.com.br\/index.php\/wp-json\/wp\/v2\/comments?post=47595"}],"version-history":[{"count":0,"href":"https:\/\/tvtribunape.com.br\/index.php\/wp-json\/wp\/v2\/posts\/47595\/revisions"}],"wp:attachment":[{"href":"https:\/\/tvtribunape.com.br\/index.php\/wp-json\/wp\/v2\/media?parent=47595"}],"wp:term":[{"taxonomy":"category","embeddable":true,"href":"https:\/\/tvtribunape.com.br\/index.php\/wp-json\/wp\/v2\/categories?post=47595"},{"taxonomy":"post_tag","embeddable":true,"href":"https:\/\/tvtribunape.com.br\/index.php\/wp-json\/wp\/v2\/tags?post=47595"}],"curies":[{"name":"wp","href":"https:\/\/api.w.org\/{rel}","templated":true}]}}