{"id":47645,"date":"2025-09-13T05:15:38","date_gmt":"2025-09-13T08:15:38","guid":{"rendered":"https:\/\/tvtribunape.com.br\/index.php\/2025\/09\/13\/semob-jp-implanta-novo-binario-com-mudanca-de-circulacao-em-vias-do-jardim-oceania\/"},"modified":"2025-09-13T05:15:38","modified_gmt":"2025-09-13T08:15:38","slug":"semob-jp-implanta-novo-binario-com-mudanca-de-circulacao-em-vias-do-jardim-oceania","status":"publish","type":"post","link":"https:\/\/tvtribunape.com.br\/index.php\/2025\/09\/13\/semob-jp-implanta-novo-binario-com-mudanca-de-circulacao-em-vias-do-jardim-oceania\/","title":{"rendered":"Semob-JP implanta novo bin\u00e1rio com mudan\u00e7a de circula\u00e7\u00e3o em vias do Jardim Oceania"},"content":{"rendered":"<p><\/p>\n<div>\n<h5 class=\"text-primary\">Mobilidade urbana<\/h5>\n<p>                        <!-- Mostra o t&iacute;tulo como um link para o link permanente do post --><\/p>\n<h2 class=\"mb-3\">Semob-JP implanta novo bin\u00e1rio com mudan\u00e7a de circula\u00e7\u00e3o em vias do Jardim Oceania<\/h2>\n<p class=\"text-secondary font-italic mb-3 p-0\">&#13;<br \/>\n                            <i class=\"fa fa-calendar\"\/> 12\/09\/2025 | &#13;<br \/>\n                            <i class=\"fa fa-clock-o\"\/> 18:15 |&#13;<br \/>\n                            <i class=\"fa fa-eye\"\/> 95                        <\/p>\n<p>                        <!-- Mostra o conte&uacute;do do post em uma DIV --><\/p>\n<div class=\"\">\n<p>A Superintend\u00eancia Executiva de Mobilidade Urbana de Jo\u00e3o Pessoa (Semob-JP) realiza, a partir deste s\u00e1bado (13), uma nova interven\u00e7\u00e3o no tr\u00e2nsito da Capital. No bairro Jardim Oceania, duas vias passar\u00e3o a ter sentido \u00fanico de circula\u00e7\u00e3o, implantando um novo bin\u00e1rio que tem como objetivo promover mais seguran\u00e7a vi\u00e1ria e garantir maior fluidez ao tr\u00e1fego da regi\u00e3o.<\/p>\n<p>As mudan\u00e7as passam a valer a partir das 6h e incluem as Ruas Jos\u00e9 Ferreira Ramos (sentido Bessa\/Orla) e Poeta Luiz Raimundo Batista de Carvalho (sentido Bessa\/Mana\u00edra).<\/p>\n<figure class=\"wp-block-gallery has-nested-images columns-default is-cropped wp-block-gallery-1 is-layout-flex wp-block-gallery-is-layout-flex\">\n<figure class=\"wp-block-image size-large\"><\/figure>\n<\/figure>\n<p>O superintendente de Mobilidade Urbana da Capital, Marc\u00edlio do HBE, destacou que a gest\u00e3o municipal tem atuado de forma atenta \u00e0s necessidades da cidade e que as interven\u00e7\u00f5es v\u00eam trazendo resultados positivos. \u201cEssas mudan\u00e7as s\u00e3o fruto do olhar atento da gest\u00e3o municipal e v\u00eam desfazendo gargalos hist\u00f3ricos, proporcionando mais organiza\u00e7\u00e3o e seguran\u00e7a no tr\u00e2nsito, al\u00e9m de reduzir o tempo de deslocamento da popula\u00e7\u00e3o\u201d, afirmou.<\/p>\n<p>O diretor de Opera\u00e7\u00f5es da Semob-JP, Sanderson Ces\u00e1rio, lembrou que o \u00f3rg\u00e3o estar\u00e1 presente de forma intensiva nos primeiros dias de implanta\u00e7\u00e3o. \u201cNossas equipes estar\u00e3o atuantes em campo, orientando e monitorando os fluxos, at\u00e9 que todos os condutores se adaptem \u00e0s novas mudan\u00e7as. As novas sinaliza\u00e7\u00f5es tamb\u00e9m j\u00e1 foram implantadas\u201d, explicou.<\/p>\n<p>A Semob-JP refor\u00e7a que est\u00e1 \u00e0 disposi\u00e7\u00e3o da popula\u00e7\u00e3o para esclarecer d\u00favidas e solicita\u00e7\u00f5es. O atendimento funciona diariamente, das 5h \u00e0 00h, pelo telefone 3213-7188 (liga\u00e7\u00e3o) ou (83) 98760-2134 (WhatsApp) \u2013 Centro Operacional de Tr\u00e2nsito e Transporte (COTT), que tamb\u00e9m atende ocorr\u00eancias e urg\u00eancias no tr\u00e2nsito da cidade.<\/p>\n<\/p><\/div>\n<\/p><\/div>\n","protected":false},"excerpt":{"rendered":"<p>Mobilidade urbana Semob-JP implanta novo bin\u00e1rio com mudan\u00e7a de circula\u00e7\u00e3o em vias do Jardim Oceania<\/p>\n","protected":false},"author":1,"featured_media":0,"comment_status":"","ping_status":"","sticky":false,"template":"","format":"standard","meta":{"footnotes":""},"categories":[1],"tags":[],"class_list":["post-47645","post","type-post","status-publish","format-standard","hentry","category-noticias"],"amp_enabled":true,"_links":{"self":[{"href":"https:\/\/tvtribunape.com.br\/index.php\/wp-json\/wp\/v2\/posts\/47645","targetHints":{"allow":["GET"]}}],"collection":[{"href":"https:\/\/tvtribunape.com.br\/index.php\/wp-json\/wp\/v2\/posts"}],"about":[{"href":"https:\/\/tvtribunape.com.br\/index.php\/wp-json\/wp\/v2\/types\/post"}],"author":[{"embeddable":true,"href":"https:\/\/tvtribunape.com.br\/index.php\/wp-json\/wp\/v2\/users\/1"}],"replies":[{"embeddable":true,"href":"https:\/\/tvtribunape.com.br\/index.php\/wp-json\/wp\/v2\/comments?post=47645"}],"version-history":[{"count":0,"href":"https:\/\/tvtribunape.com.br\/index.php\/wp-json\/wp\/v2\/posts\/47645\/revisions"}],"wp:attachment":[{"href":"https:\/\/tvtribunape.com.br\/index.php\/wp-json\/wp\/v2\/media?parent=47645"}],"wp:term":[{"taxonomy":"category","embeddable":true,"href":"https:\/\/tvtribunape.com.br\/index.php\/wp-json\/wp\/v2\/categories?post=47645"},{"taxonomy":"post_tag","embeddable":true,"href":"https:\/\/tvtribunape.com.br\/index.php\/wp-json\/wp\/v2\/tags?post=47645"}],"curies":[{"name":"wp","href":"https:\/\/api.w.org\/{rel}","templated":true}]}}