{"id":47660,"date":"2025-09-13T12:22:26","date_gmt":"2025-09-13T15:22:26","guid":{"rendered":"https:\/\/tvtribunape.com.br\/index.php\/2025\/09\/13\/aulas-gratuitas-de-musica-sao-oferecidas-no-complexo-da-mare\/"},"modified":"2025-09-13T12:22:26","modified_gmt":"2025-09-13T15:22:26","slug":"aulas-gratuitas-de-musica-sao-oferecidas-no-complexo-da-mare","status":"publish","type":"post","link":"https:\/\/tvtribunape.com.br\/index.php\/2025\/09\/13\/aulas-gratuitas-de-musica-sao-oferecidas-no-complexo-da-mare\/","title":{"rendered":"Aulas gratuitas de m\u00fasica s\u00e3o oferecidas no Complexo da Mar\u00e9"},"content":{"rendered":"<p> Por MRNews<br \/>\n<\/p>\n<div wp_automatic_readability=\"71.573717948718\">\n<p>A segunda edi\u00e7\u00e3o do projeto Sons da Mar\u00e9, na Favela Nova Holanda, no Complexo da Mar\u00e9, no Rio de Janeiro, est\u00e3o com inscri\u00e7\u00f5es abertas. Patrocinada pela concession\u00e1ria Lamsa, por meio da Lei Municipal de Incentivo \u00e0 Cultura, a <strong>iniciativa oferece aulas gratuitas de m\u00fasica para jovens da comunidade<\/strong>.<\/p>\n<p>As<strong> inscri\u00e7\u00f5es para participar das aulas podem ser feitas presencialmente na sede do Instituto Vida Real<\/strong>, na Rua Teixeira Ribeiro, s\/n, nos fundos da Cl\u00ednica da Fam\u00edlia. Segundo os organizadores, os alunos poder\u00e3o vivenciar o processo de ensino e aprendizagem da linguagem musical, que envolve <strong>a pr\u00e1tica de tocar instrumentos, o estudo da teoria musical e o desenvolvimento da sensibilidade e da criatividade, proporcionando uma experi\u00eancia completa de imers\u00e3o no universo da m\u00fasica<\/strong>.<\/p>\n<p>De acordo com o instituto, as atividades acontecem nos turnos da manh\u00e3, tarde e noite, com o objetivo de\u00a0 proporcionar \u00e0s crian\u00e7as e aos adolescentes, a partir de 13 anos, atividades culturais no contraturno escolar. <strong>Al\u00e9m de estimular o desenvolvimento cultural, o projeto tamb\u00e9m cria oportunidades de forma\u00e7\u00e3o profissional<\/strong>.<\/p>\n<p><strong><a href=\"https:\/\/mrnews.com.br\/index.php\/2025\/09\/13\/flamengo-reune-organizadas-para-debater-violencia-contra-as-mulheres\/\">Flamengo re\u00fane organizadas para debater viol\u00eancia contra as mulheres<\/a><\/strong><\/p>\n<p><strong><a href=\"https:\/\/mrnews.com.br\/index.php\/2025\/09\/13\/escritor-paulo-henriques-britto-e-o-mais-novo-academico-da-abl\/\">Escritor Paulo Henriques Britto \u00e9 o mais novo acad\u00eamico da ABL<\/a><\/strong><\/p>\n<blockquote wp_automatic_readability=\"11\">\n<p>\u201cA gente acredita na valoriza\u00e7\u00e3o dos territ\u00f3rios e no desenvolvimento das comunidades do entorno da Linha Amarela. O Sons da Mar\u00e9 \u00e9 um exemplo de como a cultura pode abrir caminhos e gerar oportunidades para a juventude\u201d, afirmou a coordenadora de Comunica\u00e7\u00e3o, Sustentabilidade e Ouvidoria da Lamsa, Renata Britto.<\/p>\n<\/blockquote>\n<h2>Sobre o Instituto Vida Real<\/h2>\n<p>O Instituto Vida Real foi fundado em 2004 pelo l\u00edder comunit\u00e1rio Sebasti\u00e3o Ant\u00f4nio de Ara\u00fajo, conhecido como Seu Ti\u00e3o, para oferecer novas oportunidades para jovens do Complexo da Mar\u00e9. Conforme a entidade, o projeto come\u00e7ou com atividades de refor\u00e7o escolar e inform\u00e1tica e, ao longo dos anos, ampliou sua atua\u00e7\u00e3o, oferecendo tamb\u00e9m aulas de m\u00fasica, canto, teatro, fotografia, games e atendimento psicol\u00f3gico, <strong>hoje beneficiando mais de 220 alunos<\/strong>.<\/p>\n<blockquote wp_automatic_readability=\"8\">\n<p>\u201cEstamos transformando vidas no Complexo da Mar\u00e9. Nosso trabalho mostra que as crian\u00e7as da comunidade podem ser do bem, sonhar e conquistar espa\u00e7o na sociedade\u201d, disse Sebasti\u00e3o.<\/p>\n<\/blockquote>\n<p>\u00a0Alguns professores do Instituto s\u00e3o ex-alunos, o que demonstra o impacto social da iniciativa. Esse \u00e9 o caso de Carlos Eduardo Machado. \u201cHoje, minha vida \u00e9 m\u00fasica. Dou aulas e tamb\u00e9m toco em outros lugares, mas poder ensinar novos jovens que est\u00e3o come\u00e7ando \u00e9 uma experi\u00eancia incr\u00edvel\u201d, \u00a0afirmou Carlos.<\/p>\n<p><strong><a href=\"https:\/\/mrnews.com.br\/index.php\/2025\/09\/13\/emprego-no-comercio-brasil-china-cresce-mais-que-nas-demais-parcerias\/\">Emprego no com\u00e9rcio Brasil-China cresce mais que nas demais parcerias<\/a><\/strong><\/p>\n<p><strong><a href=\"https:\/\/mrnews.com.br\/index.php\/2025\/09\/13\/horoscopo-de-hoje-previsoes-dos-astros-cor-e-numeros-da-sorte-do-seu-signo-segunda-15-09-2025\/\">Hor\u00f3scopo de Hoje Previs\u00f5es dos astros, cor e n\u00fameros da sorte do seu signo, Segunda (15\/09\/2025)<\/a><\/strong><\/p>\n<\/div>\n","protected":false},"excerpt":{"rendered":"<p>Por MRNews A segunda edi\u00e7\u00e3o do projeto Sons da Mar\u00e9, na Favela Nova Holanda, no<\/p>\n","protected":false},"author":1,"featured_media":0,"comment_status":"","ping_status":"","sticky":false,"template":"","format":"standard","meta":{"footnotes":""},"categories":[1],"tags":[],"class_list":["post-47660","post","type-post","status-publish","format-standard","hentry","category-noticias"],"amp_enabled":true,"_links":{"self":[{"href":"https:\/\/tvtribunape.com.br\/index.php\/wp-json\/wp\/v2\/posts\/47660","targetHints":{"allow":["GET"]}}],"collection":[{"href":"https:\/\/tvtribunape.com.br\/index.php\/wp-json\/wp\/v2\/posts"}],"about":[{"href":"https:\/\/tvtribunape.com.br\/index.php\/wp-json\/wp\/v2\/types\/post"}],"author":[{"embeddable":true,"href":"https:\/\/tvtribunape.com.br\/index.php\/wp-json\/wp\/v2\/users\/1"}],"replies":[{"embeddable":true,"href":"https:\/\/tvtribunape.com.br\/index.php\/wp-json\/wp\/v2\/comments?post=47660"}],"version-history":[{"count":0,"href":"https:\/\/tvtribunape.com.br\/index.php\/wp-json\/wp\/v2\/posts\/47660\/revisions"}],"wp:attachment":[{"href":"https:\/\/tvtribunape.com.br\/index.php\/wp-json\/wp\/v2\/media?parent=47660"}],"wp:term":[{"taxonomy":"category","embeddable":true,"href":"https:\/\/tvtribunape.com.br\/index.php\/wp-json\/wp\/v2\/categories?post=47660"},{"taxonomy":"post_tag","embeddable":true,"href":"https:\/\/tvtribunape.com.br\/index.php\/wp-json\/wp\/v2\/tags?post=47660"}],"curies":[{"name":"wp","href":"https:\/\/api.w.org\/{rel}","templated":true}]}}