{"id":47675,"date":"2025-09-13T19:23:54","date_gmt":"2025-09-13T22:23:54","guid":{"rendered":"https:\/\/tvtribunape.com.br\/index.php\/2025\/09\/13\/agencia-minas-gerais-governador-participa-de-painel-que-discute-o-cenario-economico-e-seguranca-publica\/"},"modified":"2025-09-13T19:23:54","modified_gmt":"2025-09-13T22:23:54","slug":"agencia-minas-gerais-governador-participa-de-painel-que-discute-o-cenario-economico-e-seguranca-publica","status":"publish","type":"post","link":"https:\/\/tvtribunape.com.br\/index.php\/2025\/09\/13\/agencia-minas-gerais-governador-participa-de-painel-que-discute-o-cenario-economico-e-seguranca-publica\/","title":{"rendered":"Ag\u00eancia Minas Gerais | Governador participa de painel que discute o cen\u00e1rio econ\u00f4mico e seguran\u00e7a p\u00fablica"},"content":{"rendered":"<p><\/p>\n<div>\n<p>O governador Romeu Zema\u00a0esteve neste s\u00e1bado (13\/9), em Itu, no interior de S\u00e3o Paulo, ao lado do governador de Goi\u00e1s, Ronaldo Caiado, para participar de um painel que discutiu os rumos do Brasil diante do atual cen\u00e1rio econ\u00f4mico e social.<\/p>\n<p>No debate, o governador destacou as dificuldades enfrentadas pelo pa\u00eds, em especial a alta taxa de juros, considerada um dos maiores entraves para a gera\u00e7\u00e3o de empregos e investimentos.\u00a0<\/p>\n<p>\u201cO Brasil precisa enfrentar de frente essa quest\u00e3o. Pagamos juros alt\u00edssimos, o que trava o crescimento e limita o desenvolvimento de empresas\u201d, afirmou Romeu Zema.<\/p>\n<p>O governador aproveitou o espa\u00e7o para citar os avan\u00e7os em Minas Gerais. Ele lembrou que, ao assumir o governo, encontrou um Estado em situa\u00e7\u00e3o de colapso financeiro, mas que hoje apresenta equil\u00edbrio fiscal, com contas organizadas e gest\u00e3o mais eficiente.<\/p>\n<p>Outro ponto de destaque foi a seguran\u00e7a p\u00fablica. O governador ressaltou que Minas Gerais est\u00e1 entre os estados mais seguros do pa\u00eds e que o crime organizado n\u00e3o tem espa\u00e7o no territ\u00f3rio mineiro.\u00a0<\/p>\n<p>\u201cN\u00f3s combatemos a criminalidade com seriedade. Minas n\u00e3o \u00e9 terreno f\u00e9rtil para o crime organizado e temos trabalhado para dar cada vez mais tranquilidade \u00e0s fam\u00edlias mineiras\u201d, disse.<\/p>\n<p>Zema refor\u00e7ou a necessidade de maior uni\u00e3o entre os estados e de uma agenda nacional que privilegie a estabilidade econ\u00f4mica e a seguran\u00e7a. \u201cN\u00e3o podemos aceitar que a popula\u00e7\u00e3o brasileira continue pagando t\u00e3o caro pela m\u00e1 gest\u00e3o e pela inseguran\u00e7a que assusta nossas fam\u00edlias. O pa\u00eds precisa recuperar a confian\u00e7a\u201d, destacou.<\/p>\n<p>O encontro reuniu empres\u00e1rios, lideran\u00e7as pol\u00edticas e representantes da sociedade civil, refor\u00e7ando a necessidade de debates amplos sobre os desafios nacionais e caminhos para o desenvolvimento sustent\u00e1vel e seguro do Brasil.<\/p>\n<\/p><\/div>\n","protected":false},"excerpt":{"rendered":"<p>O governador Romeu Zema\u00a0esteve neste s\u00e1bado (13\/9), em Itu, no interior de S\u00e3o Paulo, ao<\/p>\n","protected":false},"author":1,"featured_media":0,"comment_status":"","ping_status":"","sticky":false,"template":"","format":"standard","meta":{"footnotes":""},"categories":[1],"tags":[],"class_list":["post-47675","post","type-post","status-publish","format-standard","hentry","category-noticias"],"amp_enabled":true,"_links":{"self":[{"href":"https:\/\/tvtribunape.com.br\/index.php\/wp-json\/wp\/v2\/posts\/47675","targetHints":{"allow":["GET"]}}],"collection":[{"href":"https:\/\/tvtribunape.com.br\/index.php\/wp-json\/wp\/v2\/posts"}],"about":[{"href":"https:\/\/tvtribunape.com.br\/index.php\/wp-json\/wp\/v2\/types\/post"}],"author":[{"embeddable":true,"href":"https:\/\/tvtribunape.com.br\/index.php\/wp-json\/wp\/v2\/users\/1"}],"replies":[{"embeddable":true,"href":"https:\/\/tvtribunape.com.br\/index.php\/wp-json\/wp\/v2\/comments?post=47675"}],"version-history":[{"count":0,"href":"https:\/\/tvtribunape.com.br\/index.php\/wp-json\/wp\/v2\/posts\/47675\/revisions"}],"wp:attachment":[{"href":"https:\/\/tvtribunape.com.br\/index.php\/wp-json\/wp\/v2\/media?parent=47675"}],"wp:term":[{"taxonomy":"category","embeddable":true,"href":"https:\/\/tvtribunape.com.br\/index.php\/wp-json\/wp\/v2\/categories?post=47675"},{"taxonomy":"post_tag","embeddable":true,"href":"https:\/\/tvtribunape.com.br\/index.php\/wp-json\/wp\/v2\/tags?post=47675"}],"curies":[{"name":"wp","href":"https:\/\/api.w.org\/{rel}","templated":true}]}}