{"id":47676,"date":"2025-09-13T19:57:27","date_gmt":"2025-09-13T22:57:27","guid":{"rendered":"https:\/\/tvtribunape.com.br\/index.php\/2025\/09\/13\/homem-sente-forte-cheiro-em-sua-casa-e-ao-abrir-a-parede-encontra-isso\/"},"modified":"2025-09-13T19:57:27","modified_gmt":"2025-09-13T22:57:27","slug":"homem-sente-forte-cheiro-em-sua-casa-e-ao-abrir-a-parede-encontra-isso","status":"publish","type":"post","link":"https:\/\/tvtribunape.com.br\/index.php\/2025\/09\/13\/homem-sente-forte-cheiro-em-sua-casa-e-ao-abrir-a-parede-encontra-isso\/","title":{"rendered":"Homem sente forte cheiro em sua casa e, ao abrir a parede encontra isso"},"content":{"rendered":"<p> Por MRNews<br \/>\n<\/p>\n<div wp_automatic_readability=\"76.828852616419\">\n<h3>Homem sente forte cheiro em sua casa e, ao abrir a parede, encontra enorme quantidade de sementes<\/h3>\n<p>Um caso inusitado chamou a aten\u00e7\u00e3o recentemente: um morador decidiu investigar um <strong>forte cheiro estranho<\/strong> que vinha se espalhando pelos c\u00f4modos de sua casa. O que parecia ser apenas um problema de infiltra\u00e7\u00e3o ou at\u00e9 presen\u00e7a de animais mortos acabou se transformando em uma descoberta curiosa e at\u00e9 intrigante.<\/p>\n<hr\/>\n<h2>O in\u00edcio do mist\u00e9rio<\/h2>\n<p>Tudo come\u00e7ou quando o homem, cujo nome n\u00e3o foi divulgado, passou a notar um <strong>odor persistente<\/strong>, descrito como algo semelhante a alimento velho misturado com mofo. Com o passar dos dias, a situa\u00e7\u00e3o se agravou: o cheiro parecia mais intenso pr\u00f3ximo a uma das paredes da sala, o que levantou suspeitas de algum problema estrutural ou praga escondida.<\/p>\n<hr\/>\n<h2>A decis\u00e3o de abrir a parede<\/h2>\n<p>Ap\u00f3s n\u00e3o conseguir identificar a origem do odor apenas pela superf\u00edcie, o morador decidiu abrir parte da parede. Armado com ferramentas improvisadas, come\u00e7ou a remover peda\u00e7os de gesso e cimento. Foi ent\u00e3o que se deparou com uma cena <strong>inacredit\u00e1vel<\/strong>: dentro do espa\u00e7o oco da parede havia uma enorme quantidade de <strong>sementes armazenadas<\/strong>, ocupando boa parte do interior da estrutura.<\/p>\n<hr\/>\n<h2>A poss\u00edvel explica\u00e7\u00e3o<\/h2>\n<p>Apesar do choque inicial, a descoberta pode ter uma explica\u00e7\u00e3o bastante natural. Especialistas em comportamento animal apontam que aves, principalmente <strong>pica-paus e outros p\u00e1ssaros coletores<\/strong>, costumam guardar sementes e gr\u00e3os em locais inusitados.<\/p>\n<p><strong><a href=\"https:\/\/mrnews.com.br\/index.php\/2025\/09\/13\/debochou-janja-faz-publicacao-apos-condenacao-de-bolsonaro-e-repercussao-explode\/\">Debochou? Janja faz publica\u00e7\u00e3o ap\u00f3s condena\u00e7\u00e3o de Bolsonaro e repercuss\u00e3o explode<\/a><\/strong><\/p>\n<p><strong><a href=\"https:\/\/mrnews.com.br\/index.php\/2025\/09\/13\/cpmi-recorrera-de-decisao-do-stf-sobre-depoimento-do-careca-do-inss\/\">CPMI recorrer\u00e1 de decis\u00e3o do STF sobre depoimento do \u201cCareca do INSS\u201d<\/a><\/strong><\/p>\n<p>Ao longo do tempo, esses animais aproveitam frestas, buracos e at\u00e9 paredes com pequenas aberturas para esconder seu alimento, funcionando como verdadeiros dep\u00f3sitos secretos. A quantidade acumulada pode ser surpreendente, chegando a dezenas de quilos em alguns casos documentados.<\/p>\n<hr\/>\n<h2>A rea\u00e7\u00e3o do morador<\/h2>\n<p>O homem ficou entre o al\u00edvio e a incredulidade:<\/p>\n<ul>\n<li>Al\u00edvio por n\u00e3o se tratar de algo mais grave, como um problema el\u00e9trico, infiltra\u00e7\u00e3o t\u00f3xica ou presen\u00e7a de animais mortos.<\/li>\n<li>Incredulidade ao perceber a quantidade de sementes guardadas em sua pr\u00f3pria casa, como se vivesse sobre um estoque clandestino de algum p\u00e1ssaro dedicado.<\/li>\n<\/ul>\n<p>Ele registrou imagens do achado e compartilhou com vizinhos, gerando risadas e teorias sobre qual esp\u00e9cie poderia ter sido respons\u00e1vel pela fa\u00e7anha.<\/p>\n<hr\/>\n<h2>Casos semelhantes<\/h2>\n<p>Esse tipo de situa\u00e7\u00e3o n\u00e3o \u00e9 t\u00e3o raro quanto parece. Nos Estados Unidos e em pa\u00edses da Europa, j\u00e1 foram relatados epis\u00f3dios em que moradores encontraram <strong>centenas de nozes, sementes ou gr\u00e3os<\/strong> escondidos em s\u00f3t\u00e3os, paredes e at\u00e9 motores de carros. Normalmente, o respons\u00e1vel \u00e9 alguma ave ou roedor que, em sua busca por sobreviv\u00eancia, acaba escolhendo os lugares mais improv\u00e1veis para montar seu estoque de comida.<\/p>\n<p><strong><a href=\"https:\/\/mrnews.com.br\/index.php\/2025\/09\/13\/2a-edicao-do-orgulho-nerd-sp-reune-cultura-pop-musica-e-games\/\">2\u00aa edi\u00e7\u00e3o do Orgulho Nerd SP re\u00fane cultura pop, m\u00fasica e games<\/a><\/strong><\/p>\n<p><strong><a href=\"https:\/\/mrnews.com.br\/index.php\/2025\/09\/13\/identificado-corpo-de-musico-brasileiro-morto-pela-ditadura-argentina\/\">Identificado corpo de m\u00fasico brasileiro morto pela ditadura argentina<\/a><\/strong><\/p>\n<hr\/>\n<h2>Conclus\u00e3o<\/h2>\n<p>O epis\u00f3dio mostra como a natureza pode surpreender at\u00e9 nos ambientes urbanos. O forte cheiro que incomodava o morador, na verdade, vinha da degrada\u00e7\u00e3o das sementes acumuladas com o tempo. O caso serve como curiosidade e alerta: nem sempre um odor estranho significa infiltra\u00e7\u00e3o ou praga \u2014 \u00e0s vezes pode ser apenas o reflexo da engenhosidade de animais que compartilham o espa\u00e7o com os humanos.<\/p>\n<hr\/>\n<p>\u00a0<\/p>\n<p><!-- CONTENT END 3 --><\/p><\/div>\n","protected":false},"excerpt":{"rendered":"<p>Por MRNews Homem sente forte cheiro em sua casa e, ao abrir a parede, encontra<\/p>\n","protected":false},"author":1,"featured_media":0,"comment_status":"","ping_status":"","sticky":false,"template":"","format":"standard","meta":{"footnotes":""},"categories":[1],"tags":[],"class_list":["post-47676","post","type-post","status-publish","format-standard","hentry","category-noticias"],"amp_enabled":true,"_links":{"self":[{"href":"https:\/\/tvtribunape.com.br\/index.php\/wp-json\/wp\/v2\/posts\/47676","targetHints":{"allow":["GET"]}}],"collection":[{"href":"https:\/\/tvtribunape.com.br\/index.php\/wp-json\/wp\/v2\/posts"}],"about":[{"href":"https:\/\/tvtribunape.com.br\/index.php\/wp-json\/wp\/v2\/types\/post"}],"author":[{"embeddable":true,"href":"https:\/\/tvtribunape.com.br\/index.php\/wp-json\/wp\/v2\/users\/1"}],"replies":[{"embeddable":true,"href":"https:\/\/tvtribunape.com.br\/index.php\/wp-json\/wp\/v2\/comments?post=47676"}],"version-history":[{"count":0,"href":"https:\/\/tvtribunape.com.br\/index.php\/wp-json\/wp\/v2\/posts\/47676\/revisions"}],"wp:attachment":[{"href":"https:\/\/tvtribunape.com.br\/index.php\/wp-json\/wp\/v2\/media?parent=47676"}],"wp:term":[{"taxonomy":"category","embeddable":true,"href":"https:\/\/tvtribunape.com.br\/index.php\/wp-json\/wp\/v2\/categories?post=47676"},{"taxonomy":"post_tag","embeddable":true,"href":"https:\/\/tvtribunape.com.br\/index.php\/wp-json\/wp\/v2\/tags?post=47676"}],"curies":[{"name":"wp","href":"https:\/\/api.w.org\/{rel}","templated":true}]}}