{"id":47690,"date":"2025-09-14T05:03:35","date_gmt":"2025-09-14T08:03:35","guid":{"rendered":"https:\/\/tvtribunape.com.br\/index.php\/2025\/09\/14\/cpmi-recorrera-de-decisao-do-stf-sobre-depoimento-do-careca-do-inss\/"},"modified":"2025-09-14T05:03:35","modified_gmt":"2025-09-14T08:03:35","slug":"cpmi-recorrera-de-decisao-do-stf-sobre-depoimento-do-careca-do-inss","status":"publish","type":"post","link":"https:\/\/tvtribunape.com.br\/index.php\/2025\/09\/14\/cpmi-recorrera-de-decisao-do-stf-sobre-depoimento-do-careca-do-inss\/","title":{"rendered":"CPMI recorrer\u00e1 de decis\u00e3o do STF sobre depoimento do &#8220;Careca do INSS&#8221;"},"content":{"rendered":"<p> Por MRNews<br \/>\n<\/p>\n<div wp_automatic_readability=\"45.231958762887\">\n<p>Ap\u00f3s a decis\u00e3o do ministro do Supremo Tribunal Federal (STF) de facultar a ida \u00e0 Comiss\u00e3o Mista Parlamentar de Inqu\u00e9rito (CPMI) do INSS de Antonio Carlos Camilo Antunes, \u201co Careca do INSS\u201d e Maur\u00edcio Camisotti, o presidente do colegiado, senador Carlos Viana (Podemos-MG) decidiu entrar com um mandado de seguran\u00e7a para assegurar a presen\u00e7a dos investigados.<\/p>\n<p><strong>Carlos Viana afirmou hoje (13) que a presen\u00e7a dos dois \u00e9 essencial para as investiga\u00e7\u00f5es sobre as fraudes em descontos de consignados de aposentados e pensionistas.<\/strong><\/p>\n<blockquote wp_automatic_readability=\"10.70737913486\">\n<p>\u201cN\u00f3s entendemos que \u00e9 fundamental a presen\u00e7a dos dois indiciados, dos dois investigados, porque j\u00e1 estavam comprometidos a comparecer e eles, diante dos parlamentares, podem inclusive nos ajudar a esclarecer com muita rapidez tudo o que aconteceu\u201d, disse.<\/p>\n<p><strong><a href=\"https:\/\/mrnews.com.br\/index.php\/2025\/09\/14\/brasileiro-palmeiras-joga-no-ritmo-de-vitor-roque-e-goleia-o-inter\/\">Brasileiro: Palmeiras joga no ritmo de Vitor Roque e goleia o Inter<\/a><\/strong><\/p>\n<p><strong><a href=\"https:\/\/mrnews.com.br\/index.php\/2025\/09\/13\/lula-lembra-covid-e-diz-que-saude-nao-tem-esquerda-ou-direita\/\">Lula lembra covid e diz que sa\u00fade n\u00e3o tem esquerda ou direita<\/a><\/strong><\/p>\n<\/blockquote>\n<p>O senador disse respeitar, mas classificou como injustific\u00e1vel a decis\u00e3o de Mendon\u00e7a de facultar a presen\u00e7a dos investigados. Na sexta-feira (12), a Pol\u00edcia Federal (PF) cumpriu dois mandados judiciais de pris\u00e3o preventiva de Antunes e Maur\u00edcio Camisotti.<\/p>\n<p>Os mandados foram executados no \u00e2mbito da Opera\u00e7\u00e3o Cambota, que a PF deflagrou para aprofundar as investiga\u00e7\u00f5es acerca da cobran\u00e7a ilegal de mensalidades associativas descontadas sem autoriza\u00e7\u00e3o dos benef\u00edcios previdenci\u00e1rios pagos a milh\u00f5es de aposentados e pensionista<\/p>\n<blockquote wp_automatic_readability=\"10\">\n<p>\u201cRespeito a decis\u00e3o do ministro, mas entendo injustific\u00e1vel dar o direito de n\u00e3o comparecerem, uma vez que est\u00e3o presos e que tem muito a dizer a CPMI. O trabalho da Pol\u00edcia Federal e do Supremo \u00e9 muito diferente da CPMI\u201d, destacou o senador.\u00a0<\/p>\n<\/blockquote>\n<p>Viana esclareceu que a comiss\u00e3o faz um trabalho de investiga\u00e7\u00e3o. \u201cN\u00f3s fazemos uma linha investigativa, inclusive junto ao servi\u00e7o p\u00fablico, junto ao Estado, para entendermos como todo esse roubo da Previd\u00eancia aconteceu. Esperamos que, eu espero que o ministro Andr\u00e9 Mendon\u00e7a reveja a decis\u00e3o e nos permita obrigar a ida dos dois at\u00e9 a CPMI, j\u00e1 na segunda e na pr\u00f3xima quinta-feira\u201d, considerou.<\/p>\n<p><strong><a href=\"https:\/\/mrnews.com.br\/index.php\/2025\/09\/13\/agafuc-conquista-octacampeonato-do-brasileiro-de-futebol-de-cegos\/\">AGAFUC conquista octacampeonato do Brasileiro de futebol de cegos<\/a><\/strong><\/p>\n<p><strong><a href=\"https:\/\/mrnews.com.br\/index.php\/2025\/09\/13\/manifestacoes-pro-palestina-prestam-solidariedade-a-flotilha-sumud\/\">Manifesta\u00e7\u00f5es pr\u00f3-Palestina prestam solidariedade \u00e0 Flotilha Sumud<\/a><\/strong><\/p>\n<p>\u00a0<\/p>\n<\/div>\n","protected":false},"excerpt":{"rendered":"<p>Por MRNews Ap\u00f3s a decis\u00e3o do ministro do Supremo Tribunal Federal (STF) de facultar a<\/p>\n","protected":false},"author":1,"featured_media":0,"comment_status":"","ping_status":"","sticky":false,"template":"","format":"standard","meta":{"footnotes":""},"categories":[1],"tags":[],"class_list":["post-47690","post","type-post","status-publish","format-standard","hentry","category-noticias"],"amp_enabled":true,"_links":{"self":[{"href":"https:\/\/tvtribunape.com.br\/index.php\/wp-json\/wp\/v2\/posts\/47690","targetHints":{"allow":["GET"]}}],"collection":[{"href":"https:\/\/tvtribunape.com.br\/index.php\/wp-json\/wp\/v2\/posts"}],"about":[{"href":"https:\/\/tvtribunape.com.br\/index.php\/wp-json\/wp\/v2\/types\/post"}],"author":[{"embeddable":true,"href":"https:\/\/tvtribunape.com.br\/index.php\/wp-json\/wp\/v2\/users\/1"}],"replies":[{"embeddable":true,"href":"https:\/\/tvtribunape.com.br\/index.php\/wp-json\/wp\/v2\/comments?post=47690"}],"version-history":[{"count":0,"href":"https:\/\/tvtribunape.com.br\/index.php\/wp-json\/wp\/v2\/posts\/47690\/revisions"}],"wp:attachment":[{"href":"https:\/\/tvtribunape.com.br\/index.php\/wp-json\/wp\/v2\/media?parent=47690"}],"wp:term":[{"taxonomy":"category","embeddable":true,"href":"https:\/\/tvtribunape.com.br\/index.php\/wp-json\/wp\/v2\/categories?post=47690"},{"taxonomy":"post_tag","embeddable":true,"href":"https:\/\/tvtribunape.com.br\/index.php\/wp-json\/wp\/v2\/tags?post=47690"}],"curies":[{"name":"wp","href":"https:\/\/api.w.org\/{rel}","templated":true}]}}