{"id":4825,"date":"2022-07-29T12:45:41","date_gmt":"2022-07-29T15:45:41","guid":{"rendered":"https:\/\/tvtribunape.com.br\/?p=4825"},"modified":"2022-07-29T12:45:41","modified_gmt":"2022-07-29T15:45:41","slug":"sessao-solene-bruno-destaca-saude-de-verdade-reformulacao-do-sistema-de-transporte-e-educacao-transformadora-como-metas-ousadas-em-2022-para-campina-grande-prefeitura-de-campina-grande-pb","status":"publish","type":"post","link":"https:\/\/tvtribunape.com.br\/index.php\/2022\/07\/29\/sessao-solene-bruno-destaca-saude-de-verdade-reformulacao-do-sistema-de-transporte-e-educacao-transformadora-como-metas-ousadas-em-2022-para-campina-grande-prefeitura-de-campina-grande-pb\/","title":{"rendered":"SESS\u00c3O SOLENE: Bruno destaca Sa\u00fade de Verdade, reformula\u00e7\u00e3o do sistema de transporte e Educa\u00e7\u00e3o transformadora como metas ousadas em 2022 para Campina Grande | Prefeitura de Campina Grande &#8211; PB"},"content":{"rendered":"<p>O prefeito Bruno Cunha Lima, em pronunciamento n\u00e3o lido, na Sess\u00e3o Solene de abertura dos trabalhos do Poder Legislativo, nesta ter\u00e7a-feira,\u00a01, destacou que, al\u00e9m de obras f\u00edsicas, o governo municipal vai perseguir o seu objetivo de possibilitar o desenvolvimento humano de Campina Grande.<\/p>\n<p>Nesse sentido, listou como desafios a melhoria do setor de sa\u00fade, o novo sistema de transportes coletivos, avan\u00e7os na educa\u00e7\u00e3o p\u00fablica, investimentos em equipamentos de sa\u00fade e tamb\u00e9m no setor de servi\u00e7os urbanos.<\/p>\n<p>Sobre o Sa\u00fade de Verdade, destacou o potencial de revolu\u00e7\u00e3o no setor do programa. Reafirmou que tecnologia, investimentos em estrutura f\u00edsica e na capacidade de atendimento \u00e0 popula\u00e7\u00e3o ser\u00e3o conquistas que espera contar com o apoio da cidade. At\u00e9 o momento, mais de 50 mil pessoas j\u00e1 se cadastraram no programa.<\/p>\n<p>A interven\u00e7\u00e3o hist\u00f3rica no sistema de transporte p\u00fablico ocorrer\u00e1 nos pr\u00f3ximos dias, segundo o prefeito. Ap\u00f3s quase 40 anos de vig\u00eancia de um modelo que precisa ser reformulado, Bruno Cunha Lima diz que a cidade se surpreender\u00e1 com os benef\u00edcios da &#8220;mudan\u00e7a de chave&#8221; no setor.<\/p>\n<p>Para o setor de Educa\u00e7\u00e3o, j\u00e1 apontado como a principal prioridade de seu governo, Bruno diz que altera\u00e7\u00f5es na pol\u00edtica em curso de valoriza\u00e7\u00e3o dos servidores se somar\u00e1 com investimentos pesados na infraestrutura das escolas e na constru\u00e7\u00e3o de novas unidades, al\u00e9m da ado\u00e7\u00e3o de medidas que valorizam o ensino p\u00fablico municipal.<\/p>\n<p><strong>Apoio da C\u00e2mara<\/strong><\/p>\n<p>Para o prefeito, continuar\u00e1 a ser fundamental o apoio dos vereadores, numa parceria que tem gerado muitos resultados para o bem da coletividade, a exemplo da recente aprova\u00e7\u00e3o de projetos no setor de transportes p\u00fablicos, al\u00e9m da pr\u00f3pria redu\u00e7\u00e3o do pre\u00e7o das passagens de \u00f4nibus urbanos.<\/p>\n<p>Ao final do seu pronunciamento, Bruno demonstrou total otimismo quanto aos rumos administrativos em Campina Grande neste ano de 2022. O seu otimismo tem como base, entre outros fatores, o fato da cidade ter reconquistado a credibilidade para a capta\u00e7\u00e3o de recursos nacionais e at\u00e9 internacionais, os quais ser\u00e3o aplicados na concretiza\u00e7\u00e3o de a\u00e7\u00f5es esperadas h\u00e1 bastante tempo pela popula\u00e7\u00e3o.<\/p>\n<p>Codecom<\/p>\n<p>Fonte: <a href=\"\/\/campinagrande.pb.gov.br\/sessao-solene-bruno-destaca-saude-de-verdade-reformulacao-do-sistema-de-transporte-e-educacao-transformadora-como-metas-ousadas-em-2022-para-campina-grande\" title=\"campinagrande.pb.gov.br\/sessao-solene-bruno-destaca-saude-de-verdade-reformulacao-do-sistema-de-transporte-e-educacao-transformadora-como-metas-ousadas-em-2022-para-campina-grande\" target=\"_blank\" rel=\"bookmark noopener\"><cite>campinagrande.pb.gov.br\/sessao-solene-bruno-destaca-saude-de-verdade-reformulacao-do-sistema-de-transporte-e-educacao-transformadora-como-metas-ousadas-em-2022-para-campina-grande<\/cite><\/a><\/p>\n","protected":false},"excerpt":{"rendered":"<p>O prefeito Bruno Cunha Lima, em pronunciamento n\u00e3o lido, na Sess\u00e3o Solene de abertura dos<\/p>\n","protected":false},"author":1,"featured_media":0,"comment_status":"closed","ping_status":"closed","sticky":false,"template":"","format":"standard","meta":{"footnotes":""},"categories":[1],"tags":[],"class_list":["post-4825","post","type-post","status-publish","format-standard","hentry","category-noticias"],"amp_enabled":true,"_links":{"self":[{"href":"https:\/\/tvtribunape.com.br\/index.php\/wp-json\/wp\/v2\/posts\/4825","targetHints":{"allow":["GET"]}}],"collection":[{"href":"https:\/\/tvtribunape.com.br\/index.php\/wp-json\/wp\/v2\/posts"}],"about":[{"href":"https:\/\/tvtribunape.com.br\/index.php\/wp-json\/wp\/v2\/types\/post"}],"author":[{"embeddable":true,"href":"https:\/\/tvtribunape.com.br\/index.php\/wp-json\/wp\/v2\/users\/1"}],"replies":[{"embeddable":true,"href":"https:\/\/tvtribunape.com.br\/index.php\/wp-json\/wp\/v2\/comments?post=4825"}],"version-history":[{"count":1,"href":"https:\/\/tvtribunape.com.br\/index.php\/wp-json\/wp\/v2\/posts\/4825\/revisions"}],"predecessor-version":[{"id":4826,"href":"https:\/\/tvtribunape.com.br\/index.php\/wp-json\/wp\/v2\/posts\/4825\/revisions\/4826"}],"wp:attachment":[{"href":"https:\/\/tvtribunape.com.br\/index.php\/wp-json\/wp\/v2\/media?parent=4825"}],"wp:term":[{"taxonomy":"category","embeddable":true,"href":"https:\/\/tvtribunape.com.br\/index.php\/wp-json\/wp\/v2\/categories?post=4825"},{"taxonomy":"post_tag","embeddable":true,"href":"https:\/\/tvtribunape.com.br\/index.php\/wp-json\/wp\/v2\/tags?post=4825"}],"curies":[{"name":"wp","href":"https:\/\/api.w.org\/{rel}","templated":true}]}}