{"id":4831,"date":"2022-07-30T07:25:24","date_gmt":"2022-07-30T10:25:24","guid":{"rendered":"https:\/\/tvtribunape.com.br\/?p=4831"},"modified":"2022-07-30T07:25:24","modified_gmt":"2022-07-30T10:25:24","slug":"tecnica-da-semob-de-sao-jose-dos-campos-participa-de-reuniao-do-grupo-de-estudos-de-acidentes-de-transito-da-sttp-prefeitura-de-campina-grande-pb","status":"publish","type":"post","link":"https:\/\/tvtribunape.com.br\/index.php\/2022\/07\/30\/tecnica-da-semob-de-sao-jose-dos-campos-participa-de-reuniao-do-grupo-de-estudos-de-acidentes-de-transito-da-sttp-prefeitura-de-campina-grande-pb\/","title":{"rendered":"T\u00e9cnica da Semob de S\u00e3o Jos\u00e9 dos Campos participa de reuni\u00e3o do grupo de estudos de acidentes de tr\u00e2nsito da STTP | Prefeitura de Campina Grande &#8211; PB"},"content":{"rendered":"<p>A servidora Ana Beatriz Loureiro de Albuquerque, analista t\u00e9cnica da Secretaria de Mobilidade Urbana (Semob) da Prefeitura de S\u00e3o Jos\u00e9 dos Campos, interior de S\u00e3o Paulo, participou na manh\u00e3 desta segunda-feira, 01, da primeira reuni\u00e3o ordin\u00e1ria realizada neste ano pelo N\u00facleo de Estudos de Acidentes de Tr\u00e2nsito (NEAT). A reuni\u00e3o aconteceu no formato hibrido.<\/p>\n<p>A reuni\u00e3o foi coordenada pelo gerente de Tr\u00e2nsito da STTP, Gustavo Alvares, e contou ainda com a participa\u00e7\u00e3o de outros membros que comp\u00f5em o n\u00facleo de estudos. Na pauta, a apresenta\u00e7\u00e3o de dados estat\u00edsticos sobre acidentes de tr\u00e2nsito e uma discuss\u00e3o sobre os acidentes ocorridos frequentemente.<\/p>\n<p>Com a presen\u00e7a da servidora da Prefeitura de S\u00e3o Jos\u00e9 dos Campos, tamb\u00e9m foi realizada uma explana\u00e7\u00e3o dos \u00faltimos trabalhos do NEAT. O N\u00facleo foi criado pela autarquia campinense, com objetivo de planejar e efetivar medidas para reduzir o n\u00famero de acidentes em Campina Grande, enfatizando a necessidade de os \u00f3rg\u00e3os municipais, estaduais e federais estarem unidos para garantir seguran\u00e7a no tr\u00e2nsito.<\/p>\n<p>Foi ressaltada ainda a parceria com o SAMU, no atendimento \u00e0s v\u00edtimas de acidentes de tr\u00e2nsito, onde a STTP garante a seguran\u00e7a vi\u00e1ria dos locais das ocorr\u00eancias, identificando as causas de acidentes de tr\u00e2nsito com v\u00edtimas, al\u00e9m de propor solu\u00e7\u00f5es vi\u00e1rias (fiscaliza\u00e7\u00e3o, sinaliza\u00e7\u00e3o e educa\u00e7\u00e3o) para diminuir o n\u00famero de ocorr\u00eancias dessa natureza.<\/p>\n<p>Al\u00e9m, de Gustavo Alvarez (gerente de Tr\u00e2nsito), a reuni\u00e3o contou com a presen\u00e7a dos demais membros fixos: Avelino Freire (chefe de Sinaliza\u00e7\u00e3o e Engenharia), agente Jefferson Santos (Projeto Piloto Legal &#8211; CIP), Joanna Santos (chefe da Divis\u00e3o de Educa\u00e7\u00e3o de Tr\u00e2nsito), Ismael Camilo (coordenador do SAMU), S\u00f4nia Gon\u00e7alves e Wanessa Albuquerque (Estat\u00edstica), Agente Vanilson Ouriques (DET) e do representante da CPTran (Cabo Velez).<\/p>\n<p>Codecom<\/p>\n<p>Fonte: <a href=\"\/\/campinagrande.pb.gov.br\/tecnica-da-semob-de-sao-jose-dos-campos-participa-de-reuniao-do-grupo-de-estudos-de-acidentes-de-transito-da-sttp\" title=\"campinagrande.pb.gov.br\/tecnica-da-semob-de-sao-jose-dos-campos-participa-de-reuniao-do-grupo-de-estudos-de-acidentes-de-transito-da-sttp\" target=\"_blank\" rel=\"bookmark noopener\"><cite>campinagrande.pb.gov.br\/tecnica-da-semob-de-sao-jose-dos-campos-participa-de-reuniao-do-grupo-de-estudos-de-acidentes-de-transito-da-sttp<\/cite><\/a><\/p>\n","protected":false},"excerpt":{"rendered":"<p>A servidora Ana Beatriz Loureiro de Albuquerque, analista t\u00e9cnica da Secretaria de Mobilidade Urbana (Semob)<\/p>\n","protected":false},"author":1,"featured_media":0,"comment_status":"closed","ping_status":"closed","sticky":false,"template":"","format":"standard","meta":{"footnotes":""},"categories":[1],"tags":[],"class_list":["post-4831","post","type-post","status-publish","format-standard","hentry","category-noticias"],"amp_enabled":true,"_links":{"self":[{"href":"https:\/\/tvtribunape.com.br\/index.php\/wp-json\/wp\/v2\/posts\/4831","targetHints":{"allow":["GET"]}}],"collection":[{"href":"https:\/\/tvtribunape.com.br\/index.php\/wp-json\/wp\/v2\/posts"}],"about":[{"href":"https:\/\/tvtribunape.com.br\/index.php\/wp-json\/wp\/v2\/types\/post"}],"author":[{"embeddable":true,"href":"https:\/\/tvtribunape.com.br\/index.php\/wp-json\/wp\/v2\/users\/1"}],"replies":[{"embeddable":true,"href":"https:\/\/tvtribunape.com.br\/index.php\/wp-json\/wp\/v2\/comments?post=4831"}],"version-history":[{"count":1,"href":"https:\/\/tvtribunape.com.br\/index.php\/wp-json\/wp\/v2\/posts\/4831\/revisions"}],"predecessor-version":[{"id":4832,"href":"https:\/\/tvtribunape.com.br\/index.php\/wp-json\/wp\/v2\/posts\/4831\/revisions\/4832"}],"wp:attachment":[{"href":"https:\/\/tvtribunape.com.br\/index.php\/wp-json\/wp\/v2\/media?parent=4831"}],"wp:term":[{"taxonomy":"category","embeddable":true,"href":"https:\/\/tvtribunape.com.br\/index.php\/wp-json\/wp\/v2\/categories?post=4831"},{"taxonomy":"post_tag","embeddable":true,"href":"https:\/\/tvtribunape.com.br\/index.php\/wp-json\/wp\/v2\/tags?post=4831"}],"curies":[{"name":"wp","href":"https:\/\/api.w.org\/{rel}","templated":true}]}}