{"id":50918,"date":"2025-12-08T12:37:24","date_gmt":"2025-12-08T15:37:24","guid":{"rendered":"https:\/\/tvtribunape.com.br\/index.php\/2025\/12\/08\/brasil-abre-copa-do-mundo-contra-marrocos-em-nova-jersey-em-13-6\/"},"modified":"2025-12-08T12:37:24","modified_gmt":"2025-12-08T15:37:24","slug":"brasil-abre-copa-do-mundo-contra-marrocos-em-nova-jersey-em-13-6","status":"publish","type":"post","link":"https:\/\/tvtribunape.com.br\/index.php\/2025\/12\/08\/brasil-abre-copa-do-mundo-contra-marrocos-em-nova-jersey-em-13-6\/","title":{"rendered":"Brasil abre Copa do Mundo contra Marrocos em Nova Jersey em 13\/6"},"content":{"rendered":"<p><\/p>\n<div wp_automatic_readability=\"109.07310704961\">\n<p>A estreia da Sele\u00e7\u00e3o Brasileira na Copa do Mundo de 2026 ser\u00e1 no dia 13 de junho contra Marrocos no est\u00e1dio MetLife, em Nova Jersey, \u00e0s 19h (hor\u00e1rio de Bras\u00edlia). A segunda partida da equipe verde e amarela ser\u00e1 no dia 19 contra o Haiti no Lincoln Financial Field, na Filad\u00e9lfia \u00e0s 22h (hor\u00e1rio de Bras\u00edlia). A equipe do t\u00e9cnico Carlo Ancelotti volta a campo para fechar a primeira fase no dia 24 de junho contra a Esc\u00f3cia no est\u00e1dio Est\u00e1dio Hard Rock, em Miami \u00e0s 19h (hor\u00e1rio de Bras\u00edlia).<\/p>\n<p>Conseguindo a classifica\u00e7\u00e3o para a fase de 16 avos de final, a sele\u00e7\u00e3o vai enfrentar um advers\u00e1rio do Grupo F (Holanda, Jap\u00e3o, Tun\u00edsia e Europa B \u2013 Ucr\u00e2nia, Su\u00e9cia, Alb\u00e2nia ou Pol\u00f4nia) no dia 29 de junho. O jogo ser\u00e1 em Houston se o Brasil fechar em primeiro a fase de grupos. Ficando em segundo, o time nacional jogar\u00e1 em Monterrey.<\/p>\n<p>A tabela completa do torneio foi divulgada em evento na tarde deste s\u00e1bado (06) comandado pelo presidente da Fifa, Gianni Infantino, com participa\u00e7\u00e3o dos ex-jogadores Ronaldo,Totti, Stoichkov e Lalas. A cerim\u00f4nia ocorreu no Hilton Capital Hotel em Washington (Estados Unidos).<\/p>\n<p><strong><a href=\"https:\/\/mrnews.com.br\/index.php\/2025\/12\/07\/fortaleza-e-ceara-sao-rebaixados-na-ultima-rodada-do-brasileirao-2025\/\">Fortaleza e Cear\u00e1 s\u00e3o rebaixados na \u00faltima rodada do Brasileir\u00e3o 2025<\/a><\/strong><\/p>\n<p><strong><a href=\"https:\/\/mrnews.com.br\/index.php\/2025\/12\/07\/brasil-e-campeao-mundial-de-futsal-feminino\/\">Brasil \u00e9 campe\u00e3o mundial de Futsal Feminino<\/a><\/strong><\/p>\n<p>A Copa do Mundo 2026 ser\u00e1 realizada entre 11\u00a0de junho e 19 de julho de 2026 com a sede compartilhada em 16 cidades divididas entre M\u00e9xico, Estados Unidos e Canad\u00e1. Os grupos foram definidos nesta sexta-feira (5) em sorteio no Kennedy Center, em Washington (Estados Unidos).<\/p>\n<p><strong>A Copa do Mundo de 2026 reunir\u00e1 48 sele\u00e7\u00f5es e ter\u00e1 o total de 104 jogos. O jogo de abertura, entre M\u00e9xico e \u00c1frica do Sul, ser\u00e1 disputado no dia 11 de junho de 2026, no Est\u00e1dio Azteca, na Cidade do M\u00e9xico (M\u00e9xico). J\u00e1 a grande decis\u00e3o est\u00e1 programada para o dia 19 de julho de 2026, no MetLife Stadium, em Nova Jersey (Estados Unidos).\u00a0\u00a0<\/strong><\/p>\n<p><strong>Grupos da Copa<\/strong><\/p>\n<p><strong>Grupo A:\u00a0<\/strong>M\u00e9xico, \u00c1frica do Sul, Coreia do Sul e Repescagem da Europa D (Rep\u00fablica Tcheca, Irlanda, Dinamarca ou Maced\u00f4nia do Norte)<\/p>\n<p><strong><a href=\"https:\/\/mrnews.com.br\/index.php\/2025\/12\/06\/veja-locais-e-horarios-dos-jogos-do-brasil-na-copa-do-mundo-2026\/\">Veja locais e hor\u00e1rios dos jogos do Brasil na Copa do Mundo 2026<\/a><\/strong><\/p>\n<p><strong><a href=\"https:\/\/mrnews.com.br\/index.php\/2025\/12\/06\/brasil-encontra-velhos-conhecidos-na-primeira-fase-da-copa\/\">Brasil encontra velhos conhecidos na primeira fase da Copa<\/a><\/strong><\/p>\n<p><strong>Grupo\u00a0B:\u00a0<\/strong>Canad\u00e1, Repescagem da Europa A (It\u00e1lia, Irlanda do Norte, Pa\u00eds de Gales ou B\u00f3snia), Catar e Su\u00ed\u00e7a<\/p>\n<p><strong>Grupo C:<\/strong>\u00a0Brasil, Marrocos, Haiti e Esc\u00f3cia<\/p>\n<p><strong>Grupo D:\u00a0<\/strong>Estados Unidos, Paraguai, Austr\u00e1lia e Repescagem da Europa C (Turquia, Rom\u00eania, Eslov\u00e1quia ou Kosovo)<\/p>\n<p><strong>Grupo E:\u00a0<\/strong>Alemanha, Cura\u00e7ao, Costa do Marfim e Equador<\/p>\n<p><strong>Grupo F:\u00a0<\/strong>Holanda, Jap\u00e3o, repescagem da Europa B (Ucr\u00e2nia, Su\u00e9cia, Pol\u00f4nia ou Alb\u00e2nia) e Tun\u00edsia<\/p>\n<p><strong>Grupo G:<\/strong>\u00a0B\u00e9lgica, Egito, Ir\u00e3 e Nova Zel\u00e2ndia<\/p>\n<p><strong>Grupo H:\u00a0<\/strong>Espanha, Cabo Verde, Ar\u00e1bia Saudita e Uruguai<\/p>\n<p><strong>Grupo I:\u00a0<\/strong>Fran\u00e7a, Senegal, Repescagem Intercontinental 2 (Bol\u00edvia, Suriname ou Iraque) e Noruega<\/p>\n<p><strong>Grupo J:<\/strong>\u00a0Argentina, Arg\u00e9lia, \u00c1ustria e Jord\u00e2nia<\/p>\n<p><strong>Grupo K:<\/strong>\u00a0Portugal, Repescagem Intercontinental 1 (RD Congo, Jamaica ou Nova Caled\u00f4nia) Uzbequist\u00e3o e Col\u00f4mbia<\/p>\n<p><strong>Grupo L:<\/strong>\u00a0Inglaterra, Cro\u00e1cia, Gana e Panam\u00e1<\/p>\n<p>\u00a0<\/p>\n<\/div>\n","protected":false},"excerpt":{"rendered":"<p>A estreia da Sele\u00e7\u00e3o Brasileira na Copa do Mundo de 2026 ser\u00e1 no dia 13<\/p>\n","protected":false},"author":1,"featured_media":0,"comment_status":"","ping_status":"","sticky":false,"template":"","format":"standard","meta":{"footnotes":""},"categories":[3],"tags":[],"class_list":["post-50918","post","type-post","status-publish","format-standard","hentry","category-futebol"],"amp_enabled":true,"_links":{"self":[{"href":"https:\/\/tvtribunape.com.br\/index.php\/wp-json\/wp\/v2\/posts\/50918","targetHints":{"allow":["GET"]}}],"collection":[{"href":"https:\/\/tvtribunape.com.br\/index.php\/wp-json\/wp\/v2\/posts"}],"about":[{"href":"https:\/\/tvtribunape.com.br\/index.php\/wp-json\/wp\/v2\/types\/post"}],"author":[{"embeddable":true,"href":"https:\/\/tvtribunape.com.br\/index.php\/wp-json\/wp\/v2\/users\/1"}],"replies":[{"embeddable":true,"href":"https:\/\/tvtribunape.com.br\/index.php\/wp-json\/wp\/v2\/comments?post=50918"}],"version-history":[{"count":0,"href":"https:\/\/tvtribunape.com.br\/index.php\/wp-json\/wp\/v2\/posts\/50918\/revisions"}],"wp:attachment":[{"href":"https:\/\/tvtribunape.com.br\/index.php\/wp-json\/wp\/v2\/media?parent=50918"}],"wp:term":[{"taxonomy":"category","embeddable":true,"href":"https:\/\/tvtribunape.com.br\/index.php\/wp-json\/wp\/v2\/categories?post=50918"},{"taxonomy":"post_tag","embeddable":true,"href":"https:\/\/tvtribunape.com.br\/index.php\/wp-json\/wp\/v2\/tags?post=50918"}],"curies":[{"name":"wp","href":"https:\/\/api.w.org\/{rel}","templated":true}]}}