{"id":50919,"date":"2025-12-08T12:38:27","date_gmt":"2025-12-08T15:38:27","guid":{"rendered":"https:\/\/tvtribunape.com.br\/index.php\/2025\/12\/08\/policia-identifica-um-suspeito-de-roubar-obras-de-arte-em-sao-paulo\/"},"modified":"2025-12-08T12:38:27","modified_gmt":"2025-12-08T15:38:27","slug":"policia-identifica-um-suspeito-de-roubar-obras-de-arte-em-sao-paulo","status":"publish","type":"post","link":"https:\/\/tvtribunape.com.br\/index.php\/2025\/12\/08\/policia-identifica-um-suspeito-de-roubar-obras-de-arte-em-sao-paulo\/","title":{"rendered":"Pol\u00edcia identifica um suspeito de roubar obras de arte em S\u00e3o Paulo"},"content":{"rendered":"<p> Por MRNews<br \/>\n<\/p>\n<div wp_automatic_readability=\"28.572151898734\">\n<p><strong>A Pol\u00edcia Civil identificou um poss\u00edvel envolvido no roubo das obras de arte\u00a0que estavam em exposi\u00e7\u00e3o na Biblioteca M\u00e1rio de Andrade (BMA). O ve\u00edculo usado na fuga tamb\u00e9m foi localizado, apreendido e encaminhado para a per\u00edcia t\u00e9cnica.\u00a0<\/strong><\/p>\n<p>As dilig\u00eancias continuam para que o segundo suspeito seja identificado.<\/p>\n<p>As pe\u00e7as levadas pelos criminosos foram oito gravuras da s\u00e9rie <em>Jazz<\/em>, de Henri Matisse, e cinco gravuras de Candido Portinari, todas da s\u00e9rie <em>Menino de Engenho<\/em>. As obras pertencem \u00e0 pr\u00f3pria Biblioteca Mario de Andrade e faziam parte da exposi\u00e7\u00e3o Do Livro ao Museu: MAM S\u00e3o Paulo e a Biblioteca M\u00e1rio de Andrade. Este domingo era o \u00faltimo dia do evento, que come\u00e7ou em 4 de outubro.<\/p>\n<p><strong><a href=\"https:\/\/mrnews.com.br\/index.php\/2025\/12\/08\/mercado-financeiro-eleva-projecao-do-pib-para-225-em-2025\/\">Mercado financeiro eleva proje\u00e7\u00e3o do PIB para 2,25% em 2025<\/a><\/strong><\/p>\n<p><strong><a href=\"https:\/\/mrnews.com.br\/index.php\/2025\/12\/08\/inmet-alerta-para-tempestade-de-grande-perigo-na-regiao-sul\/\">Inmet alerta para tempestade de grande perigo na Regi\u00e3o Sul<\/a><\/strong><\/p>\n<p>Os valores das pe\u00e7as n\u00e3o foram divulgados, j\u00e1 que elas passavam por uma per\u00edcia.<\/p>\n<h2>Roubo<\/h2>\n<p><strong>O roubo ocorreu na manh\u00e3 deste domingo na BMA. A dupla rendeu uma vigilante e um casal que visitava a exposi\u00e7\u00e3o. Os criminosos colocaram as obras numa sacola de lona e fugiram pela sa\u00edda principal da biblioteca.<\/strong><\/p>\n<\/div>\n","protected":false},"excerpt":{"rendered":"<p>Por MRNews A Pol\u00edcia Civil identificou um poss\u00edvel envolvido no roubo das obras de arte\u00a0que<\/p>\n","protected":false},"author":1,"featured_media":0,"comment_status":"","ping_status":"","sticky":false,"template":"","format":"standard","meta":{"footnotes":""},"categories":[1],"tags":[],"class_list":["post-50919","post","type-post","status-publish","format-standard","hentry","category-noticias"],"amp_enabled":true,"_links":{"self":[{"href":"https:\/\/tvtribunape.com.br\/index.php\/wp-json\/wp\/v2\/posts\/50919","targetHints":{"allow":["GET"]}}],"collection":[{"href":"https:\/\/tvtribunape.com.br\/index.php\/wp-json\/wp\/v2\/posts"}],"about":[{"href":"https:\/\/tvtribunape.com.br\/index.php\/wp-json\/wp\/v2\/types\/post"}],"author":[{"embeddable":true,"href":"https:\/\/tvtribunape.com.br\/index.php\/wp-json\/wp\/v2\/users\/1"}],"replies":[{"embeddable":true,"href":"https:\/\/tvtribunape.com.br\/index.php\/wp-json\/wp\/v2\/comments?post=50919"}],"version-history":[{"count":0,"href":"https:\/\/tvtribunape.com.br\/index.php\/wp-json\/wp\/v2\/posts\/50919\/revisions"}],"wp:attachment":[{"href":"https:\/\/tvtribunape.com.br\/index.php\/wp-json\/wp\/v2\/media?parent=50919"}],"wp:term":[{"taxonomy":"category","embeddable":true,"href":"https:\/\/tvtribunape.com.br\/index.php\/wp-json\/wp\/v2\/categories?post=50919"},{"taxonomy":"post_tag","embeddable":true,"href":"https:\/\/tvtribunape.com.br\/index.php\/wp-json\/wp\/v2\/tags?post=50919"}],"curies":[{"name":"wp","href":"https:\/\/api.w.org\/{rel}","templated":true}]}}