{"id":50936,"date":"2025-12-09T00:04:25","date_gmt":"2025-12-09T03:04:25","guid":{"rendered":"https:\/\/tvtribunape.com.br\/index.php\/2025\/12\/09\/programa-cuidar-do-lar-beneficia-500-familias-e-se-consolida-como-referencia-nacional\/"},"modified":"2025-12-09T00:04:25","modified_gmt":"2025-12-09T03:04:25","slug":"programa-cuidar-do-lar-beneficia-500-familias-e-se-consolida-como-referencia-nacional","status":"publish","type":"post","link":"https:\/\/tvtribunape.com.br\/index.php\/2025\/12\/09\/programa-cuidar-do-lar-beneficia-500-familias-e-se-consolida-como-referencia-nacional\/","title":{"rendered":"Programa Cuidar do Lar beneficia 500 fam\u00edlias e se consolida como refer\u00eancia nacional"},"content":{"rendered":"<p><\/p>\n<div>\n<p>A Prefeitura de Jo\u00e3o Pessoa vem ampliando o alcance do Cuidar do Lar, programa municipal voltado \u00e0 recupera\u00e7\u00e3o de moradias prec\u00e1rias de fam\u00edlias de baixa renda que j\u00e1 possuem um im\u00f3vel, mas n\u00e3o t\u00eam condi\u00e7\u00f5es financeiras de realizar reformas estruturais. Institu\u00eddo por lei e financiado integralmente com recursos pr\u00f3prios, o programa j\u00e1 beneficiou quase 500 fam\u00edlias, alcan\u00e7ando cerca de 3 mil pessoas, e se tornou refer\u00eancia nacional, sendo replicado por diversos munic\u00edpios do Pa\u00eds.<\/p>\n<figure class=\"wp-block-gallery has-nested-images columns-default is-cropped wp-block-gallery-1 is-layout-flex wp-block-gallery-is-layout-flex\">\n<figure class=\"wp-block-image size-large\"><\/figure>\n<figure class=\"wp-block-image size-large\"><\/figure>\n<\/figure>\n<p>Idealizado pela Secretaria Municipal de Habita\u00e7\u00e3o (Semhab), o programa foi criado para enfrentar um desafio hist\u00f3rico: o d\u00e9ficit habitacional qualitativo \u2014 aquele que atinge fam\u00edlias que possuem casa pr\u00f3pria, mas vivem em im\u00f3veis deteriorados, com problemas estruturais, infiltra\u00e7\u00f5es, risco el\u00e9trico, aus\u00eancia de acessibilidade ou banheiros sem condi\u00e7\u00f5es de uso. \u201cO Cuidar do Lar \u00e9 um projeto totalmente municipal, criado pela Prefeitura para atender fam\u00edlias que j\u00e1 possuem casa, t\u00eam v\u00ednculo com o local onde vivem, mas n\u00e3o t\u00eam condi\u00e7\u00f5es de morar com seguran\u00e7a e dignidade\u201d, explicou a secret\u00e1ria de Habita\u00e7\u00e3o, Socorro Gadelha.<\/p>\n<p>Segundo a secret\u00e1ria, a iniciativa nasceu ap\u00f3s a gest\u00e3o identificar duas demandas: o d\u00e9ficit habitacional quantitativo, para o qual o Munic\u00edpio j\u00e1 est\u00e1 construindo novas moradias, e o d\u00e9ficit qualitativo, que afeta milhares de fam\u00edlias em condi\u00e7\u00e3o de vulnerabilidade. \u201cO prefeito C\u00edcero Lucena decidiu criar uma modalidade espec\u00edfica para garantir habitabilidade e perman\u00eancia dessas fam\u00edlias em seus pr\u00f3prios lares\u201d, contou Socorro Gadelha. \u201cHoje, o programa permite interven\u00e7\u00f5es completas: hidr\u00e1ulica, el\u00e9trica, acessibilidade, estrutura, banheiro, teto e demais reparos necess\u00e1rios\u201d, enumerou.<\/p>\n<p><strong>Investimentos e funcionamento \u2013 <\/strong>Com cerca de R$ 13 milh\u00f5es investidos at\u00e9 agora, o programa \u00e9 mantido com recursos do Fundo de Desenvolvimento Urbano (Fundurb) e verbas or\u00e7ament\u00e1rias municipais. As obras incluem reformas e melhorias residenciais com or\u00e7amento de at\u00e9 oito sal\u00e1rios m\u00ednimos (R$12.144). Segundo a coordena\u00e7\u00e3o do programa, os valores ser\u00e3o atualizados no ano que vem, para acompanhar os reajustes de pre\u00e7os do mercado de materiais e servi\u00e7os, e v\u00e3o alcan\u00e7ar o teto de at\u00e9 onze vezes o piso nacional (R$16.698).<\/p>\n<figure class=\"wp-block-gallery has-nested-images columns-default is-cropped wp-block-gallery-2 is-layout-flex wp-block-gallery-is-layout-flex\">\n<figure class=\"wp-block-image size-large\"><\/figure>\n<figure class=\"wp-block-image size-large\"><\/figure>\n<\/figure>\n<p>Para a realiza\u00e7\u00e3o da reforma, todo o processo \u00e9 executado por empresas contratadas via licita\u00e7\u00e3o. Jo\u00e3o Pessoa foi dividida em quatro \u00e1reas, e cada resid\u00eancia \u00e9 atendida pela empresa respons\u00e1vel pela sua regi\u00e3o. \u201cO programa come\u00e7ou como um plano-piloto abrangendo as quatro regi\u00f5es da cidade. Antes, as pessoas recorriam a pol\u00edticos pedindo um saco de cimento, uma porta. Hoje, existe um programa permanente, gratuito e com crit\u00e9rios claros\u201d, destaca o secret\u00e1rio executivo de Habita\u00e7\u00e3o, Beto Pirulito. \u201c\u00c9 totalmente 0800. N\u00e3o existe nenhum \u00f4nus: o morador n\u00e3o paga nada, n\u00e3o \u00e9 empr\u00e9stimo, n\u00e3o tem carn\u00ea. \u00c9 pol\u00edtica p\u00fablica de verdade\u201d, ressaltou.<\/p>\n<p><strong>Hist\u00f3rias que representam centenas \u2013<\/strong> Entre as fam\u00edlias atendidas est\u00e1 a de Antonia Valentim Gomes, 66 anos, que mora h\u00e1 mais de 20 anos na mesma casa, no bairro Jardim Veneza, onde vive com o esposo, Manoel Gomes, 64 anos. O im\u00f3vel tinha infiltra\u00e7\u00f5es, problemas estruturais e risco de danos causados pela casa vizinha. \u201cO quarto estava caindo, a parede se estragando. Eu n\u00e3o tinha condi\u00e7\u00e3o de consertar\u201d, contou Dona Antonia. Segundo ela, a chegada da equipe foi um al\u00edvio. \u201cEles fizeram tudo direitinho. Em duas semanas, estava tudo pronto. Melhorou muito\u201d.<\/p>\n<figure class=\"wp-block-gallery has-nested-images columns-default is-cropped wp-block-gallery-3 is-layout-flex wp-block-gallery-is-layout-flex\">\n<figure class=\"wp-block-image size-large\"><\/figure>\n<figure class=\"wp-block-image size-large\"><\/figure>\n<figure class=\"wp-block-image size-large\"><\/figure>\n<\/figure>\n<figure class=\"wp-block-gallery has-nested-images columns-default is-cropped wp-block-gallery-4 is-layout-flex wp-block-gallery-is-layout-flex\">\n<figure class=\"wp-block-image size-large\"><\/figure>\n<\/figure>\n<p>Seu Manoel destacou que a reforma trouxe seguran\u00e7a. \u201cA gente vivia preocupado com goteira, com a parede fraca. Agora est\u00e1 firme\u201d. O casal tamb\u00e9m enfrentava dificuldades relacionadas \u00e0 documenta\u00e7\u00e3o do im\u00f3vel, comprado h\u00e1 d\u00e9cadas. Mesmo assim, puderam ser atendidos, porque o programa avalia sobretudo a posse e a resid\u00eancia comprovada. \u201cA gente tenta facilitar dentro do que a lei permite\u201d, explicou a engenheira Mirela Oliveira, que integra a equipe t\u00e9cnica do programa Cuidar do Lar.<\/p>\n<p>Outro exemplo \u00e9 o de Jana\u00edna de Ara\u00fajo Martins, moradora de Mangabeira, trabalhadora aut\u00f4noma e m\u00e3e de dois adolescentes, Diego Gabriel, de 16 anos, e Jonathas Klaytson, com 13. Ela soube do programa Cuidar do Lar por indica\u00e7\u00e3o de uma amiga e enviou os documentos e fotos da casa pela plataforma digital. \u201cA parte dif\u00edcil foi a tecnologia, mas meus filhos me ajudaram\u201d, relatou.<\/p>\n<figure class=\"wp-block-gallery has-nested-images columns-default is-cropped wp-block-gallery-5 is-layout-flex wp-block-gallery-is-layout-flex\">\n<figure class=\"wp-block-image size-large\"><\/figure>\n<figure class=\"wp-block-image size-large\"><\/figure>\n<\/figure>\n<figure class=\"wp-block-image size-large\"><\/figure>\n<p>A principal necessidade da moradia de Jana\u00edna era a troca do madeiramento tomado por cupins e da instala\u00e7\u00e3o el\u00e9trica, comprometida por infiltra\u00e7\u00f5es. \u201cCorria risco de curto-circuito. Eu n\u00e3o tinha condi\u00e7\u00e3o de resolver\u201d, lembrou. Ap\u00f3s an\u00e1lise t\u00e9cnica, o retorno veio em poucos dias. \u201cNo dia seguinte, vieram tirar fotos. No terceiro, chegou o mestre de obras. Em tr\u00eas dias, a reforma estava pronta\u201d.<\/p>\n<p>Para Jana\u00edna, a rapidez e a postura da equipe foram marcantes. \u201cEles chegavam no hor\u00e1rio, trabalhavam com seriedade. N\u00e3o precisei sair de casa nem pagar aluguel para guardar minhas coisas. Foi tudo muito tranquilo\u201d. Agora, ela afirma viver uma sensa\u00e7\u00e3o de al\u00edvio. \u201cEntrar em 2026 sem d\u00edvidas e com a casa segura \u00e9 gratificante. H\u00e1 23 anos eu esperava por isso. Estou muito satisfeita, a Prefeitura est\u00e1 de parab\u00e9ns\u201d, comemorou.<\/p>\n<figure class=\"wp-block-gallery has-nested-images columns-default is-cropped wp-block-gallery-6 is-layout-flex wp-block-gallery-is-layout-flex\">\n<figure class=\"wp-block-image size-large\"><\/figure>\n<\/figure>\n<p><strong>Atendimento t\u00e9cnico e acompanhamento \u2013 <\/strong>A equipe da Semhab visita cada im\u00f3vel, avalia os danos e elabora um projeto de reforma ou reconstru\u00e7\u00e3o. Do in\u00edcio ao fim, engenheiros, fiscais e mestres de obra acompanham o processo. Para a engenheira Mirela Oliveira, o impacto vai al\u00e9m da estrutura f\u00edsica da casa. \u201cA gente entra em lugares onde, \u00e0s vezes, uma simples infiltra\u00e7\u00e3o gera risco el\u00e9trico, ou onde uma chuva torna o ambiente inabit\u00e1vel. Ver a transforma\u00e7\u00e3o na rotina dessas fam\u00edlias \u00e9 o mais gratificante\u201d.<\/p>\n<p>O coordenador do programa Cuidar Lar, Alfredo Codevilla, refor\u00e7a que a estrat\u00e9gia prioriza dignidade e perman\u00eancia comunit\u00e1ria. \u201cO objetivo \u00e9 manter as pessoas em seus locais de origem, perto de sua rede de apoio, sem precisar desloc\u00e1-las. \u00c9 uma pol\u00edtica que melhora a cidade e a vida das pessoas ao mesmo tempo\u201d, avaliou.<\/p>\n<p><strong>Reconhecimento nacional \u2013<\/strong> O Cuidar do Lar j\u00e1 recebeu dois pr\u00eamios nacionais: o Selo de M\u00e9rito da Associa\u00e7\u00e3o Brasileira de Secret\u00e1rios de Habita\u00e7\u00e3o e o pr\u00eamio do F\u00f3rum Nacional de Habita\u00e7\u00e3o, que reconhecem o impacto direto do programa na qualidade de vida das fam\u00edlias beneficiadas. O modelo de Jo\u00e3o Pessoa vem sendo replicado em cidades de v\u00e1rios estados, incluindo Rio Grande do Norte, Mato Grosso do Sul, Rio Grande do Sul, Minas Gerais e S\u00e3o Paulo.<\/p>\n<figure class=\"wp-block-image size-large\"><\/figure>\n<p>Para a secret\u00e1ria Socorro Gadelha, o \u00eaxito \u00e9 resultado de vis\u00e3o estrat\u00e9gica. \u201cO programa est\u00e1 transformando vidas sem remover ningu\u00e9m de sua comunidade. As pessoas continuam na sua casa, mas agora com uma condi\u00e7\u00e3o muito melhor de vida\u201d.<\/p>\n<p><strong>Como participar \u2013 <\/strong>Podem participar fam\u00edlias que:<\/p>\n<ul class=\"wp-block-list\">\n<li>Tenham renda de at\u00e9 dois sal\u00e1rios m\u00ednimos;<\/li>\n<li>Possuam im\u00f3vel pr\u00f3prio em Jo\u00e3o Pessoa;<\/li>\n<li>N\u00e3o morem em \u00e1reas de risco.<\/li>\n<\/ul>\n<p>As inscri\u00e7\u00f5es podem ser feitas:<\/p>\n<ul class=\"wp-block-list\">\n<li>Pelo aplicativo Jo\u00e3o Pessoa na Palma da M\u00e3o;<\/li>\n<li>Pela plataforma Prefeitura Conectada.<\/li>\n<\/ul>\n<p>\u00c9 necess\u00e1rio enviar documentos pessoais, comprovantes de resid\u00eancia, renda e estado civil, al\u00e9m de fotos do im\u00f3vel. Crit\u00e9rios como vulnerabilidade social, presen\u00e7a de idosos, pessoas com defici\u00eancia ou fam\u00edlias chefiadas por mulheres oferecem prioridade.<\/p>\n<\/p><\/div>\n","protected":false},"excerpt":{"rendered":"<p>A Prefeitura de Jo\u00e3o Pessoa vem ampliando o alcance do Cuidar do Lar, programa municipal<\/p>\n","protected":false},"author":1,"featured_media":0,"comment_status":"","ping_status":"","sticky":false,"template":"","format":"standard","meta":{"footnotes":""},"categories":[1],"tags":[],"class_list":["post-50936","post","type-post","status-publish","format-standard","hentry","category-noticias"],"amp_enabled":true,"_links":{"self":[{"href":"https:\/\/tvtribunape.com.br\/index.php\/wp-json\/wp\/v2\/posts\/50936","targetHints":{"allow":["GET"]}}],"collection":[{"href":"https:\/\/tvtribunape.com.br\/index.php\/wp-json\/wp\/v2\/posts"}],"about":[{"href":"https:\/\/tvtribunape.com.br\/index.php\/wp-json\/wp\/v2\/types\/post"}],"author":[{"embeddable":true,"href":"https:\/\/tvtribunape.com.br\/index.php\/wp-json\/wp\/v2\/users\/1"}],"replies":[{"embeddable":true,"href":"https:\/\/tvtribunape.com.br\/index.php\/wp-json\/wp\/v2\/comments?post=50936"}],"version-history":[{"count":0,"href":"https:\/\/tvtribunape.com.br\/index.php\/wp-json\/wp\/v2\/posts\/50936\/revisions"}],"wp:attachment":[{"href":"https:\/\/tvtribunape.com.br\/index.php\/wp-json\/wp\/v2\/media?parent=50936"}],"wp:term":[{"taxonomy":"category","embeddable":true,"href":"https:\/\/tvtribunape.com.br\/index.php\/wp-json\/wp\/v2\/categories?post=50936"},{"taxonomy":"post_tag","embeddable":true,"href":"https:\/\/tvtribunape.com.br\/index.php\/wp-json\/wp\/v2\/tags?post=50936"}],"curies":[{"name":"wp","href":"https:\/\/api.w.org\/{rel}","templated":true}]}}