{"id":51202,"date":"2025-12-15T10:20:53","date_gmt":"2025-12-15T13:20:53","guid":{"rendered":"https:\/\/tvtribunape.com.br\/index.php\/2025\/12\/15\/hospital-albert-schweitzer-celebra-natal-com-atividades-especiais-prefeitura-da-cidade-do-rio-de-janeiro\/"},"modified":"2025-12-15T10:20:53","modified_gmt":"2025-12-15T13:20:53","slug":"hospital-albert-schweitzer-celebra-natal-com-atividades-especiais-prefeitura-da-cidade-do-rio-de-janeiro","status":"publish","type":"post","link":"https:\/\/tvtribunape.com.br\/index.php\/2025\/12\/15\/hospital-albert-schweitzer-celebra-natal-com-atividades-especiais-prefeitura-da-cidade-do-rio-de-janeiro\/","title":{"rendered":"Hospital Albert Schweitzer celebra Natal com atividades especiais &#8211; Prefeitura da Cidade do Rio de Janeiro"},"content":{"rendered":"<p><\/p>\n<div id=\"main\">\n<div class=\"wrapper-breadcrumbs\" wp_automatic_readability=\"27.242114236999\">\n<div class=\"image-post\" wp_automatic_readability=\"35\">\n                     Leitura de hist\u00f3rias infantis, pe\u00e7a teatral, coral e visita do Papai Noel v\u00e3o acontecer na unidade &#8211; Caroline Matos\/SMS                  <\/div>\n<p>O Hospital Municipal Albert Schweitzer (HMAS), em Realengo, vai entrar no clima natalino com diversas programa\u00e7\u00f5es que ser\u00e3o realizadas nos dias 16, 17 e 18 de dezembro para os pacientes internados e seus acompanhantes. A fachada da unidade tamb\u00e9m foi decorada com \u00e1rvore de Natal de 2,6 metros produzida com materiais recicl\u00e1veis e iluminada com cores tem\u00e1ticas.<\/p>\n<p>Uma sess\u00e3o de leitura de hist\u00f3rias para crian\u00e7as internadas ser\u00e1 a primeira atividade natalina que vai acontecer no HMAS. Ser\u00e1 nesta ter\u00e7a-feira (16), \u00e0s 14h, e contar\u00e1 com o apoio de volunt\u00e1rios para deixar o momento mais interativo e especial. Na quarta-feira (17), \u00e0s 14h, alunos do curso de psicologia de uma universidade local v\u00e3o apresentar uma pe\u00e7a teatral para os pequeninos da ala da pediatria. E para encerrar as a\u00e7\u00f5es com bom astral, na quinta-feira (18), \u00e0s 10h, volunt\u00e1rios v\u00e3o percorrer os corredores da unidade cantando m\u00fasicas de Natal, formando um belo coral que contar\u00e1 com a presen\u00e7a do Papai Noel para abrilhantar o local com sua magia.<\/p>\n<blockquote wp_automatic_readability=\"14\">\n<p>\u201cA celebra\u00e7\u00e3o do Natal no nosso hospital \u00e9 sempre inesquec\u00edvel e neste ano n\u00e3o tinha como ser diferente. Os profissionais se empenharam para construir um ambiente natalino com decora\u00e7\u00f5es especiais. Sempre priorizamos os nossos pacientes internados e, com a nossa programa\u00e7\u00e3o natalina, queremos que a interna\u00e7\u00e3o, que j\u00e1 \u00e9 um per\u00edodo \u00e1rduo, seja repleta de paz e uni\u00e3o\u201d, contou Kamila Conde, diretora do Hospital Municipal Albert Schweitzer.<\/p>\n<\/blockquote>\n<p>             <!-- Compartilhe ---><\/p>\n<p>\t\t\t <!-- TAGS --><\/p>\n<section class=\"category-tags\">\n<div class=\"marcacao-category\">\n<article class=\"category-post\">\n<p>Categoria: <\/p>\n<\/article>\n<li>15 de dezembro de 2025<\/li><\/div>\n<article class=\"tags\">\n\t\t\t\t\tMarca\u00e7\u00f5es: atividades de natal Hospital Albert Schweitzer Not\u00edcias sa\u00fade<br \/><\/article>\n<\/section>\n<p>            <!-- Mais Not&iacute;cias --><\/p>\n<p>\t\t<!-- Conte&uacute;do SIDEBAR --><\/p><\/div>\n<\/p><\/div>\n","protected":false},"excerpt":{"rendered":"<p>Leitura de hist\u00f3rias infantis, pe\u00e7a teatral, coral e visita do Papai Noel v\u00e3o acontecer na<\/p>\n","protected":false},"author":1,"featured_media":0,"comment_status":"","ping_status":"","sticky":false,"template":"","format":"standard","meta":{"footnotes":""},"categories":[1],"tags":[],"class_list":["post-51202","post","type-post","status-publish","format-standard","hentry","category-noticias"],"amp_enabled":true,"_links":{"self":[{"href":"https:\/\/tvtribunape.com.br\/index.php\/wp-json\/wp\/v2\/posts\/51202","targetHints":{"allow":["GET"]}}],"collection":[{"href":"https:\/\/tvtribunape.com.br\/index.php\/wp-json\/wp\/v2\/posts"}],"about":[{"href":"https:\/\/tvtribunape.com.br\/index.php\/wp-json\/wp\/v2\/types\/post"}],"author":[{"embeddable":true,"href":"https:\/\/tvtribunape.com.br\/index.php\/wp-json\/wp\/v2\/users\/1"}],"replies":[{"embeddable":true,"href":"https:\/\/tvtribunape.com.br\/index.php\/wp-json\/wp\/v2\/comments?post=51202"}],"version-history":[{"count":0,"href":"https:\/\/tvtribunape.com.br\/index.php\/wp-json\/wp\/v2\/posts\/51202\/revisions"}],"wp:attachment":[{"href":"https:\/\/tvtribunape.com.br\/index.php\/wp-json\/wp\/v2\/media?parent=51202"}],"wp:term":[{"taxonomy":"category","embeddable":true,"href":"https:\/\/tvtribunape.com.br\/index.php\/wp-json\/wp\/v2\/categories?post=51202"},{"taxonomy":"post_tag","embeddable":true,"href":"https:\/\/tvtribunape.com.br\/index.php\/wp-json\/wp\/v2\/tags?post=51202"}],"curies":[{"name":"wp","href":"https:\/\/api.w.org\/{rel}","templated":true}]}}