{"id":52992,"date":"2026-01-31T16:43:13","date_gmt":"2026-01-31T19:43:13","guid":{"rendered":"https:\/\/tvtribunape.com.br\/index.php\/2026\/01\/31\/morre-paciente-do-icesp-apos-transferencia-por-causa-de-incendio\/"},"modified":"2026-01-31T16:43:13","modified_gmt":"2026-01-31T19:43:13","slug":"morre-paciente-do-icesp-apos-transferencia-por-causa-de-incendio","status":"publish","type":"post","link":"https:\/\/tvtribunape.com.br\/index.php\/2026\/01\/31\/morre-paciente-do-icesp-apos-transferencia-por-causa-de-incendio\/","title":{"rendered":"Morre paciente do Icesp ap\u00f3s transfer\u00eancia por causa de inc\u00eandio"},"content":{"rendered":"<p> Por MRNews<br \/>\n<\/p>\n<div wp_automatic_readability=\"48.008868243243\">\n<p><strong>O Hospital das Cl\u00ednicas da Faculdade de Medicina da Universidade de S\u00e3o Paulo (HCFMUSP) informou neste s\u00e1bado (31) que um paciente do Instituto do C\u00e2ncer do Estado de S\u00e3o Paulo (Icesp) morreu ap\u00f3s ser transferido da Unidade de Tratamento Intensivo (UTI) do instituto. <\/strong>A transfer\u00eancia foi necess\u00e1ria em raz\u00e3o do inc\u00eandio ocorrido nesta sexta-feira (30), em um gerador que abastecia o pr\u00e9dio. A evacua\u00e7\u00e3o foi feita nas \u00e1reas atingidas pela fuma\u00e7a.<\/p>\n<blockquote wp_automatic_readability=\"17\">\n<p>\u201cEm raz\u00e3o do desabastecimento de energia el\u00e9trica pela concession\u00e1ria [Enel] no Icesp, foi iniciado o protocolo de transfer\u00eancia de pacientes internados em UTI e com depend\u00eancia de ventila\u00e7\u00e3o mec\u00e2nica. Infelizmente, durante essa mobiliza\u00e7\u00e3o, um paciente em estado pr\u00e9vio extremamente cr\u00edtico apresentou instabilidade cl\u00ednica, recebeu atendimento imediato pela equipe respons\u00e1vel com revers\u00e3o de quadro, mas, posteriormente, evoluiu a \u00f3bito\u201d, disse o HC, em nota.<\/p>\n<\/blockquote>\n<p><strong>Segundo o hospital, no total, oito pacientes foram transferidos do Icesp, sendo cinco para o Instituto do Cora\u00e7\u00e3o (InCor) e tr\u00eas para o Instituto Central (ICHC).<\/strong> Profissionais envolvidos diretamente no atendimento e no combate inicial \u00e0 ocorr\u00eancia foram avaliados por poss\u00edvel inala\u00e7\u00e3o de fuma\u00e7a. Ao todo, dez pessoas receberam atendimento; sete permaneceram em observa\u00e7\u00e3o, por precau\u00e7\u00e3o, e receberam alta neste s\u00e1bado.<\/p>\n<p><strong><a href=\"https:\/\/mrnews.com.br\/index.php\/2026\/01\/31\/pm-de-sp-tera-esquema-de-atendimento-especial-a-mulheres-no-carnaval\/\">PM de SP ter\u00e1 esquema de atendimento especial a mulheres no Carnaval<\/a><\/strong><\/p>\n<p><strong><a href=\"https:\/\/mrnews.com.br\/index.php\/2026\/01\/31\/lula-tem-evolucao-satisfatoria-apos-cirurgia-de-catarata\/\">Lula tem evolu\u00e7\u00e3o satisfat\u00f3ria ap\u00f3s cirurgia de catarata<\/a><\/strong><\/p>\n<p>\u201cO HCFMUSP est\u00e1 apurando todas as circunst\u00e2ncias do ocorrido e, de forma imediata, determinou a revis\u00e3o e o refor\u00e7o de protocolos e procedimentos de seguran\u00e7a e assist\u00eancia, com foco em aprimorar continuamente a prote\u00e7\u00e3o de pacientes, acompanhantes e profissionais\u201d, disse o hospital.<\/p>\n<p>Neste s\u00e1bado, todas as alas do Icesp mant\u00eam o atendimento normalmente.<\/p>\n<h2>Enel<\/h2>\n<p>A distribuidora de energia Enel informou \u00e0 <strong>Ag\u00eancia Brasil <\/strong>para informar que realizava um trabalho de emerg\u00eancia na regi\u00e3o e que precisou desligar a energia do hospital. O fornecimento foi restabelecido posteriormente.<\/p>\n<p>A empresa reafirmou que o inc\u00eandio aconteceu em um gerador que pertence ao hospital.<\/p>\n<p><strong><a href=\"https:\/\/mrnews.com.br\/index.php\/2026\/01\/31\/minas-gerais-tem-alerta-de-perigo-para-tempestades-e-rajadas-de-vento\/\">Minas Gerais tem alerta de perigo para tempestades e rajadas de vento<\/a><\/strong><\/p>\n<p><strong><a href=\"https:\/\/mrnews.com.br\/index.php\/2026\/01\/31\/delcy-rodriguez-apresenta-proposta-de-anistia-geral-na-venezuela\/\">Delcy Rodr\u00edguez apresenta proposta de anistia geral na Venezuela<\/a><\/strong><\/p>\n<\/div>\n","protected":false},"excerpt":{"rendered":"<p>Por MRNews O Hospital das Cl\u00ednicas da Faculdade de Medicina da Universidade de S\u00e3o Paulo<\/p>\n","protected":false},"author":1,"featured_media":0,"comment_status":"","ping_status":"","sticky":false,"template":"","format":"standard","meta":{"footnotes":""},"categories":[1],"tags":[],"class_list":["post-52992","post","type-post","status-publish","format-standard","hentry","category-noticias"],"amp_enabled":true,"_links":{"self":[{"href":"https:\/\/tvtribunape.com.br\/index.php\/wp-json\/wp\/v2\/posts\/52992","targetHints":{"allow":["GET"]}}],"collection":[{"href":"https:\/\/tvtribunape.com.br\/index.php\/wp-json\/wp\/v2\/posts"}],"about":[{"href":"https:\/\/tvtribunape.com.br\/index.php\/wp-json\/wp\/v2\/types\/post"}],"author":[{"embeddable":true,"href":"https:\/\/tvtribunape.com.br\/index.php\/wp-json\/wp\/v2\/users\/1"}],"replies":[{"embeddable":true,"href":"https:\/\/tvtribunape.com.br\/index.php\/wp-json\/wp\/v2\/comments?post=52992"}],"version-history":[{"count":0,"href":"https:\/\/tvtribunape.com.br\/index.php\/wp-json\/wp\/v2\/posts\/52992\/revisions"}],"wp:attachment":[{"href":"https:\/\/tvtribunape.com.br\/index.php\/wp-json\/wp\/v2\/media?parent=52992"}],"wp:term":[{"taxonomy":"category","embeddable":true,"href":"https:\/\/tvtribunape.com.br\/index.php\/wp-json\/wp\/v2\/categories?post=52992"},{"taxonomy":"post_tag","embeddable":true,"href":"https:\/\/tvtribunape.com.br\/index.php\/wp-json\/wp\/v2\/tags?post=52992"}],"curies":[{"name":"wp","href":"https:\/\/api.w.org\/{rel}","templated":true}]}}