{"id":53741,"date":"2026-02-20T00:02:50","date_gmt":"2026-02-20T03:02:50","guid":{"rendered":"https:\/\/tvtribunape.com.br\/index.php\/2026\/02\/20\/tse-retomara-julgamento-que-pode-cassar-governador-do-rio\/"},"modified":"2026-02-20T00:02:50","modified_gmt":"2026-02-20T03:02:50","slug":"tse-retomara-julgamento-que-pode-cassar-governador-do-rio","status":"publish","type":"post","link":"https:\/\/tvtribunape.com.br\/index.php\/2026\/02\/20\/tse-retomara-julgamento-que-pode-cassar-governador-do-rio\/","title":{"rendered":"TSE retomar\u00e1 julgamento que pode cassar governador do Rio"},"content":{"rendered":"<p> Por MRNews<br \/>\n<\/p>\n<div wp_automatic_readability=\"46.417461113899\">\n<p><strong>O Tribunal Superior Eleitoral (TSE) marcou para o dia 10 de mar\u00e7o a retomada do julgamento do processo que pede a cassa\u00e7\u00e3o do mandato do governador do Rio de Janeiro, Cla\u00fadio Castro (foto), por abuso de poder pol\u00edtico e econ\u00f4mico na campanha \u00e0 reelei\u00e7\u00e3o, em 2022.<\/strong><\/p>\n<p>Em novembro do ano passado, a ministra Maria Isabel Galotti, relatora do caso, votou pela cassa\u00e7\u00e3o do governador, mas a an\u00e1lise do caso foi suspensa por um pedido de vista do ministro\u00a0Ant\u00f4nio Carlos Ferreira, que ser\u00e1 o pr\u00f3ximo a votar.<\/p>\n<p>O Minist\u00e9rio P\u00fablico Eleitoral (MPE) e a coliga\u00e7\u00e3o do ex-deputado Marcelo Freixo (PSOL-RJ) pretendem reverter a decis\u00e3o do Tribunal Regional Eleitoral do Rio de Janeiro (TRE-RJ) que, em maio de 2024, absolveu Castro\u00a0e outros acusados no processo que trata de supostas contrata\u00e7\u00f5es irregulares na Funda\u00e7\u00e3o Centro Estadual de Estat\u00edsticas, Pesquisas e Forma\u00e7\u00e3o de Servidores P\u00fablicos do Rio de Janeiro (Ceperj) e na Universidade do Estado do Rio de Janeiro (Uerj)<\/p>\n<p><strong><a href=\"https:\/\/mrnews.com.br\/index.php\/2026\/02\/19\/mendonca-decide-que-ida-de-vorcaro-ao-senado-e-facultativa\/\">Mendon\u00e7a decide que ida de Vorcaro ao Senado \u00e9 facultativa<\/a><\/strong><\/p>\n<p><strong><a href=\"https:\/\/mrnews.com.br\/index.php\/2026\/02\/19\/ministro-do-stf-autoriza-pf-a-retomar-investigacao-do-caso-master\/\">Ministro do STF autoriza PF a retomar investiga\u00e7\u00e3o do caso Master<\/a><\/strong><\/p>\n<p><strong>O MPE afirmou que Castro\u00a0obteve vantagem eleitoral na contrata\u00e7\u00e3o de servidores tempor\u00e1rios, sem amparo legal, e na descentraliza\u00e7\u00e3o de projetos sociais para enviar recursos para entidades desvinculadas da administra\u00e7\u00e3o p\u00fablica do Rio<\/strong><\/p>\n<p>Segundo a acusa\u00e7\u00e3o, a descentraliza\u00e7\u00e3o de recursos ocorreu para fomentar a contrata\u00e7\u00e3o de 27.665 pessoas, totalizando gastos de R$ 248 milh\u00f5es.<\/p>\n<h2>Defesa\u00a0<\/h2>\n<p><strong>Antes da suspens\u00e3o do julgamento, o advogado Fernando Neves, representante de Castro, disse que o governador apenas sancionou uma lei da Assembleia Legislativa e um decreto para regulamentar a atua\u00e7\u00e3o da Ceperj e n\u00e3o pode ser responsabilizado por eventuais irregularidades.<\/strong><\/p>\n<p><strong><a href=\"https:\/\/mrnews.com.br\/index.php\/2026\/02\/19\/tragedia-com-pirulito-tira-a-vida-de-crianca-de-tres-anos-em-minas-gerais\/\">Trag\u00e9dia com pirulito tira a vida de crian\u00e7a de tr\u00eas anos em Minas Gerais<\/a><\/strong><\/p>\n<p><strong><a href=\"https:\/\/mrnews.com.br\/index.php\/2026\/02\/19\/alckmin-anuncia-regulamentacao-de-salvaguardas-em-acordos-comerciais\/\">Alckmin anuncia regulamenta\u00e7\u00e3o de salvaguardas em acordos comerciais<\/a><\/strong><\/p>\n<\/div>\n","protected":false},"excerpt":{"rendered":"<p>Por MRNews O Tribunal Superior Eleitoral (TSE) marcou para o dia 10 de mar\u00e7o a<\/p>\n","protected":false},"author":1,"featured_media":0,"comment_status":"","ping_status":"","sticky":false,"template":"","format":"standard","meta":{"footnotes":""},"categories":[1],"tags":[],"class_list":["post-53741","post","type-post","status-publish","format-standard","hentry","category-noticias"],"amp_enabled":true,"_links":{"self":[{"href":"https:\/\/tvtribunape.com.br\/index.php\/wp-json\/wp\/v2\/posts\/53741","targetHints":{"allow":["GET"]}}],"collection":[{"href":"https:\/\/tvtribunape.com.br\/index.php\/wp-json\/wp\/v2\/posts"}],"about":[{"href":"https:\/\/tvtribunape.com.br\/index.php\/wp-json\/wp\/v2\/types\/post"}],"author":[{"embeddable":true,"href":"https:\/\/tvtribunape.com.br\/index.php\/wp-json\/wp\/v2\/users\/1"}],"replies":[{"embeddable":true,"href":"https:\/\/tvtribunape.com.br\/index.php\/wp-json\/wp\/v2\/comments?post=53741"}],"version-history":[{"count":0,"href":"https:\/\/tvtribunape.com.br\/index.php\/wp-json\/wp\/v2\/posts\/53741\/revisions"}],"wp:attachment":[{"href":"https:\/\/tvtribunape.com.br\/index.php\/wp-json\/wp\/v2\/media?parent=53741"}],"wp:term":[{"taxonomy":"category","embeddable":true,"href":"https:\/\/tvtribunape.com.br\/index.php\/wp-json\/wp\/v2\/categories?post=53741"},{"taxonomy":"post_tag","embeddable":true,"href":"https:\/\/tvtribunape.com.br\/index.php\/wp-json\/wp\/v2\/tags?post=53741"}],"curies":[{"name":"wp","href":"https:\/\/api.w.org\/{rel}","templated":true}]}}