{"id":5493,"date":"2022-09-29T18:46:06","date_gmt":"2022-09-29T21:46:06","guid":{"rendered":"https:\/\/tvtribunape.com.br\/?p=5493"},"modified":"2022-09-29T18:46:06","modified_gmt":"2022-09-29T21:46:06","slug":"nota-servico-de-atendimento-movel-de-urgencia-samu-192-prefeitura-de-campina-grande-pb","status":"publish","type":"post","link":"https:\/\/tvtribunape.com.br\/index.php\/2022\/09\/29\/nota-servico-de-atendimento-movel-de-urgencia-samu-192-prefeitura-de-campina-grande-pb\/","title":{"rendered":"NOTA: Servi\u00e7o de Atendimento M\u00f3vel de Urg\u00eancia (SAMU 192) | Prefeitura de Campina Grande &#8211; PB"},"content":{"rendered":"<p>A Secretaria de Sa\u00fade da Prefeitura de Campina Grande informa que o Servi\u00e7o de Atendimento M\u00f3vel de Urg\u00eancia (SAMU &#8211; 192) vem enfrentado dificuldades na execu\u00e7\u00e3o do trabalho nesta segunda-feira, 26, uma vez que o Hospital de Emerg\u00eancia e Trauma Dom Luiz Gonzaga Fernandes tem retido as macas de pacientes das ambul\u00e2ncias.<\/p>\n<\/p>\n<p>De acordo com a Dire\u00e7\u00e3o do SAMU-CG Regional, um total de dez macas ficaram retidas na unidade hospitalar, o que impossibilita as ambul\u00e2ncias de seguirem prestando atendimento para outros pacientes. A dire\u00e7\u00e3o do hospital justifica que, a reten\u00e7\u00e3o acontece em fun\u00e7\u00e3o de uma superlota\u00e7\u00e3o de pacientes por causa do alto n\u00famero de acidentes no final de semana.<\/p>\n<p>Para buscar solucionar o problema, a Secretaria Municipal de Sa\u00fade disponibilizou algumas macas das Unidades de Pronto Atendimento (UPAs) para as ambul\u00e2ncias, enquanto o Hospital de Trauma soluciona este problema da reten\u00e7\u00e3o dos equipamentos na unidade hospitalar.<\/p>\n<p>O problema afetou tamb\u00e9m a Central de Transfer\u00eancias do Munic\u00edpio, visto que, tr\u00eas das quatro ambul\u00e2ncias usadas para remo\u00e7\u00f5es, transfer\u00eancias e altas hospitalares de pacientes est\u00e3o no aguardo do retorno das macas que ficaram retidas no Hospital de Trauma.<\/p>\n<p>Com essas circunst\u00e2ncias, o tempo de atendimento para cada ocorr\u00eancia do SAMU aumentou. A Secretaria de Sa\u00fade reconhece a dificuldade enfrentada pelo Trauma, mas vem a p\u00fablico esclarecer os acontecimentos para informar \u00e0 popula\u00e7\u00e3o o real motivo pelo preju\u00edzo no servi\u00e7o de qualidade prestado pelo SAMU.<\/p>\n<p>Fonte: <a href=\"\/\/campinagrande.pb.gov.br\/nota-servico-de-atendimento-movel-de-urgencia-samu-192\" title=\"campinagrande.pb.gov.br\/nota-servico-de-atendimento-movel-de-urgencia-samu-192\" target=\"_blank\" rel=\"bookmark noopener\"><cite>campinagrande.pb.gov.br\/nota-servico-de-atendimento-movel-de-urgencia-samu-192<\/cite><\/a><\/p>\n","protected":false},"excerpt":{"rendered":"<p>A Secretaria de Sa\u00fade da Prefeitura de Campina Grande informa que o Servi\u00e7o de Atendimento<\/p>\n","protected":false},"author":1,"featured_media":0,"comment_status":"closed","ping_status":"closed","sticky":false,"template":"","format":"standard","meta":{"footnotes":""},"categories":[1],"tags":[],"class_list":["post-5493","post","type-post","status-publish","format-standard","hentry","category-noticias"],"amp_enabled":true,"_links":{"self":[{"href":"https:\/\/tvtribunape.com.br\/index.php\/wp-json\/wp\/v2\/posts\/5493","targetHints":{"allow":["GET"]}}],"collection":[{"href":"https:\/\/tvtribunape.com.br\/index.php\/wp-json\/wp\/v2\/posts"}],"about":[{"href":"https:\/\/tvtribunape.com.br\/index.php\/wp-json\/wp\/v2\/types\/post"}],"author":[{"embeddable":true,"href":"https:\/\/tvtribunape.com.br\/index.php\/wp-json\/wp\/v2\/users\/1"}],"replies":[{"embeddable":true,"href":"https:\/\/tvtribunape.com.br\/index.php\/wp-json\/wp\/v2\/comments?post=5493"}],"version-history":[{"count":1,"href":"https:\/\/tvtribunape.com.br\/index.php\/wp-json\/wp\/v2\/posts\/5493\/revisions"}],"predecessor-version":[{"id":5494,"href":"https:\/\/tvtribunape.com.br\/index.php\/wp-json\/wp\/v2\/posts\/5493\/revisions\/5494"}],"wp:attachment":[{"href":"https:\/\/tvtribunape.com.br\/index.php\/wp-json\/wp\/v2\/media?parent=5493"}],"wp:term":[{"taxonomy":"category","embeddable":true,"href":"https:\/\/tvtribunape.com.br\/index.php\/wp-json\/wp\/v2\/categories?post=5493"},{"taxonomy":"post_tag","embeddable":true,"href":"https:\/\/tvtribunape.com.br\/index.php\/wp-json\/wp\/v2\/tags?post=5493"}],"curies":[{"name":"wp","href":"https:\/\/api.w.org\/{rel}","templated":true}]}}