{"id":55457,"date":"2026-04-02T22:04:09","date_gmt":"2026-04-03T01:04:09","guid":{"rendered":"https:\/\/tvtribunape.com.br\/index.php\/2026\/04\/02\/fifa-altera-horario-da-segunda-partida-do-brasil-na-copa-do-mundo\/"},"modified":"2026-04-02T22:04:09","modified_gmt":"2026-04-03T01:04:09","slug":"fifa-altera-horario-da-segunda-partida-do-brasil-na-copa-do-mundo","status":"publish","type":"post","link":"https:\/\/tvtribunape.com.br\/index.php\/2026\/04\/02\/fifa-altera-horario-da-segunda-partida-do-brasil-na-copa-do-mundo\/","title":{"rendered":"Fifa altera hor\u00e1rio da segunda partida do Brasil na Copa do Mundo"},"content":{"rendered":"<p><\/p>\n<div wp_automatic_readability=\"47.578227571116\">\n<p>A Fifa alterou o hor\u00e1rio da segunda partida do Brasil na Copa do Mundo, que ser\u00e1 disputada no M\u00e9xico, no Canad\u00e1 e nos Estados Unidos. O confronto da sele\u00e7\u00e3o com o Haiti, que estava marcado para as 22h (hor\u00e1rio de Bras\u00edlia) do dia 19 de junho no Lincoln Financial Field, na Filad\u00e9lfia, foi reprogramado para as 21h30.<\/p>\n<p>O Brasil est\u00e1 no Grupo C do Mundial de 2026. A estreia ser\u00e1 contra Marrocos, no dia 13 de junho no MetLife Stadium, em Nova Jersey, \u00e0s 19h (hor\u00e1rio de Bras\u00edlia). J\u00e1 o encerramento da primeira fase est\u00e1 marcado para o dia 24 de junho, contra a Esc\u00f3cia, no Hard Rock Stadium, em Miami, \u00e0s 19h.<\/p>\n<p>As mudan\u00e7as foram realizadas ap\u00f3s a defini\u00e7\u00e3o dos \u00faltimos classificados para o pr\u00f3ximo Mundial de sele\u00e7\u00f5es, que ser\u00e1 disputado entre 11 de junho e 19 de julho.<\/p>\n<p><strong><a href=\"https:\/\/mrnews.com.br\/index.php\/2026\/04\/02\/botafogo-oficializa-contratacao-do-tecnico-portugues-franclim-carvalho\/\">Botafogo oficializa contrata\u00e7\u00e3o do t\u00e9cnico portugu\u00eas Franclim Carvalho<\/a><\/strong><\/p>\n<p><strong><a href=\"https:\/\/mrnews.com.br\/index.php\/2026\/04\/01\/franca-assume-lideranca-do-ranking-da-fifa-brasil-cai-para-6a-posicao\/\">Fran\u00e7a assume lideran\u00e7a do ranking da Fifa; Brasil cai para 6\u00aa posi\u00e7\u00e3o<\/a><\/strong><\/p>\n<h2>Convoca\u00e7\u00e3o final<\/h2>\n<p>Agora as aten\u00e7\u00f5es da sele\u00e7\u00e3o brasileira se concentram na convoca\u00e7\u00e3o final para a Copa do Mundo, que ser\u00e1 realizada no dia 18 de maio. Nesta oportunidade o t\u00e9cnico Carlo Ancelotti apresentar\u00e1 a lista final de 26 jogadores que defender\u00e3o o Brasil na Copa do Mundo que ser\u00e1 disputada no M\u00e9xico, no Canad\u00e1 e nos Estados Unidos.<\/p>\n<h2>Pr\u00f3ximos compromissos<\/h2>\n<p>Ap\u00f3s a convoca\u00e7\u00e3o a sele\u00e7\u00e3o se apresentar\u00e1 no 25 de maio na Granja Comary. Depois, o Brasil far\u00e1 um jogo de despedida da torcida brasileira. A sele\u00e7\u00e3o enfrentar\u00e1 o Panam\u00e1 no dia 31 de maio no est\u00e1dio do Maracan\u00e3, no Rio de Janeiro. Por fim, no dia 6 de junho, uma semana antes da estreia do Brasil no Mundial, a sele\u00e7\u00e3o enfrenta o Egito em seu \u00faltimo amistoso antes da estreia. A partida ser\u00e1 disputada no Huntington Bank Field, em Cleveland.<\/p>\n<\/div>\n","protected":false},"excerpt":{"rendered":"<p>A Fifa alterou o hor\u00e1rio da segunda partida do Brasil na Copa do Mundo, que<\/p>\n","protected":false},"author":1,"featured_media":0,"comment_status":"","ping_status":"","sticky":false,"template":"","format":"standard","meta":{"footnotes":""},"categories":[3],"tags":[],"class_list":["post-55457","post","type-post","status-publish","format-standard","hentry","category-futebol"],"amp_enabled":true,"_links":{"self":[{"href":"https:\/\/tvtribunape.com.br\/index.php\/wp-json\/wp\/v2\/posts\/55457","targetHints":{"allow":["GET"]}}],"collection":[{"href":"https:\/\/tvtribunape.com.br\/index.php\/wp-json\/wp\/v2\/posts"}],"about":[{"href":"https:\/\/tvtribunape.com.br\/index.php\/wp-json\/wp\/v2\/types\/post"}],"author":[{"embeddable":true,"href":"https:\/\/tvtribunape.com.br\/index.php\/wp-json\/wp\/v2\/users\/1"}],"replies":[{"embeddable":true,"href":"https:\/\/tvtribunape.com.br\/index.php\/wp-json\/wp\/v2\/comments?post=55457"}],"version-history":[{"count":0,"href":"https:\/\/tvtribunape.com.br\/index.php\/wp-json\/wp\/v2\/posts\/55457\/revisions"}],"wp:attachment":[{"href":"https:\/\/tvtribunape.com.br\/index.php\/wp-json\/wp\/v2\/media?parent=55457"}],"wp:term":[{"taxonomy":"category","embeddable":true,"href":"https:\/\/tvtribunape.com.br\/index.php\/wp-json\/wp\/v2\/categories?post=55457"},{"taxonomy":"post_tag","embeddable":true,"href":"https:\/\/tvtribunape.com.br\/index.php\/wp-json\/wp\/v2\/tags?post=55457"}],"curies":[{"name":"wp","href":"https:\/\/api.w.org\/{rel}","templated":true}]}}