{"id":56240,"date":"2026-04-23T01:48:26","date_gmt":"2026-04-23T04:48:26","guid":{"rendered":"https:\/\/tvtribunape.com.br\/index.php\/2026\/04\/23\/feriadao-de-sao-jorge-deve-aquecer-a-economia-carioca-em-r-50-milhoes-prefeitura-da-cidade-do-rio-de-janeiro\/"},"modified":"2026-04-23T01:48:26","modified_gmt":"2026-04-23T04:48:26","slug":"feriadao-de-sao-jorge-deve-aquecer-a-economia-carioca-em-r-50-milhoes-prefeitura-da-cidade-do-rio-de-janeiro","status":"publish","type":"post","link":"https:\/\/tvtribunape.com.br\/index.php\/2026\/04\/23\/feriadao-de-sao-jorge-deve-aquecer-a-economia-carioca-em-r-50-milhoes-prefeitura-da-cidade-do-rio-de-janeiro\/","title":{"rendered":"Feriad\u00e3o de S\u00e3o Jorge deve aquecer a economia carioca em R$ 50 milh\u00f5es &#8211; Prefeitura da Cidade do Rio de Janeiro"},"content":{"rendered":"<p><\/p>\n<div id=\"main\">\n<div class=\"wrapper-breadcrumbs\" wp_automatic_readability=\"41.328353361481\">\n<div class=\"image-post\" wp_automatic_readability=\"35\">\n                     A Igreja da Matriz de S\u00e3o Jorge, no bairro de Quintino Bocai\u00fava, re\u00fane um milh\u00e3o de pessoas ao longo do dia. Foto: Rafael Catarcione                  <\/div>\n<p>O feriado de S\u00e3o Jorge, comemorado em 23 de abril e que neste ano cai numa quinta-feira, deve movimentar a economia da cidade do Rio de Janeiro em R$ 47,6 milh\u00f5es, segundo levantamento da Prefeitura do Rio \u2013 por meio da Secretaria Municipal de Desenvolvimento Econ\u00f4mico (SMDE) e Riotur. A data \u00e9 dedicada \u00e0 S\u00e3o Jorge, no cristianismo, representado por Ogum nas religi\u00f5es de matriz africana, e impulsiona tradicionalmente diversos eventos em diferentes pontos da cidade, atraindo turistas.<\/p>\n<blockquote wp_automatic_readability=\"15\">\n<p>\u2013 A religiosidade \u00e9 um dos pontos fortes da nossa cultura e o Dia de S\u00e3o Jorge \u00e9 uma dessas datas em que cariocas e fluminenses se mobilizam para festejar a sua cren\u00e7a. Assim, a ocasi\u00e3o atrai visitantes, que querem comemorar a data ou aproveitar o feriado longo, gastando em transporte, eventos, hospedagem e em bares e restaurantes e movimentando a economia -, analisa Osmar Lima, secret\u00e1rio municipal de Desenvolvimento Econ\u00f4mico.<\/p>\n<\/blockquote>\n<p>Uma das tradi\u00e7\u00f5es mais famosas \u00e9 a celebra\u00e7\u00e3o da alvorada na Igreja da Matriz de S\u00e3o Jorge, no bairro de Quintino Bocai\u00fava, que re\u00fane um milh\u00e3o de pessoas ao longo do dia. Embora esse seja o principal ponto de encontro, as celebra\u00e7\u00f5es se estendem por toda a capital. Para al\u00e9m de locais fechados, diversas pra\u00e7as e \u00e1reas p\u00fablicas tamb\u00e9m far\u00e3o a celebra\u00e7\u00e3o do santo com a feijoada, nas quais as ruas ser\u00e3o decoradas e o p\u00fablico aproveitar\u00e1 o feriado com comidas, bebidas e m\u00fasica ao vivo. O feriado de S\u00e3o Jorge \u00e9 um patrim\u00f4nio carioca e uma data estrat\u00e9gica para o calend\u00e1rio de eventos da cidade.<\/p>\n<blockquote wp_automatic_readability=\"16\">\n<p>\u2013 O feriado de S\u00e3o Jorge \u00e9 um dos momentos mais aut\u00eanticos do calend\u00e1rio carioca, em que f\u00e9, cultura e celebra\u00e7\u00e3o caminham juntas. Al\u00e9m de mobilizar milh\u00f5es de pessoas em toda a cidade, \u00e9 uma data que se consolida como estrat\u00e9gica para o Rio de Janeiro, com uma programa\u00e7\u00e3o diversa que impulsiona a economia, gera emprego e renda, e refor\u00e7a o posicionamento do Rio como um destino de experi\u00eancias culturais \u00fanicas ao longo de todo o ano -, diz Bernardo Fellows, presidente da Riotur.<\/p>\n<\/blockquote>\n<p>O estudo completo, \u201cPotencial Impacto Econ\u00f4mico dos Eventos e Turismo do Dia de S\u00e3o Jorge\u201d, est\u00e1 dispon\u00edvel no Observat\u00f3rio Econ\u00f4mico do Rio, no link http:\/\/observatorioeconomico.rio.<\/p>\n<p>             <!-- Compartilhe ---><\/p>\n<p>\t\t\t <!-- TAGS --><\/p>\n<section class=\"category-tags\">\n<div class=\"marcacao-category\">\n<article class=\"category-post\">\n<p>Categoria: <\/p>\n<\/article>\n<li>22 de abril de 2026<\/li><\/div>\n<article class=\"tags\">\n\t\t\t\t\tMarca\u00e7\u00f5es: Dia de S\u00e3o Jorge impacto econ\u00f4mico Quintino<br \/><\/article>\n<\/section>\n<p>            <!-- Mais Not&iacute;cias --><\/p>\n<p>\t\t<!-- Conte&uacute;do SIDEBAR --><\/p><\/div>\n<\/p><\/div>\n","protected":false},"excerpt":{"rendered":"<p>A Igreja da Matriz de S\u00e3o Jorge, no bairro de Quintino Bocai\u00fava, re\u00fane um milh\u00e3o<\/p>\n","protected":false},"author":1,"featured_media":0,"comment_status":"","ping_status":"","sticky":false,"template":"","format":"standard","meta":{"footnotes":""},"categories":[1],"tags":[],"class_list":["post-56240","post","type-post","status-publish","format-standard","hentry","category-noticias"],"amp_enabled":true,"_links":{"self":[{"href":"https:\/\/tvtribunape.com.br\/index.php\/wp-json\/wp\/v2\/posts\/56240","targetHints":{"allow":["GET"]}}],"collection":[{"href":"https:\/\/tvtribunape.com.br\/index.php\/wp-json\/wp\/v2\/posts"}],"about":[{"href":"https:\/\/tvtribunape.com.br\/index.php\/wp-json\/wp\/v2\/types\/post"}],"author":[{"embeddable":true,"href":"https:\/\/tvtribunape.com.br\/index.php\/wp-json\/wp\/v2\/users\/1"}],"replies":[{"embeddable":true,"href":"https:\/\/tvtribunape.com.br\/index.php\/wp-json\/wp\/v2\/comments?post=56240"}],"version-history":[{"count":0,"href":"https:\/\/tvtribunape.com.br\/index.php\/wp-json\/wp\/v2\/posts\/56240\/revisions"}],"wp:attachment":[{"href":"https:\/\/tvtribunape.com.br\/index.php\/wp-json\/wp\/v2\/media?parent=56240"}],"wp:term":[{"taxonomy":"category","embeddable":true,"href":"https:\/\/tvtribunape.com.br\/index.php\/wp-json\/wp\/v2\/categories?post=56240"},{"taxonomy":"post_tag","embeddable":true,"href":"https:\/\/tvtribunape.com.br\/index.php\/wp-json\/wp\/v2\/tags?post=56240"}],"curies":[{"name":"wp","href":"https:\/\/api.w.org\/{rel}","templated":true}]}}