{"id":56243,"date":"2026-04-23T04:09:22","date_gmt":"2026-04-23T07:09:22","guid":{"rendered":"https:\/\/tvtribunape.com.br\/index.php\/2026\/04\/23\/prefeitura-capacita-profissionais-para-diagnosticos-de-ecg-mais-rapidos-nas-unidades-de-saude\/"},"modified":"2026-04-23T04:09:22","modified_gmt":"2026-04-23T07:09:22","slug":"prefeitura-capacita-profissionais-para-diagnosticos-de-ecg-mais-rapidos-nas-unidades-de-saude","status":"publish","type":"post","link":"https:\/\/tvtribunape.com.br\/index.php\/2026\/04\/23\/prefeitura-capacita-profissionais-para-diagnosticos-de-ecg-mais-rapidos-nas-unidades-de-saude\/","title":{"rendered":"Prefeitura capacita profissionais para diagn\u00f3sticos de ECG mais r\u00e1pidos nas unidades de sa\u00fade"},"content":{"rendered":"<p><\/p>\n<div>\n<p>A Prefeitura de Jo\u00e3o Pessoa, por meio da Secretaria Municipal de Sa\u00fade (SMS), deu continuidade, nesta quarta-feira (22), ao ciclo de capacita\u00e7\u00e3o em Eletrocardiograma (ECG) voltada para enfermeiros e t\u00e9cnicos de enfermagem da Aten\u00e7\u00e3o Prim\u00e1ria \u00e0 Sa\u00fade (APS) nessa primeira etapa. O treinamento acontece no audit\u00f3rio da Policl\u00ednica de Jaguaribe e faz parte de um cronograma de educa\u00e7\u00e3o permanente iniciado no \u00faltimo dia 15 de abril.<\/p>\n<figure class=\"wp-block-gallery has-nested-images columns-default is-cropped wp-block-gallery-1 is-layout-flex wp-block-gallery-is-layout-flex\">\n<figure class=\"wp-block-image size-large\"><\/figure>\n<\/figure>\n<p>\u201cO maior ganho dessa iniciativa \u00e9, sem d\u00favida, a seguran\u00e7a t\u00e9cnica que devolvemos ao profissional e ao paciente. N\u00e3o estamos apenas ensinando a operar um equipamento, mas capacitando nossas equipes para entenderem o que aquele exame comunica em tempo real. Ao fortalecer esse conhecimento na ponta, aumentamos a resolutividade das nossas unidades e evitamos encaminhamentos desnecess\u00e1rios, tornando o fluxo da nossa rede muito mais inteligente e eficiente\u201d, afirmou a diretora de Aten\u00e7\u00e3o B\u00e1sica, Rosselle Leite.<\/p>\n<p>A capacita\u00e7\u00e3o ainda ter\u00e1 novas etapas nos dias 29 de abril e com o encerramento deste ciclo em 5 maio, a expectativa da SMS \u00e9 que todas as regi\u00f5es do Munic\u00edpio estejam cobertas por profissionais aptos a oferecer um atendimento de excel\u00eancia fundamentado nas melhores pr\u00e1ticas de sa\u00fade p\u00fablica.<\/p>\n<figure class=\"wp-block-gallery has-nested-images columns-default is-cropped wp-block-gallery-2 is-layout-flex wp-block-gallery-is-layout-flex\">\n<figure class=\"wp-block-image size-large\"><\/figure>\n<figure class=\"wp-block-image size-large\"><\/figure>\n<\/figure>\n<p>\u201cA qualifica\u00e7\u00e3o foi organizada em etapas bem definidas para garantir que o profissional saia daqui seguro. Primeiro, n\u00f3s apresentamos o novo protocolo municipal de realiza\u00e7\u00e3o de ECG, que estabelece como os profissionais da APS devem atuar. Em seguida, passamos para a parte te\u00f3rica com o professor, que aborda desde o reconhecimento de pacientes com sinais de infarto e a import\u00e2ncia do exame para os pacientes cr\u00f4nicos at\u00e9 a interpreta\u00e7\u00e3o b\u00e1sica dos ritmos card\u00edacos. Ap\u00f3s essa base te\u00f3rica, encerramos com a parte pr\u00e1tica: realizamos o ECG em tempo real, com um volunt\u00e1rio, para que todos vejam o passo a passo da execu\u00e7\u00e3o\u201d, destaca a coordenadora de Enfermagem da APS, Dayanne Guedes.<\/p>\n<p>A estrat\u00e9gia de capacita\u00e7\u00e3o foi estruturada para abranger os cinco Distritos Sanit\u00e1rios da Capital de forma simult\u00e2nea, garantindo que o conhecimento t\u00e9cnico chegue a toda a rede sem comprometer o funcionamento das unidades de sa\u00fade. Para viabilizar essa log\u00edstica, cada Distrito organizou escalas de revezamento, permitindo que os profissionais participem do treinamento enquanto as equipes locais permanecem completas para o atendimento ao p\u00fablico.<\/p>\n<p>Neste primeiro ciclo, o foco est\u00e1 concentrado exclusivamente na categoria de enfermagem, mobilizando mais de 440 profissionais, divididos entre enfermeiros e t\u00e9cnicos de enfermagem. O cronograma foi desenhado para ser executado em cinco turmas, priorizando o fechamento completo deste grupo antes de iniciar a qualifica\u00e7\u00e3o para os m\u00e9dicos.<\/p>\n<figure class=\"wp-block-image size-large\"><\/figure>\n<p>\u201cQuando finalizarmos a capacita\u00e7\u00e3o de toda a enfermagem, iniciaremos as turmas com os m\u00e9dicos, justamente para manter o equil\u00edbrio do atendimento \u00e0 popula\u00e7\u00e3o\u201d, explica Dayanne Guedes.<\/p>\n<p>A enfermeira Patr\u00edcia Domingos, participante da capacita\u00e7\u00e3o, ressalta que a agilidade no diagn\u00f3stico \u00e9 o fator decisivo para salvar vidas na Aten\u00e7\u00e3o Prim\u00e1ria. Para ela, o dom\u00ednio do ECG permite uma condu\u00e7\u00e3o cl\u00ednica muito mais resolutiva, especialmente em casos de mal s\u00fabito. \u201cTempo \u00e9 ouro nesse caso. Se o paciente precisar de interven\u00e7\u00e3o imediata para reverter o infarto ou receber algum medicamento espec\u00edfico, ter o eletro em m\u00e3os facilita muito o trabalho da equipe de urg\u00eancia e emerg\u00eancia quando ela chega para dar o suporte. Isso agiliza a tomada de decis\u00e3o e aumenta as chances de salvar o m\u00fasculo card\u00edaco, que exige uma interven\u00e7\u00e3o muito precoce\u201d, explicou Patr\u00edcia Domingos.<\/p>\n<\/p><\/div>\n","protected":false},"excerpt":{"rendered":"<p>A Prefeitura de Jo\u00e3o Pessoa, por meio da Secretaria Municipal de Sa\u00fade (SMS), deu continuidade,<\/p>\n","protected":false},"author":1,"featured_media":0,"comment_status":"","ping_status":"","sticky":false,"template":"","format":"standard","meta":{"footnotes":""},"categories":[1],"tags":[],"class_list":["post-56243","post","type-post","status-publish","format-standard","hentry","category-noticias"],"amp_enabled":true,"_links":{"self":[{"href":"https:\/\/tvtribunape.com.br\/index.php\/wp-json\/wp\/v2\/posts\/56243","targetHints":{"allow":["GET"]}}],"collection":[{"href":"https:\/\/tvtribunape.com.br\/index.php\/wp-json\/wp\/v2\/posts"}],"about":[{"href":"https:\/\/tvtribunape.com.br\/index.php\/wp-json\/wp\/v2\/types\/post"}],"author":[{"embeddable":true,"href":"https:\/\/tvtribunape.com.br\/index.php\/wp-json\/wp\/v2\/users\/1"}],"replies":[{"embeddable":true,"href":"https:\/\/tvtribunape.com.br\/index.php\/wp-json\/wp\/v2\/comments?post=56243"}],"version-history":[{"count":0,"href":"https:\/\/tvtribunape.com.br\/index.php\/wp-json\/wp\/v2\/posts\/56243\/revisions"}],"wp:attachment":[{"href":"https:\/\/tvtribunape.com.br\/index.php\/wp-json\/wp\/v2\/media?parent=56243"}],"wp:term":[{"taxonomy":"category","embeddable":true,"href":"https:\/\/tvtribunape.com.br\/index.php\/wp-json\/wp\/v2\/categories?post=56243"},{"taxonomy":"post_tag","embeddable":true,"href":"https:\/\/tvtribunape.com.br\/index.php\/wp-json\/wp\/v2\/tags?post=56243"}],"curies":[{"name":"wp","href":"https:\/\/api.w.org\/{rel}","templated":true}]}}