{"id":56417,"date":"2026-04-27T15:07:51","date_gmt":"2026-04-27T18:07:51","guid":{"rendered":"https:\/\/tvtribunape.com.br\/index.php\/2026\/04\/27\/justica-condena-estado-de-sp-a-indenizar-familia-de-homem-morto-por-pm\/"},"modified":"2026-04-27T15:07:51","modified_gmt":"2026-04-27T18:07:51","slug":"justica-condena-estado-de-sp-a-indenizar-familia-de-homem-morto-por-pm","status":"publish","type":"post","link":"https:\/\/tvtribunape.com.br\/index.php\/2026\/04\/27\/justica-condena-estado-de-sp-a-indenizar-familia-de-homem-morto-por-pm\/","title":{"rendered":"Justi\u00e7a condena estado de SP a indenizar fam\u00edlia de homem morto por PM"},"content":{"rendered":"<p> Por MRNews<br \/>\n<\/p>\n<div wp_automatic_readability=\"61.694174757282\">\n<p><strong>A Justi\u00e7a condenou o estado de S\u00e3o Paulo ao pagamento de indeniza\u00e7\u00e3o de R$ 200 mil para a fam\u00edlia de Gabriel Renan da Silva Soares, 26, morto por um policial militar (PM) que estava de folga.<\/strong> A v\u00edtima foi atingida por 11 disparos feitos pelo PM Vinicius de Lima Britto, em 3 de novembro de 2024, em frente a um mercado da zona sul da capital paulista.<\/p>\n<p>Na ocasi\u00e3o, Gabriel havia furtado produtos de limpeza no mercado e correu para fora do pr\u00e9dio, mas escorregou durante a fuga e caiu no ch\u00e3o, j\u00e1 na cal\u00e7ada, pr\u00f3ximo \u00e0 porta. A v\u00edtima se levantou e correu em dire\u00e7\u00e3o \u00e0 rua, mas foi alvejada pelo policial.<\/p>\n<p>Imagens de c\u00e2meras de seguran\u00e7a do mercado mostram que o policial estava no caixa quando Gabriel passou pela porta de sa\u00edda. O PM virou-se e caminhou na dire\u00e7\u00e3o da sa\u00edda, puxando a arma da cintura. Britto atirou diversas vezes pelas costas.<\/p>\n<p><strong><a href=\"https:\/\/mrnews.com.br\/index.php\/2026\/04\/27\/azul-lanca-promocao-com-desconto-em-passagens-emitidas-com-pontos-veja-cupons-e-categorias-beneficiadas\/\">Azul lan\u00e7a promo\u00e7\u00e3o com desconto em passagens emitidas com pontos; veja cupons e categorias beneficiadas<\/a><\/strong><\/p>\n<p><strong><a href=\"https:\/\/mrnews.com.br\/index.php\/2026\/04\/27\/juros-elevados-mantem-pressao-sobre-endividamento-das-familias\/\">Juros elevados mant\u00eam press\u00e3o sobre endividamento das fam\u00edlias<\/a><\/strong><\/p>\n<p>\u201cA responsabilidade civil objetiva do Estado, pautada na Teoria do Risco Administrativo, alcan\u00e7a atos praticados por agentes p\u00fablicos que, mesmo em seus per\u00edodos de descanso, se valham da condi\u00e7\u00e3o de autoridade ou utilizem instrumentos e recursos colocados \u00e0 sua disposi\u00e7\u00e3o em raz\u00e3o do cargo para intervir em situa\u00e7\u00f5es de conflito\u201d, diz decis\u00e3o do juiz Fabricio Figliuolo Fernandes.<\/p>\n<p><strong>De acordo com o juiz, \u00e9 incontroverso que o policial militar utilizou uma arma de fogo pertencente \u00e0 corpora\u00e7\u00e3o e atuou sob o pretexto de exercer sua fun\u00e7\u00e3o ostensiva para interromper a pr\u00e1tica de um suposto furto.<\/strong><\/p>\n<blockquote wp_automatic_readability=\"11\">\n<p>\u201cAo intervir em um evento delituoso valendo-se do poder de pol\u00edcia que lhe \u00e9 inerente e utilizando armamento fornecido pelo Estado, o agente atua, para todos os efeitos jur\u00eddicos, na qualidade de preposto estatal\u201d, concluiu o magistrado.<\/p>\n<\/blockquote>\n<p><strong>No ano passado, o policial Vinicius de Lima Britto foi condenado a dois anos, um m\u00eas e 27 dias de deten\u00e7\u00e3o, em regime inicial semiaberto, al\u00e9m da perda de cargo p\u00fablico. O Minist\u00e9rio P\u00fablico de S\u00e3o Paulo (MPSP), no entanto, recorreu e Britto dever\u00e1 ser julgado novamente por j\u00fari popular.<\/strong><\/p>\n<p><strong><a href=\"https:\/\/mrnews.com.br\/index.php\/2026\/04\/27\/anvisa-suspende-venda-de-xaropes-com-clobutinol\/\">Anvisa suspende venda de xaropes com clobutinol<\/a><\/strong><\/p>\n<p><strong><a href=\"https:\/\/mrnews.com.br\/index.php\/2026\/04\/27\/assassinatos-e-casos-de-trabalho-escravo-no-campo-aumentam-no-pais\/\">Assassinatos e casos de trabalho escravo no campo aumentam no pa\u00eds<\/a><\/strong><\/p>\n<p>A Procuradoria Geral Estado SP disse, em nota, que\u00a0o Estado de S\u00e3o Paulo n\u00e3o foi notificado da decis\u00e3o.<\/p>\n<\/div>\n","protected":false},"excerpt":{"rendered":"<p>Por MRNews A Justi\u00e7a condenou o estado de S\u00e3o Paulo ao pagamento de indeniza\u00e7\u00e3o de<\/p>\n","protected":false},"author":1,"featured_media":0,"comment_status":"","ping_status":"","sticky":false,"template":"","format":"standard","meta":{"footnotes":""},"categories":[1],"tags":[],"class_list":["post-56417","post","type-post","status-publish","format-standard","hentry","category-noticias"],"amp_enabled":true,"_links":{"self":[{"href":"https:\/\/tvtribunape.com.br\/index.php\/wp-json\/wp\/v2\/posts\/56417","targetHints":{"allow":["GET"]}}],"collection":[{"href":"https:\/\/tvtribunape.com.br\/index.php\/wp-json\/wp\/v2\/posts"}],"about":[{"href":"https:\/\/tvtribunape.com.br\/index.php\/wp-json\/wp\/v2\/types\/post"}],"author":[{"embeddable":true,"href":"https:\/\/tvtribunape.com.br\/index.php\/wp-json\/wp\/v2\/users\/1"}],"replies":[{"embeddable":true,"href":"https:\/\/tvtribunape.com.br\/index.php\/wp-json\/wp\/v2\/comments?post=56417"}],"version-history":[{"count":0,"href":"https:\/\/tvtribunape.com.br\/index.php\/wp-json\/wp\/v2\/posts\/56417\/revisions"}],"wp:attachment":[{"href":"https:\/\/tvtribunape.com.br\/index.php\/wp-json\/wp\/v2\/media?parent=56417"}],"wp:term":[{"taxonomy":"category","embeddable":true,"href":"https:\/\/tvtribunape.com.br\/index.php\/wp-json\/wp\/v2\/categories?post=56417"},{"taxonomy":"post_tag","embeddable":true,"href":"https:\/\/tvtribunape.com.br\/index.php\/wp-json\/wp\/v2\/tags?post=56417"}],"curies":[{"name":"wp","href":"https:\/\/api.w.org\/{rel}","templated":true}]}}