{"id":56456,"date":"2026-04-28T12:45:42","date_gmt":"2026-04-28T15:45:42","guid":{"rendered":"https:\/\/tvtribunape.com.br\/index.php\/2026\/04\/28\/agencia-minas-gerais-cemig-orienta-consumidores-apos-definicao-da-bandeira-amarela-e-da-dicas-para-economizar-energia\/"},"modified":"2026-04-28T12:45:42","modified_gmt":"2026-04-28T15:45:42","slug":"agencia-minas-gerais-cemig-orienta-consumidores-apos-definicao-da-bandeira-amarela-e-da-dicas-para-economizar-energia","status":"publish","type":"post","link":"https:\/\/tvtribunape.com.br\/index.php\/2026\/04\/28\/agencia-minas-gerais-cemig-orienta-consumidores-apos-definicao-da-bandeira-amarela-e-da-dicas-para-economizar-energia\/","title":{"rendered":"Ag\u00eancia Minas Gerais | Cemig orienta consumidores ap\u00f3s defini\u00e7\u00e3o da bandeira amarela e d\u00e1 dicas para economizar energia"},"content":{"rendered":"<p><\/p>\n<div>\n<p>Com a ado\u00e7\u00e3o da bandeira tarif\u00e1ria amarela em maio, anunciada pela Ag\u00eancia Nacional de Energia El\u00e9trica (Aneel), a Cemig refor\u00e7a orienta\u00e7\u00f5es para que os consumidores utilizem a energia de forma consciente e evitem aumento na conta de luz.\u00a0<\/p>\n<p>A mudan\u00e7a representa um custo adicional de R$ 1,88 a cada 100 quilowatts-hora (kWh) consumidos. De acordo com a Aneel, a medida ocorre em fun\u00e7\u00e3o da redu\u00e7\u00e3o das chuvas na transi\u00e7\u00e3o do per\u00edodo chuvoso para o seco, o que diminui a gera\u00e7\u00e3o hidrel\u00e9trica e exige o acionamento de usinas termel\u00e9tricas, mais caras.\u00a0<\/p>\n<p>O engenheiro de Efici\u00eancia Energ\u00e9tica da Cemig, Welhiton Adriano de Castro Silva, destaca que pequenas mudan\u00e7as no dia a dia podem fazer diferen\u00e7a no consumo.\u00a0<\/p>\n<p>\u201cO consumo de energia depende, basicamente, da pot\u00eancia dos equipamentos e do tempo de uso. Por isso, ajustes simples na rotina podem reduzir o gasto e evitar aumento na conta ao fim do m\u00eas\u201d, afirma.\u00a0<\/p>\n<p>Criado em 2015 pela Aneel, o sistema de bandeiras tarif\u00e1rias indica mensalmente as condi\u00e7\u00f5es de gera\u00e7\u00e3o de energia no pa\u00eds. A bandeira amarela vale para todos os consumidores brasileiros, independentemente da distribuidora.\u00a0<\/p>\n<p><strong>Confira cinco dicas para economizar energia:\u00a0<\/strong><\/p>\n<p><b>1 &#8211; Aten\u00e7\u00e3o ao chuveiro\u00a0<\/b><\/p>\n<p>O chuveiro el\u00e9trico \u00e9 um dos principais respons\u00e1veis pelo aumento da conta de luz, especialmente em per\u00edodos mais frios \u2013 como ocorrer\u00e1 a partir do m\u00eas de maio. Reduzir o tempo de banho e utilizar a posi\u00e7\u00e3o \u201cver\u00e3o\u201d ou \u201cmorno\u201d, quando poss\u00edvel, pode gerar economia de at\u00e9 30%.\u00a0<\/p>\n<p>Em uma resid\u00eancia com quatro pessoas, utilizando um chuveiro de 7.200 Watts por 15 minutos di\u00e1rios, o consumo mensal pode chegar a cerca de 220 kWh apenas com esse equipamento.\u00a0<\/p>\n<p>Uma op\u00e7\u00e3o tamb\u00e9m pode ser a substitui\u00e7\u00e3o do chuveiro \u201cconvencional\u201d (com apenas duas op\u00e7\u00f5es de temperatura: ver\u00e3o e inverno; ou morno e quente) por uma ducha eletr\u00f4nica &#8211; uma evolu\u00e7\u00e3o do chuveiro tradicional. Com ela, o controle de temperatura ocorre de maneira cont\u00ednua, permitindo o ajuste gradual da temperatura de conforto que deseja para o banho.\u00a0<\/p>\n<p><b>2 &#8211; Uso correto da geladeira\u00a0<\/b><\/p>\n<p>Evitar abrir a porta com frequ\u00eancia e n\u00e3o armazenar alimentos quentes s\u00e3o medidas importantes para reduzir o consumo. No per\u00edodo mais frio, tamb\u00e9m \u00e9 poss\u00edvel ajustar o termostato para n\u00edveis mais baixos.\u00a0<\/p>\n<p><b>3 &#8211; Use eletrodom\u00e9sticos com carga m\u00e1xima\u00a0\u00a0<\/b><\/p>\n<p>M\u00e1quinas de lavar e ferros el\u00e9tricos devem ser utilizados com o m\u00e1ximo de capacidade poss\u00edvel, reduzindo a quantidade de ciclos e o consumo de energia.\u00a0<\/p>\n<p><b>4 &#8211; Evite o modo stand-by\u00a0<\/b><\/p>\n<p>Aparelhos em modo de espera continuam consumindo energia e influenciam o aumento do consumo total da resid\u00eancia. Se a tomada do aparelho estiver ao alcance do usu\u00e1rio, opte por desligar os equipamentos dela quando n\u00e3o estiverem em uso (TV, forno micro-ondas, receptores de canais a cabo etc.).\u00a0<\/p>\n<p><b>\u202f5 &#8211; Invista em efici\u00eancia\u00a0<\/b><\/p>\n<p>Quando for adquirir novos eletrodom\u00e9sticos, opte sempre por aqueles com selo Procel A; al\u00e9m disso, substituir l\u00e2mpadas convencionais (incandescentes ou fluorescentes compactas) por modelos LED pode gerar economia de at\u00e9 75% no consumo com ilumina\u00e7\u00e3o.\u00a0<\/p>\n<p>\u00a0<\/p>\n<\/p><\/div>\n","protected":false},"excerpt":{"rendered":"<p>Com a ado\u00e7\u00e3o da bandeira tarif\u00e1ria amarela em maio, anunciada pela Ag\u00eancia Nacional de Energia<\/p>\n","protected":false},"author":1,"featured_media":0,"comment_status":"","ping_status":"","sticky":false,"template":"","format":"standard","meta":{"footnotes":""},"categories":[1],"tags":[],"class_list":["post-56456","post","type-post","status-publish","format-standard","hentry","category-noticias"],"amp_enabled":true,"_links":{"self":[{"href":"https:\/\/tvtribunape.com.br\/index.php\/wp-json\/wp\/v2\/posts\/56456","targetHints":{"allow":["GET"]}}],"collection":[{"href":"https:\/\/tvtribunape.com.br\/index.php\/wp-json\/wp\/v2\/posts"}],"about":[{"href":"https:\/\/tvtribunape.com.br\/index.php\/wp-json\/wp\/v2\/types\/post"}],"author":[{"embeddable":true,"href":"https:\/\/tvtribunape.com.br\/index.php\/wp-json\/wp\/v2\/users\/1"}],"replies":[{"embeddable":true,"href":"https:\/\/tvtribunape.com.br\/index.php\/wp-json\/wp\/v2\/comments?post=56456"}],"version-history":[{"count":0,"href":"https:\/\/tvtribunape.com.br\/index.php\/wp-json\/wp\/v2\/posts\/56456\/revisions"}],"wp:attachment":[{"href":"https:\/\/tvtribunape.com.br\/index.php\/wp-json\/wp\/v2\/media?parent=56456"}],"wp:term":[{"taxonomy":"category","embeddable":true,"href":"https:\/\/tvtribunape.com.br\/index.php\/wp-json\/wp\/v2\/categories?post=56456"},{"taxonomy":"post_tag","embeddable":true,"href":"https:\/\/tvtribunape.com.br\/index.php\/wp-json\/wp\/v2\/tags?post=56456"}],"curies":[{"name":"wp","href":"https:\/\/api.w.org\/{rel}","templated":true}]}}