{"id":56485,"date":"2026-04-29T06:00:47","date_gmt":"2026-04-29T09:00:47","guid":{"rendered":"https:\/\/tvtribunape.com.br\/index.php\/2026\/04\/29\/segunda-edicao-de-2026-do-pedala-sorocaba-ocorre-neste-domingo-3-agencia-de-noticias\/"},"modified":"2026-04-29T06:00:47","modified_gmt":"2026-04-29T09:00:47","slug":"segunda-edicao-de-2026-do-pedala-sorocaba-ocorre-neste-domingo-3-agencia-de-noticias","status":"publish","type":"post","link":"https:\/\/tvtribunape.com.br\/index.php\/2026\/04\/29\/segunda-edicao-de-2026-do-pedala-sorocaba-ocorre-neste-domingo-3-agencia-de-noticias\/","title":{"rendered":"Segunda edi\u00e7\u00e3o de 2026 do Pedala Sorocaba ocorre neste domingo (3) \u2013 Ag\u00eancia de Not\u00edcias"},"content":{"rendered":"<p><\/p>\n<div wp_automatic_readability=\"31\">\n<div class=\"col\" wp_automatic_readability=\"7\">\n<p class=\"mt-0\">\n                        <strong><br \/>\n                            <span class=\"far fa-calendar mr-1 mt-2\"\/><br \/>\n                            28 de abril de 2026<br \/>\n                            <span class=\"far fa-clock ml-3 mt-2\"\/><br \/>\n                            17:15<br \/>\n                        <\/strong>\n                    <\/p>\n<p class=\"mb-0\">Por: <strong>Secom<\/strong><\/p>\n<\/p><\/div>\n<\/p><\/div>\n<div wp_automatic_readability=\"86\">\n<p>A Prefeitura de Sorocaba realizar\u00e1, neste domingo(3), a segunda edi\u00e7\u00e3o do \u201cPedala Sorocaba\u201d em 2026. A concentra\u00e7\u00e3o dos ciclistas est\u00e1 marcada para 8h, no Parque das \u00c1guas, e a sa\u00edda, \u00e0s 8h30. Os participantes poder\u00e3o levar 1kg de alimento n\u00e3o-perec\u00edvel, que ser\u00e1 destino \u00e0 campanha \u201cA Fome n\u00e3o \u00e9 Fake!\u201d, do Fundo Social de Solidariedade (FSS). \u00c9 recomendado o uso de capacete.<\/p>\n<p>Promovido pela Secretaria de Esporte e Qualidade de Vida (Sequav), com o apoio das secretarias de Governo (Segov), Comunica\u00e7\u00e3o (Secom), Inclus\u00e3o e Transtorno do Espectro Autista (Sintea) e Mobilidade (Semob), mais o suporte da Urbes \u2013 Tr\u00e2nsito e Transportes e do Saae\/Sorocaba, o programa re\u00fane ciclistas e simpatizantes do esporte para um passeio de bicicleta por diferentes pontos da cidade.<\/p>\n<p>Pessoas de todas as idades ter\u00e3o a oportunidade de aproveitar a manh\u00e3, entre amigos e familiares, e pedalar em diferentes vias da cidade, em um percurso de, aproximadamente, 15 km, ida e volta. Partindo do Parque das \u00c1guas, localizado na Avenida Dom Aguirre, os participantes v\u00e3o seguir pela Avenida Juvenal de Campos e Avenida Comendador Pereira In\u00e1cio, chegando at\u00e9 o Trevo da Vida. J\u00e1 o retorno ser\u00e1 pela Avenida Comendador Pereira In\u00e1cio, Avenida Juvenal de Campos e Avenida Dom Aguirre, chegando de volta ao Parque das \u00c1guas.<\/p>\n<p>Todos os participantes que utilizarem o sistema Integrabike, da Urbes, podem devolver as bicicletas em qualquer uma das 15 esta\u00e7\u00f5es, ap\u00f3s o t\u00e9rmino do evento, sem cobran\u00e7a pelo tempo extra, podendo completar, de forma tranquila, todo o trajeto do passeio. O tempo normal de empr\u00e9stimo gratuito das bikes \u00e9 de 1 hora.<\/p>\n<p>Os agentes de tr\u00e2nsito da Semob d\u00e3o todo suporte \u00e0 condu\u00e7\u00e3o e sinaliza\u00e7\u00e3o do fluxo ao longo do trajeto. Em caso de chuva no hor\u00e1rio do passeio, o mesmo ser\u00e1 automaticamente cancelado para a seguran\u00e7a de todos, at\u00e9 a pr\u00f3xima edi\u00e7\u00e3o.<\/p>\n<div class=\"pms-galeria\" itemscope=\"\" itemtype=\"http:\/\/schema.org\/ImageGallery\">\n<p>\t\t<span itemprop=\"caption description\" style=\"display: none;\"\/><\/p>\n<p>\t\t<span itemprop=\"caption description\" style=\"display: none;\"\/><\/p><\/div>\n<p><!-- Root element of PhotoSwipe. Must have class pswp. --><\/p><\/div>\n","protected":false},"excerpt":{"rendered":"<p>28 de abril de 2026 17:15 Por: Secom A Prefeitura de Sorocaba realizar\u00e1, neste domingo(3),<\/p>\n","protected":false},"author":1,"featured_media":0,"comment_status":"","ping_status":"","sticky":false,"template":"","format":"standard","meta":{"footnotes":""},"categories":[1],"tags":[],"class_list":["post-56485","post","type-post","status-publish","format-standard","hentry","category-noticias"],"amp_enabled":true,"_links":{"self":[{"href":"https:\/\/tvtribunape.com.br\/index.php\/wp-json\/wp\/v2\/posts\/56485","targetHints":{"allow":["GET"]}}],"collection":[{"href":"https:\/\/tvtribunape.com.br\/index.php\/wp-json\/wp\/v2\/posts"}],"about":[{"href":"https:\/\/tvtribunape.com.br\/index.php\/wp-json\/wp\/v2\/types\/post"}],"author":[{"embeddable":true,"href":"https:\/\/tvtribunape.com.br\/index.php\/wp-json\/wp\/v2\/users\/1"}],"replies":[{"embeddable":true,"href":"https:\/\/tvtribunape.com.br\/index.php\/wp-json\/wp\/v2\/comments?post=56485"}],"version-history":[{"count":0,"href":"https:\/\/tvtribunape.com.br\/index.php\/wp-json\/wp\/v2\/posts\/56485\/revisions"}],"wp:attachment":[{"href":"https:\/\/tvtribunape.com.br\/index.php\/wp-json\/wp\/v2\/media?parent=56485"}],"wp:term":[{"taxonomy":"category","embeddable":true,"href":"https:\/\/tvtribunape.com.br\/index.php\/wp-json\/wp\/v2\/categories?post=56485"},{"taxonomy":"post_tag","embeddable":true,"href":"https:\/\/tvtribunape.com.br\/index.php\/wp-json\/wp\/v2\/tags?post=56485"}],"curies":[{"name":"wp","href":"https:\/\/api.w.org\/{rel}","templated":true}]}}