{"id":56497,"date":"2026-04-29T13:03:45","date_gmt":"2026-04-29T16:03:45","guid":{"rendered":"https:\/\/tvtribunape.com.br\/index.php\/2026\/04\/29\/joao-pessoa-pausa-vacinacao-em-pontos-moveis-nesta-sexta-feira-e-sabado-e-reforca-atendimento-a-acamados\/"},"modified":"2026-04-29T13:03:45","modified_gmt":"2026-04-29T16:03:45","slug":"joao-pessoa-pausa-vacinacao-em-pontos-moveis-nesta-sexta-feira-e-sabado-e-reforca-atendimento-a-acamados","status":"publish","type":"post","link":"https:\/\/tvtribunape.com.br\/index.php\/2026\/04\/29\/joao-pessoa-pausa-vacinacao-em-pontos-moveis-nesta-sexta-feira-e-sabado-e-reforca-atendimento-a-acamados\/","title":{"rendered":"Jo\u00e3o Pessoa pausa vacina\u00e7\u00e3o em pontos m\u00f3veis nesta sexta-feira e s\u00e1bado e refor\u00e7a atendimento a acamados"},"content":{"rendered":"<p><\/p>\n<div>\n<p>A Prefeitura de Jo\u00e3o Pessoa vai suspender, excepcionalmente, as atividades de vacina\u00e7\u00e3o em todos os pontos m\u00f3veis da Capital nesta sexta-feira (1\u00ba) e s\u00e1bado (2). Durante esse per\u00edodo, as equipes de sa\u00fade que atuam neste servi\u00e7o ser\u00e3o direcionadas ao atendimento da popula\u00e7\u00e3o acamada ou com restri\u00e7\u00e3o ao leito, al\u00e9m da atualiza\u00e7\u00e3o de dados e documentos desses usu\u00e1rios.<\/p>\n<div class=\"wp-block-image\">\n<figure class=\"aligncenter size-full\"><\/figure>\n<\/div>\n<p>A a\u00e7\u00e3o visa ampliar o acesso \u00e0 vacina\u00e7\u00e3o para pessoas em situa\u00e7\u00e3o de maior vulnerabilidade, especialmente aquelas que n\u00e3o conseguem se deslocar at\u00e9 salas de vacina\u00e7\u00e3o ou pontos m\u00f3veis. O trabalho ser\u00e1 concentrado, principalmente, em \u00e1reas que s\u00e3o consideradas como descobertas.<\/p>\n<p>Para solicitar a vacina\u00e7\u00e3o domiciliar, o respons\u00e1vel deve utilizar o aplicativo \u2018Jo\u00e3o Pessoa na Palma da M\u00e3o\u2019, dispon\u00edvel para Android e iOS. Ap\u00f3s baixar o app, \u00e9 necess\u00e1rio realizar o cadastro, acessar o menu \u2018categorias\u2019, selecionar \u2018sa\u00fade\u2019, clicar em \u2018vacina\u2019 e, em seguida, escolher a op\u00e7\u00e3o \u2018Vacina\u00e7\u00e3o Domiciliar\u2019 e \u2018Acamados\u2019. Com o preenchimento das informa\u00e7\u00f5es solicitadas, uma equipe de sa\u00fade entrar\u00e1 em contato para agendar a visita.<\/p>\n<p>Al\u00e9m do agendamento digital, a Prefeitura conta com o suporte das Equipes de Sa\u00fade da Fam\u00edlia (ESF) e do Servi\u00e7o de Aten\u00e7\u00e3o Domiciliar, por meio do programa \u2018Melhor em Cas\u2019a, do Minist\u00e9rio da Sa\u00fade (MS). A iniciativa possibilita a oferta de cuidados diretamente no domic\u00edlio, contribuindo para a desospitaliza\u00e7\u00e3o e reduzindo a necessidade de perman\u00eancia em unidades de sa\u00fade.<\/p>\n<p>O chefe da Se\u00e7\u00e3o de Imuniza\u00e7\u00e3o, Fernando Virgolino, orienta que pessoas acamadas que possuem uma unidade de sa\u00fade com sala de vacina de refer\u00eancia pr\u00f3xima de casa tamb\u00e9m podem procurar a equipe local para solicitar essa visita domiciliar. \u201cA imuniza\u00e7\u00e3o \u00e9 fundamental para prevenir doen\u00e7as e evitar o agravamento do estado de sa\u00fade desse p\u00fablico mais vulner\u00e1vel. \u00c9 um cuidado essencial, e orientamos que as fam\u00edlias garantam esse acesso a esse p\u00fablico priorit\u00e1rio\u201d, destacou.<\/p>\n<\/p><\/div>\n","protected":false},"excerpt":{"rendered":"<p>A Prefeitura de Jo\u00e3o Pessoa vai suspender, excepcionalmente, as atividades de vacina\u00e7\u00e3o em todos os<\/p>\n","protected":false},"author":1,"featured_media":0,"comment_status":"","ping_status":"","sticky":false,"template":"","format":"standard","meta":{"footnotes":""},"categories":[1],"tags":[],"class_list":["post-56497","post","type-post","status-publish","format-standard","hentry","category-noticias"],"amp_enabled":true,"_links":{"self":[{"href":"https:\/\/tvtribunape.com.br\/index.php\/wp-json\/wp\/v2\/posts\/56497","targetHints":{"allow":["GET"]}}],"collection":[{"href":"https:\/\/tvtribunape.com.br\/index.php\/wp-json\/wp\/v2\/posts"}],"about":[{"href":"https:\/\/tvtribunape.com.br\/index.php\/wp-json\/wp\/v2\/types\/post"}],"author":[{"embeddable":true,"href":"https:\/\/tvtribunape.com.br\/index.php\/wp-json\/wp\/v2\/users\/1"}],"replies":[{"embeddable":true,"href":"https:\/\/tvtribunape.com.br\/index.php\/wp-json\/wp\/v2\/comments?post=56497"}],"version-history":[{"count":0,"href":"https:\/\/tvtribunape.com.br\/index.php\/wp-json\/wp\/v2\/posts\/56497\/revisions"}],"wp:attachment":[{"href":"https:\/\/tvtribunape.com.br\/index.php\/wp-json\/wp\/v2\/media?parent=56497"}],"wp:term":[{"taxonomy":"category","embeddable":true,"href":"https:\/\/tvtribunape.com.br\/index.php\/wp-json\/wp\/v2\/categories?post=56497"},{"taxonomy":"post_tag","embeddable":true,"href":"https:\/\/tvtribunape.com.br\/index.php\/wp-json\/wp\/v2\/tags?post=56497"}],"curies":[{"name":"wp","href":"https:\/\/api.w.org\/{rel}","templated":true}]}}