{"id":56501,"date":"2026-04-29T15:24:51","date_gmt":"2026-04-29T18:24:51","guid":{"rendered":"https:\/\/tvtribunape.com.br\/index.php\/2026\/04\/29\/transito-interdicoes-no-bairro-de-copacabana-para-o-show-da-shakira-comecam-a-0h-de-sabado-prefeitura-da-cidade-do-rio-de-janeiro\/"},"modified":"2026-04-29T15:24:51","modified_gmt":"2026-04-29T18:24:51","slug":"transito-interdicoes-no-bairro-de-copacabana-para-o-show-da-shakira-comecam-a-0h-de-sabado-prefeitura-da-cidade-do-rio-de-janeiro","status":"publish","type":"post","link":"https:\/\/tvtribunape.com.br\/index.php\/2026\/04\/29\/transito-interdicoes-no-bairro-de-copacabana-para-o-show-da-shakira-comecam-a-0h-de-sabado-prefeitura-da-cidade-do-rio-de-janeiro\/","title":{"rendered":"Tr\u00e2nsito: interdi\u00e7\u00f5es no bairro de Copacabana para o show da Shakira come\u00e7am a 0h de s\u00e1bado &#8211; Prefeitura da Cidade do Rio de Janeiro"},"content":{"rendered":"<p><\/p>\n<div wp_automatic_readability=\"125.52622159975\">\n<div class=\"image-post\" wp_automatic_readability=\"35\">\n                     \u00c0s 18h de s\u00e1bado, ter\u00e1 in\u00edcio o bloqueio geral das vias de acesso a Copacabana, com exce\u00e7\u00e3o para t\u00e1xis e \u00f4nibus regulares. Arte: Divulga\u00e7\u00e3o\/Prefeitura do Rio                  <\/div>\n<p>A Companhia de Engenharia de Tr\u00e1fego do Rio de Janeiro (CET-Rio) vai implantar uma opera\u00e7\u00e3o especial de tr\u00e2nsito para o show da Shakira, neste s\u00e1bado (02\/05), na Praia de Copacabana. O esquema ter\u00e1 in\u00edcio \u00e0 0h de s\u00e1bado, 2 de maio, com a interdi\u00e7\u00e3o total da Avenida Atl\u00e2ntica e de seus acessos para carros de passeio, incluindo as pistas da orla e junto \u00e0s edifica\u00e7\u00f5es, al\u00e9m da proibi\u00e7\u00e3o de estacionamento em Copacabana, Botafogo e na Avenida Epit\u00e1cio Pessoa, na Lagoa.<\/p>\n<p>Os \u00f4nibus de fretamento tamb\u00e9m estar\u00e3o proibidos de entrar em Copacabana a partir da 0h de s\u00e1bado, assim como de estacionar em \u00e1reas pr\u00f3ximas, como Botafogo, Ipanema, Urca, Avenida Epit\u00e1cio Pessoa e Morro do Pasmado.<\/p>\n<p>\u00c0s 18h de s\u00e1bado, ter\u00e1 in\u00edcio o bloqueio geral das vias de acesso a Copacabana, com exce\u00e7\u00e3o para t\u00e1xis e \u00f4nibus regulares. O Aterro do Flamengo e a Enseada de Botafogo tamb\u00e9m ser\u00e3o interditados neste hor\u00e1rio, para a prepara\u00e7\u00e3o do terminal de \u00f4nibus destinado \u00e0 sa\u00edda do p\u00fablico. \u00c0s 19h, o bloqueio passar\u00e1 a ser total para todos os tipos de ve\u00edculos, incluindo \u00f4nibus e t\u00e1xis, que n\u00e3o poder\u00e3o mais circular no bairro.<\/p>\n<p>O tr\u00e2nsito em Copacabana come\u00e7ar\u00e1 a ser liberado a partir das 4h de domingo (03\/05). Permanecer\u00e3o interditadas a pista da orla da Avenida Atl\u00e2ntica, para a \u00e1rea de lazer, como ocorre aos domingos e feriados, al\u00e9m de outros 24 pontos de bloqueio externos. A partir das 10h, ser\u00e1 liberada a pista junto \u00e0s edifica\u00e7\u00f5es da Avenida Atl\u00e2ntica. A faixa revers\u00edvel ser\u00e1 implantada nessa pista.<\/p>\n<p>A CET-Rio contar\u00e1 com 205 agentes, entre operadores e apoiadores de tr\u00e1fego, al\u00e9m de 49 motocicletas e 26 viaturas operacionais. As equipes atuar\u00e3o para manter a fluidez do tr\u00e2nsito, coibir o estacionamento irregular, organizar cruzamentos, orientar pedestres e realizar os bloqueios necess\u00e1rios na regi\u00e3o. T\u00e9cnicos da CET-Rio, no Centro de Opera\u00e7\u00f5es Rio, far\u00e3o o monitoramento em tempo real para ajustes na programa\u00e7\u00e3o dos sem\u00e1foros, se necess\u00e1rio.<\/p>\n<p>Ser\u00e3o instalados 700 galhardetes com orienta\u00e7\u00f5es sobre a proibi\u00e7\u00e3o de estacionamento em Copacabana, para alertar os motoristas. Cerca de tr\u00eas mil vagas ser\u00e3o suprimidas na regi\u00e3o. Tamb\u00e9m ser\u00e3o utilizadas 45 faixas de orienta\u00e7\u00e3o e 31 pain\u00e9is de mensagens vari\u00e1veis, com informa\u00e7\u00f5es sobre altera\u00e7\u00f5es no tr\u00e2nsito, hor\u00e1rios e locais dos bloqueios, restri\u00e7\u00f5es de estacionamento e condi\u00e7\u00f5es de tr\u00e1fego.<\/p>\n<p>A Prefeitura recomenda que o p\u00fablico d\u00ea prefer\u00eancia ao transporte p\u00fablico, especialmente ao metr\u00f4, que n\u00e3o sofre impacto dos fechamentos vi\u00e1rios; planeje o deslocamento com anteced\u00eancia; evite as \u00e1reas interditadas; utilize rotas alternativas; e siga as orienta\u00e7\u00f5es dos agentes de tr\u00e2nsito e da sinaliza\u00e7\u00e3o implantada.<\/p>\n<p>\u00a0<\/p>\n<p><strong>Regras<\/strong>:<\/p>\n<p>Ve\u00edculos de emerg\u00eancia: liberados<\/p>\n<p>Motocicletas: at\u00e9 19h<\/p>\n<p>T\u00e1xis e \u00f4nibus: at\u00e9 19h (alguns at\u00e9 21h)<\/p>\n<p>Ap\u00f3s 21h: bloqueio total, inclusive para moradores<\/p>\n<p><strong><em>Confira os detalhes e hor\u00e1rios das interdi\u00e7\u00f5es de vias:<\/em><\/strong><\/p>\n<p><strong><em>Avenida Atl\u00e2ntica \u2013 Pista junto \u00e0 praia:<\/em><\/strong><br \/>Das 0h de 02\/05 \u00e0s 18h de 03\/05: Rua Francisco Otaviano at\u00e9 Av. Prado J\u00fanior<\/p>\n<p>Das 0h de 02\/05 \u00e0s 6h de 03\/05: Av. Prado J\u00fanior at\u00e9 Pra\u00e7a Almirante J\u00falio de Noronha<\/p>\n<p>Das 18h de 01\/05 \u00e0s 0h de 02\/05: Rua Figueiredo de Magalh\u00e3es at\u00e9 Av. Prado J\u00fanior<\/p>\n<p>\u00a0<\/p>\n<p><strong><em>Avenida Atl\u00e2ntica \u2013 Pista junto \u00e0s edifica\u00e7\u00f5es:<\/em><\/strong><br \/>Das 0h de 02\/05 \u00e0s 10h de 03\/05: Av. Princesa Isabel at\u00e9 Rua Joaquim Nabuco;<\/p>\n<p>Das 0h de 02\/05 \u00e0s 6h de 03\/05: Pra\u00e7a Almirante J\u00falio de Noronha at\u00e9 Av. Princesa Isabel.<\/p>\n<p>\u00a0<\/p>\n<p><strong><em>Outras ruas \u2013 Das 0h de 02\/05 \u00e0s 10h de 03\/05:<\/em><\/strong><br \/>Rua Francisco Otaviano; Av. Princesa Isabel (sentido orla); Av. Prado J\u00fanior; Rua Joaquim Nabuco; Rua J\u00falio de Castilhos; Rua Francisco S\u00e1; Rua S\u00e1 Ferreira; Rua Almirante Gon\u00e7alves; Rua Aires Saldanha; Rua Miguel Lemos; Rua Xavier da Silveira; Rua Constante Ramos; Rua Santa Clara; Rua Hil\u00e1rio de Gouveia; Rua Rodolfo Dantas; Rua Fernando Mendes.<\/p>\n<p><strong><em>Vias com hor\u00e1rios espec\u00edficos:<\/em><\/strong><br \/>Das 6h de 02\/05 \u00e0s 6h de 03\/05: Rua Siqueira Campos (Pra\u00e7a Vereador Rocha Le\u00e3o at\u00e9 Rua Tonelero) ;<br \/>Das 0h de 02\/05 \u00e0s 10h de 03\/05: Rua Siqueira Campos (Av. Nossa Senhora de Copacabana at\u00e9 Av. Atl\u00e2ntica) ;<br \/>Das 0h de 02\/05 \u00e0s 4h de 03\/05: Rua Ministro Viveiros de Castro ;<br \/>Das 18h de 02\/05 \u00e0s 18h de 03\/05: Av. Infante Dom Henrique (Aterro do Flamengo) ;<br \/>Das 18h de 02\/05 \u00e0s 4h de 03\/05: Av. das Na\u00e7\u00f5es Unidas (Enseada de Botafogo \u2013 \u00f4nibus liberados), Av. Rep\u00f3rter Nestor Moreira, Av. Oswaldo Cruz.<\/p>\n<p>\u00a0<\/p>\n<p><strong><em>Invers\u00e3o de sentido:<\/em><\/strong><br \/>Das 6h \u00e0s 18h de 03\/05: Rua Joaquim Nabuco (sentido Av. Atl\u00e2ntica); Av. Atl\u00e2ntica, pista junto \u00e0s edifica\u00e7\u00f5es (sentido Av. Princesa Isabel).<\/p>\n<p><strong><em>Implanta\u00e7\u00e3o de m\u00e3o dupla:<\/em><\/strong><br \/>Das 0h de 02\/05 \u00e0s 4h de 03\/05: Rua Gustavo Sampaio;<br \/>Das 18h de 02\/05 \u00e0s 4h de 03\/05: Pra\u00e7a Nicar\u00e1gua; Rua General G\u00f3is Monteiro.<\/p>\n<p>\u00a0<\/p>\n<p><strong><em>Bloqueios de acesso a Copacabana:<\/em><\/strong><br \/>Das 18h de 02\/05 \u00e0s 4h de 03\/05: acessos ao bairro com restri\u00e7\u00f5es<\/p>\n<p>\u00a0<\/p>\n<p><strong><em>Desvios de tr\u00e1fego:<\/em><\/strong><br \/>Das 18h de 02\/05 \u00e0s 4h de 03\/05:<\/p>\n<p>Botafogo \u2192 Urca: via Viaduto Pedro \u00c1lvares Cabral, Rua da Passagem e Av. Pasteur<\/p>\n<p>Copacabana \u2192 Leme: via Rua Ant\u00f4nio Vieira e Rua Gustavo Sampaio<\/p>\n<p>\u00a0<\/p>\n<p><strong><em>Proibi\u00e7\u00e3o de estacionamento \u2013 Principais vias:<\/em><\/strong><br \/>Das 0h de 02\/05 \u00e0s 6h de 03\/05:<br \/>Av. Atl\u00e2ntica (toda extens\u00e3o); Av. Nossa Senhora de Copacabana; Rua Barata Ribeiro; Av. Princesa Isabel; Rua Tonelero; Rua Siqueira Campos; Rua Santa Clara; Rua Bol\u00edvar; Rua Miguel Lemos; Rua Xavier da Silveira; Av. Pasteur; Av. Lauro Sodr\u00e9; Rua Real Grandeza; Rua da Passagem; outras vias do entorno.<\/p>\n<p>\u00a0<\/p>\n<p><strong><em>Carga e descarga:<\/em><\/strong><br \/>Das 8h de 02\/05 \u00e0s 7h de 03\/05: proibida em Copacabana<\/p>\n<p>             <!-- Compartilhe ---><\/p>\n<p>\t\t\t <!-- TAGS --><\/p>\n<section class=\"category-tags\">\n<div class=\"marcacao-category\">\n<article class=\"category-post\">\n<p>Categoria: <\/p>\n<\/article>\n<li>29 de abril de 2026<\/li><\/div>\n<article class=\"tags\">\n\t\t\t\t\tMarca\u00e7\u00f5es: CET-Rio copacabana interdi\u00e7\u00f5es t\u00e2nsito vias<br \/><\/article>\n<\/section>\n<p>            <!-- Mais Not&iacute;cias --><\/p>\n<p>\t\t<!-- Conte&uacute;do SIDEBAR --><\/p><\/div>\n","protected":false},"excerpt":{"rendered":"<p>\u00c0s 18h de s\u00e1bado, ter\u00e1 in\u00edcio o bloqueio geral das vias de acesso a Copacabana,<\/p>\n","protected":false},"author":1,"featured_media":0,"comment_status":"","ping_status":"","sticky":false,"template":"","format":"standard","meta":{"footnotes":""},"categories":[1],"tags":[],"class_list":["post-56501","post","type-post","status-publish","format-standard","hentry","category-noticias"],"amp_enabled":true,"_links":{"self":[{"href":"https:\/\/tvtribunape.com.br\/index.php\/wp-json\/wp\/v2\/posts\/56501","targetHints":{"allow":["GET"]}}],"collection":[{"href":"https:\/\/tvtribunape.com.br\/index.php\/wp-json\/wp\/v2\/posts"}],"about":[{"href":"https:\/\/tvtribunape.com.br\/index.php\/wp-json\/wp\/v2\/types\/post"}],"author":[{"embeddable":true,"href":"https:\/\/tvtribunape.com.br\/index.php\/wp-json\/wp\/v2\/users\/1"}],"replies":[{"embeddable":true,"href":"https:\/\/tvtribunape.com.br\/index.php\/wp-json\/wp\/v2\/comments?post=56501"}],"version-history":[{"count":0,"href":"https:\/\/tvtribunape.com.br\/index.php\/wp-json\/wp\/v2\/posts\/56501\/revisions"}],"wp:attachment":[{"href":"https:\/\/tvtribunape.com.br\/index.php\/wp-json\/wp\/v2\/media?parent=56501"}],"wp:term":[{"taxonomy":"category","embeddable":true,"href":"https:\/\/tvtribunape.com.br\/index.php\/wp-json\/wp\/v2\/categories?post=56501"},{"taxonomy":"post_tag","embeddable":true,"href":"https:\/\/tvtribunape.com.br\/index.php\/wp-json\/wp\/v2\/tags?post=56501"}],"curies":[{"name":"wp","href":"https:\/\/api.w.org\/{rel}","templated":true}]}}