{"id":56519,"date":"2026-04-30T00:48:55","date_gmt":"2026-04-30T03:48:55","guid":{"rendered":"https:\/\/tvtribunape.com.br\/index.php\/2026\/04\/30\/reflexoes-sobre-o-trabalho-no-brasil-e-o-tema-do-amplifica-desta-semana-ifsp\/"},"modified":"2026-04-30T00:48:55","modified_gmt":"2026-04-30T03:48:55","slug":"reflexoes-sobre-o-trabalho-no-brasil-e-o-tema-do-amplifica-desta-semana-ifsp","status":"publish","type":"post","link":"https:\/\/tvtribunape.com.br\/index.php\/2026\/04\/30\/reflexoes-sobre-o-trabalho-no-brasil-e-o-tema-do-amplifica-desta-semana-ifsp\/","title":{"rendered":"Reflex\u00f5es sobre o trabalho no Brasil \u00e9 o tema do Amplifica desta semana &#8211; IFSP"},"content":{"rendered":"<p><\/p>\n<div>\n<div>\n<p>\u00a0<\/p>\n<p>\u00a0<\/p>\n<p>\u00a0\u00a0<\/p>\n<p><strong>Sobre o Amplifica<\/strong><\/p>\n<\/p><\/div>\n<p>Desenvolvido\u00a0por meio de um projeto institucional com a professora Marina Kanthack Paccini Razze, o Amplifica surgiu da percep\u00e7\u00e3o da for\u00e7a da coletividade para ampliar saberes e contribuir\u00a0com o surgimento de uma sociedade mais esclarecida.<\/p>\n<p>Para isso, o projeto re\u00fane profissionais de diferentes \u00e1reas do conhecimento, que, de forma virtual, oferecem: palestras, oficinas, minicursos, rodas de conversa, mesas tem\u00e1ticas e v\u00eddeos curtos com dicas sobre temas variados e desafiadores que dizem respeito ao nosso viver, em suas m\u00faltiplas dimens\u00f5es.<\/p>\n<p>As a\u00e7\u00f5es est\u00e3o previstas para serem transmitidas semanalmente, \u00e0s quartas-feiras, \u00e0s 15h, no\u00a0canal do IFSP no YouTube. O projeto conta com o apoio da Pr\u00f3-Reitoria de Desenvolvimento Institucional.\u00a0<\/p>\n<p>Confira tamb\u00e9m os epis\u00f3dios anteriores na p\u00e1gina do programa.<\/p>\n<\/div>\n","protected":false},"excerpt":{"rendered":"<p>\u00a0 \u00a0 \u00a0\u00a0 Sobre o Amplifica Desenvolvido\u00a0por meio de um projeto institucional com a professora<\/p>\n","protected":false},"author":1,"featured_media":0,"comment_status":"","ping_status":"","sticky":false,"template":"","format":"standard","meta":{"footnotes":""},"categories":[1],"tags":[],"class_list":["post-56519","post","type-post","status-publish","format-standard","hentry","category-noticias"],"amp_enabled":true,"_links":{"self":[{"href":"https:\/\/tvtribunape.com.br\/index.php\/wp-json\/wp\/v2\/posts\/56519","targetHints":{"allow":["GET"]}}],"collection":[{"href":"https:\/\/tvtribunape.com.br\/index.php\/wp-json\/wp\/v2\/posts"}],"about":[{"href":"https:\/\/tvtribunape.com.br\/index.php\/wp-json\/wp\/v2\/types\/post"}],"author":[{"embeddable":true,"href":"https:\/\/tvtribunape.com.br\/index.php\/wp-json\/wp\/v2\/users\/1"}],"replies":[{"embeddable":true,"href":"https:\/\/tvtribunape.com.br\/index.php\/wp-json\/wp\/v2\/comments?post=56519"}],"version-history":[{"count":0,"href":"https:\/\/tvtribunape.com.br\/index.php\/wp-json\/wp\/v2\/posts\/56519\/revisions"}],"wp:attachment":[{"href":"https:\/\/tvtribunape.com.br\/index.php\/wp-json\/wp\/v2\/media?parent=56519"}],"wp:term":[{"taxonomy":"category","embeddable":true,"href":"https:\/\/tvtribunape.com.br\/index.php\/wp-json\/wp\/v2\/categories?post=56519"},{"taxonomy":"post_tag","embeddable":true,"href":"https:\/\/tvtribunape.com.br\/index.php\/wp-json\/wp\/v2\/tags?post=56519"}],"curies":[{"name":"wp","href":"https:\/\/api.w.org\/{rel}","templated":true}]}}