{"id":56543,"date":"2026-04-30T15:42:47","date_gmt":"2026-04-30T18:42:47","guid":{"rendered":"https:\/\/tvtribunape.com.br\/index.php\/2026\/04\/30\/profissionais-de-saude-alinham-estrategias-para-fortalecer-e-monitorar-a-vacinacao\/"},"modified":"2026-04-30T15:42:47","modified_gmt":"2026-04-30T18:42:47","slug":"profissionais-de-saude-alinham-estrategias-para-fortalecer-e-monitorar-a-vacinacao","status":"publish","type":"post","link":"https:\/\/tvtribunape.com.br\/index.php\/2026\/04\/30\/profissionais-de-saude-alinham-estrategias-para-fortalecer-e-monitorar-a-vacinacao\/","title":{"rendered":"Profissionais de sa\u00fade alinham estrat\u00e9gias para fortalecer e monitorar a vacina\u00e7\u00e3o"},"content":{"rendered":"<p><\/p>\n<div>\n<p>A Ger\u00eancia de Vigil\u00e2ncia Epidemiol\u00f3gica, por meio da Se\u00e7\u00e3o de Imuniza\u00e7\u00e3o, realizou nesta quinta-feira (30) uma reuni\u00e3o de alinhamento estrat\u00e9gico com as \u00c1reas T\u00e9cnicas de Sa\u00fade do Idoso, da Crian\u00e7a, do Adolescente e do Programa Bolsa Fam\u00edlia da Secretaria de Sa\u00fade. O encontro teve como objetivo fortalecer, integrar e dinamizar as a\u00e7\u00f5es relacionadas \u00e0 vacina\u00e7\u00e3o, al\u00e9m de aprimorar o monitoramento e a avalia\u00e7\u00e3o dos resultados.<\/p>\n<figure class=\"wp-block-gallery has-nested-images columns-default is-cropped wp-block-gallery-1 is-layout-flex wp-block-gallery-is-layout-flex\">\n<figure class=\"wp-block-image size-large\"><\/figure>\n<figure class=\"wp-block-image size-full\"><\/figure>\n<\/figure>\n<p>A iniciativa busca ampliar, de forma estrat\u00e9gica, as a\u00e7\u00f5es direcionadas a cada p\u00fablico, garantindo maior efetividade na assist\u00eancia e no acompanhamento dos indicadores de imuniza\u00e7\u00e3o. A proposta \u00e9 intensificar o controle das coberturas vacinais e o acompanhamento dos casos notificados de doen\u00e7as imunopreven\u00edveis.<\/p>\n<p>De acordo com a gerente da Vigil\u00e2ncia Epidemiol\u00f3gica, Danielle Melo, o monitoramento cont\u00ednuo \u00e9 essencial para assegurar a efic\u00e1cia das a\u00e7\u00f5es. \u201cA vacina \u00e9 a principal forma de preven\u00e7\u00e3o, e \u00e9 fundamental que cada \u00e1rea t\u00e9cnica acompanhe de perto tanto os indicadores quanto os casos notificados\u201d, destacou a gestora.<\/p>\n<p>As \u00e1reas t\u00e9cnicas desempenham papel central nesse processo, atuando como eixo estrat\u00e9gico na organiza\u00e7\u00e3o do sistema de sa\u00fade. S\u00e3o respons\u00e1veis pela elabora\u00e7\u00e3o de diretrizes, defini\u00e7\u00e3o de protocolos e acompanhamento de indicadores, garantindo que as pol\u00edticas p\u00fablicas sejam executadas com qualidade, seguran\u00e7a e efici\u00eancia.<\/p>\n<p>A integra\u00e7\u00e3o entre Vigil\u00e2ncia em Sa\u00fade e \u00e1reas t\u00e9cnicas refor\u00e7a o compromisso com o fortalecimento do Sistema \u00danico de Sa\u00fade (SUS), assegurando um atendimento mais eficaz e direcionado \u00e0s necessidades da popula\u00e7\u00e3o, especificamente de cada grupo.<\/p>\n<p><strong>Pol\u00edticas p\u00fablicas para a inf\u00e2ncia e adolesc\u00eancia <\/strong>\u2013 A vacina\u00e7\u00e3o permanece como uma estrat\u00e9gia essencial para ampliar o acesso \u00e0 sa\u00fade e fortalecer a preven\u00e7\u00e3o de doen\u00e7as entre diferentes p\u00fablicos, com aten\u00e7\u00e3o especial a crian\u00e7as e adolescentes. A iniciativa integra as a\u00e7\u00f5es da 8\u00aa edi\u00e7\u00e3o do Programa Prefeitos e Prefeitas Amigos da Crian\u00e7a (PPAC), promovido pela Funda\u00e7\u00e3o Abrinq, refor\u00e7ando o compromisso da gest\u00e3o com a prote\u00e7\u00e3o integral e o desenvolvimento saud\u00e1vel desse p\u00fablico.<\/p>\n<\/p><\/div>\n","protected":false},"excerpt":{"rendered":"<p>A Ger\u00eancia de Vigil\u00e2ncia Epidemiol\u00f3gica, por meio da Se\u00e7\u00e3o de Imuniza\u00e7\u00e3o, realizou nesta quinta-feira (30)<\/p>\n","protected":false},"author":1,"featured_media":0,"comment_status":"","ping_status":"","sticky":false,"template":"","format":"standard","meta":{"footnotes":""},"categories":[1],"tags":[],"class_list":["post-56543","post","type-post","status-publish","format-standard","hentry","category-noticias"],"amp_enabled":true,"_links":{"self":[{"href":"https:\/\/tvtribunape.com.br\/index.php\/wp-json\/wp\/v2\/posts\/56543","targetHints":{"allow":["GET"]}}],"collection":[{"href":"https:\/\/tvtribunape.com.br\/index.php\/wp-json\/wp\/v2\/posts"}],"about":[{"href":"https:\/\/tvtribunape.com.br\/index.php\/wp-json\/wp\/v2\/types\/post"}],"author":[{"embeddable":true,"href":"https:\/\/tvtribunape.com.br\/index.php\/wp-json\/wp\/v2\/users\/1"}],"replies":[{"embeddable":true,"href":"https:\/\/tvtribunape.com.br\/index.php\/wp-json\/wp\/v2\/comments?post=56543"}],"version-history":[{"count":0,"href":"https:\/\/tvtribunape.com.br\/index.php\/wp-json\/wp\/v2\/posts\/56543\/revisions"}],"wp:attachment":[{"href":"https:\/\/tvtribunape.com.br\/index.php\/wp-json\/wp\/v2\/media?parent=56543"}],"wp:term":[{"taxonomy":"category","embeddable":true,"href":"https:\/\/tvtribunape.com.br\/index.php\/wp-json\/wp\/v2\/categories?post=56543"},{"taxonomy":"post_tag","embeddable":true,"href":"https:\/\/tvtribunape.com.br\/index.php\/wp-json\/wp\/v2\/tags?post=56543"}],"curies":[{"name":"wp","href":"https:\/\/api.w.org\/{rel}","templated":true}]}}