{"id":56577,"date":"2026-05-01T09:43:52","date_gmt":"2026-05-01T12:43:52","guid":{"rendered":"https:\/\/tvtribunape.com.br\/index.php\/2026\/05\/01\/smas-inaugura-nova-sede-de-unidade-de-reinsercao-social-destinada-a-familias-no-grajau-prefeitura-da-cidade-do-rio-de-janeiro\/"},"modified":"2026-05-01T09:43:52","modified_gmt":"2026-05-01T12:43:52","slug":"smas-inaugura-nova-sede-de-unidade-de-reinsercao-social-destinada-a-familias-no-grajau-prefeitura-da-cidade-do-rio-de-janeiro","status":"publish","type":"post","link":"https:\/\/tvtribunape.com.br\/index.php\/2026\/05\/01\/smas-inaugura-nova-sede-de-unidade-de-reinsercao-social-destinada-a-familias-no-grajau-prefeitura-da-cidade-do-rio-de-janeiro\/","title":{"rendered":"SMAS inaugura nova sede de unidade de reinser\u00e7\u00e3o social destinada a fam\u00edlias no Graja\u00fa &#8211; Prefeitura da Cidade do Rio de Janeiro"},"content":{"rendered":"<p><\/p>\n<div id=\"main\">\n<div class=\"wrapper-breadcrumbs\" wp_automatic_readability=\"60.609644670051\">\n<div class=\"image-post\" wp_automatic_readability=\"34\">\n                     Transferida para a Zona Norte, URS Maria Tereza Vieira \u00e9 mais espa\u00e7osa. Cr\u00e9dito: Mariana Rocha \/ SMAS                  <\/div>\n<p>A Secretaria Municipal de Assist\u00eancia Social (SMAS) inaugurou, nesta ter\u00e7a-feira (28), a nova sede da Unidade de Reinser\u00e7\u00e3o Social (URS) Maria Tereza Vieira, destinada ao acolhimento de fam\u00edlias, no Graja\u00fa. Com a mudan\u00e7a, os acolhidos passam a contar com mais conforto, em um terreno arejado e amplo, al\u00e9m de uma localiza\u00e7\u00e3o mais central, que facilita o acesso a servi\u00e7os e amplia as oportunidades de empregabilidade. Anteriormente, a unidade funcionava na Taquara, na Zona Oeste.<\/p>\n<p>A URS Maria Tereza Vieira \u00e9 voltada ao acolhimento institucional provis\u00f3rio de n\u00facleos familiares. Trata-se de uma unidade de alta complexidade do SUAS (Sistema \u00danico de Assist\u00eancia Social). O servi\u00e7o integra a rede de acolhimento que garante moradia provis\u00f3ria e prote\u00e7\u00e3o a fam\u00edlias em situa\u00e7\u00e3o de vulnerabilidade social ou com v\u00ednculos fragilizados.<\/p>\n<blockquote wp_automatic_readability=\"13\">\n<p>\u2013 Achei tudo perfeito aqui, e muito arejado! Estou na unidade h\u00e1 um m\u00eas e daqui a um tempo eu, meus dois filhos e meu marido vamos embora. Ele j\u00e1 est\u00e1 trabalhando -, comemora Tatiane Siqueira, de 32 anos, acolhida da unidade que veio com a fam\u00edlia de outro estado e tenta reconstruir a vida no Rio.<\/p>\n<\/blockquote>\n<p>A propriedade onde passa a funcionar a URS foi doada \u00e0 Prefeitura do Rio pelo Sistema de Garantia de Direitos da Crian\u00e7a e do Adolescente, que re\u00fane institui\u00e7\u00f5es e entidades que d\u00e3o suporte a pol\u00edticas p\u00fablicas voltadas a esse p\u00fablico. Atualmente, dez fam\u00edlias, em um total de 35 pessoas, est\u00e3o em acolhimento.<\/p>\n<blockquote wp_automatic_readability=\"13\">\n<p>\u2013 O mais importante para n\u00f3s \u00e9 mostrar que h\u00e1 vontade de mudar, para que tenhamos uma pol\u00edtica de assist\u00eancia social mais justa e inclusiva. Com a ajuda da Justi\u00e7a, de quem recebemos esta casa, conseguimos construir essa possibilidade de trazer as fam\u00edlias para c\u00e1. Esta \u00e9 a finalidade da assist\u00eancia: sempre tentar melhorar a vida das pessoas e a pol\u00edtica p\u00fablica -, afirma o secret\u00e1rio municipal de Assist\u00eancia Social, Augusto Ribeiro.<\/p>\n<\/blockquote>\n<p>O espa\u00e7o conta com uma casa de dois andares na parte da frente, onde ficam alguns quartos e as salas de atendimento das equipes t\u00e9cnicas da SMAS, e uma segunda constru\u00e7\u00e3o nos fundos, com cozinha, espa\u00e7o de conviv\u00eancia, lavanderia e mais quartos.<\/p>\n<blockquote wp_automatic_readability=\"15\">\n<p>\u2013 Essa mudan\u00e7a \u00e9 muito importante, porque viemos com as fam\u00edlias para uma \u00e1rea mais residencial, com estrutura mais semelhante \u00e0 de uma casa para os acolhidos. O local \u00e9 mais central e vai facilitar toda a vida delas em rela\u00e7\u00e3o a servi\u00e7os de sa\u00fade, educa\u00e7\u00e3o, \u00e0 reinser\u00e7\u00e3o no territ\u00f3rio e \u00e0 busca por empregabilidade -, explica a respons\u00e1vel pela 2\u00aa Coordenadoria de Assist\u00eancia Social (CAS), que abrange a Zona Sul e parte da Zona Norte, Claudia Lasry.<\/p>\n<\/blockquote>\n<p>Subsecret\u00e1ria de Prote\u00e7\u00e3o Social Especial da SMAS, J\u00e9ssica Oliveira de Almeida agradeceu \u00e0s institui\u00e7\u00f5es parceiras e \u00e0 equipe t\u00e9cnica pelo esfor\u00e7o que levou \u00e0 entrega da nova sede.<\/p>\n<blockquote wp_automatic_readability=\"12\">\n<p>\u2013 Num trabalho articulado, conseguimos fazer as adequa\u00e7\u00f5es necess\u00e1rias para garantir a seguran\u00e7a, o acolhimento e a prote\u00e7\u00e3o integral dessas fam\u00edlias. Agrade\u00e7o a toda a equipe t\u00e9cnica, que vai continuar este trabalho indispens\u00e1vel, potente e comprometido -, elogia a subsecret\u00e1ria.<\/p>\n<\/blockquote>\n<p>             <!-- Compartilhe ---><\/p>\n<p>\t\t\t <!-- TAGS --><\/p>\n<section class=\"category-tags\">\n<div class=\"marcacao-category\">\n<article class=\"category-post\">\n<p>Categoria: <\/p>\n<\/article>\n<li>29 de abril de 2026<\/li><\/div>\n<article class=\"tags\">\n\t\t\t\t\tMarca\u00e7\u00f5es: Sistema \u00danico de Assist\u00eancia Social SUAS Unidade de Reinser\u00e7\u00e3o Social URS<br \/><\/article>\n<\/section>\n<p>            <!-- Mais Not&iacute;cias --><\/p>\n<p>\t\t<!-- Conte&uacute;do SIDEBAR --><\/p><\/div>\n<\/p><\/div>\n","protected":false},"excerpt":{"rendered":"<p>Transferida para a Zona Norte, URS Maria Tereza Vieira \u00e9 mais espa\u00e7osa. Cr\u00e9dito: Mariana Rocha<\/p>\n","protected":false},"author":1,"featured_media":0,"comment_status":"","ping_status":"","sticky":false,"template":"","format":"standard","meta":{"footnotes":""},"categories":[1],"tags":[],"class_list":["post-56577","post","type-post","status-publish","format-standard","hentry","category-noticias"],"amp_enabled":true,"_links":{"self":[{"href":"https:\/\/tvtribunape.com.br\/index.php\/wp-json\/wp\/v2\/posts\/56577","targetHints":{"allow":["GET"]}}],"collection":[{"href":"https:\/\/tvtribunape.com.br\/index.php\/wp-json\/wp\/v2\/posts"}],"about":[{"href":"https:\/\/tvtribunape.com.br\/index.php\/wp-json\/wp\/v2\/types\/post"}],"author":[{"embeddable":true,"href":"https:\/\/tvtribunape.com.br\/index.php\/wp-json\/wp\/v2\/users\/1"}],"replies":[{"embeddable":true,"href":"https:\/\/tvtribunape.com.br\/index.php\/wp-json\/wp\/v2\/comments?post=56577"}],"version-history":[{"count":0,"href":"https:\/\/tvtribunape.com.br\/index.php\/wp-json\/wp\/v2\/posts\/56577\/revisions"}],"wp:attachment":[{"href":"https:\/\/tvtribunape.com.br\/index.php\/wp-json\/wp\/v2\/media?parent=56577"}],"wp:term":[{"taxonomy":"category","embeddable":true,"href":"https:\/\/tvtribunape.com.br\/index.php\/wp-json\/wp\/v2\/categories?post=56577"},{"taxonomy":"post_tag","embeddable":true,"href":"https:\/\/tvtribunape.com.br\/index.php\/wp-json\/wp\/v2\/tags?post=56577"}],"curies":[{"name":"wp","href":"https:\/\/api.w.org\/{rel}","templated":true}]}}