{"id":56638,"date":"2026-05-03T01:36:46","date_gmt":"2026-05-03T04:36:46","guid":{"rendered":"https:\/\/tvtribunape.com.br\/index.php\/2026\/05\/03\/radio-mec-transmite-concerto-da-orquestra-sinfonica-de-sp-no-domingo\/"},"modified":"2026-05-03T01:36:46","modified_gmt":"2026-05-03T04:36:46","slug":"radio-mec-transmite-concerto-da-orquestra-sinfonica-de-sp-no-domingo","status":"publish","type":"post","link":"https:\/\/tvtribunape.com.br\/index.php\/2026\/05\/03\/radio-mec-transmite-concerto-da-orquestra-sinfonica-de-sp-no-domingo\/","title":{"rendered":"R\u00e1dio MEC transmite concerto da Orquestra Sinf\u00f4nica de SP no domingo"},"content":{"rendered":"<p> Por MRNews<br \/>\n<\/p>\n<div wp_automatic_readability=\"78.846580406654\">\n<p>Neste domingo (3), \u00e0s 11h, a\u00a0R\u00e1dio MEC\u00a0FM\u00a0apresenta mais uma edi\u00e7\u00e3o do programa\u00a0Plateia. A atra\u00e7\u00e3o transmite o concerto de abertura da temporada de 2026 da Orquestra Sinf\u00f4nica do Estado de S\u00e3o Paulo. O repert\u00f3rio ser\u00e1 a Sinfonia n\u00ba 9 \u2013 Coral, de Beethoven. Esta \u00e9 mais uma parceria entre o ve\u00edculo da\u00a0Empresa Brasil de Comunica\u00e7\u00e3o (EBC)\u00a0e a Cultura FM de S\u00e3o Paulo.<\/p>\n<p>Desde 1954, a Orquestra Sinf\u00f4nica do Estado de S\u00e3o Paulo \u00e9 uma das refer\u00eancias da cultura paulista e brasileira, promovendo a\u00e7\u00f5es e espet\u00e1culos culturais. Atualmente, o grupo est\u00e1 sob a reg\u00eancia de Thierry Fischer.<\/p>\n<p>A apresenta\u00e7\u00e3o disponibilizada aos ouvintes do\u00a0Plateia\u00a0foi gravada em 6 de mar\u00e7o, na Sala S\u00e3o Paulo. A Nona Sinfonia de Beethoven \u00e9 uma obra que introduz coros e solistas, celebrando a fraternidade universal. Al\u00e9m disso, foi composta quando o compositor estava quase totalmente surdo.<\/p>\n<p><strong><a href=\"https:\/\/mrnews.com.br\/index.php\/2026\/05\/02\/cinco-presos-fogem-de-alcacuz-no-rio-grande-do-norte\/\">Cinco presos fogem de Alca\u00e7uz no Rio Grande do Norte<\/a><\/strong><\/p>\n<p><strong><a href=\"https:\/\/mrnews.com.br\/index.php\/2026\/05\/02\/flavio-dino-mantem-afastamento-de-vice-prefeito-de-macapa\/\">Fl\u00e1vio Dino mant\u00e9m afastamento de vice-prefeito de Macap\u00e1<\/a><\/strong><\/p>\n<h2>Sobre o programa<\/h2>\n<p>O\u00a0Plateia, exibido aos domingos, \u00e0s 11h, \u00e9 uma sele\u00e7\u00e3o de concertos gravados ao vivo pela\u00a0R\u00e1dio MEC FM\u00a0nos mais importantes teatros do pa\u00eds.<\/p>\n<h2>Sobre a R\u00e1dio MEC<\/h2>\n<p>Conhecida de norte a sul do pa\u00eds como \u201cA R\u00e1dio de M\u00fasica Cl\u00e1ssica do Brasil\u201d, a\u00a0R\u00e1dio MEC\u00a0\u00e9 consagrada pelo p\u00fablico por sua voca\u00e7\u00e3o direcionada \u00e0 m\u00fasica de concerto. A tradicional esta\u00e7\u00e3o dedica 80% de sua programa\u00e7\u00e3o \u00e0 m\u00fasica cl\u00e1ssica e leva ao ar compositores brasileiros e internacionais de todos os tempos.<\/p>\n<p>A\u00a0R\u00e1dio MEC\u00a0oferece aos ouvintes a experi\u00eancia de acompanhar repert\u00f3rios segmentados, composi\u00e7\u00f5es originais e produ\u00e7\u00f5es qualificadas. Ainda h\u00e1 espa\u00e7o tamb\u00e9m para faixas de jazz e m\u00fasica popular brasileira, combina\u00e7\u00e3o que garante a conquista de novos p\u00fablicos e agrada a audi\u00eancia cativa.<\/p>\n<p>A emissora pode ser sintonizada pela frequ\u00eancia FM 99,3 MHz e AM 800 kHz no Rio de Janeiro. O dial da\u00a0R\u00e1dio MEC\u00a0em Bras\u00edlia est\u00e1 em FM 87,1 MHz e AM 800 kHz. O p\u00fablico tamb\u00e9m acompanha a programa\u00e7\u00e3o em Belo Horizonte na frequ\u00eancia FM 87,1 MHz. O conte\u00fado ainda \u00e9 veiculado no app R\u00e1dios EBC.<\/p>\n<p><strong><a href=\"https:\/\/mrnews.com.br\/index.php\/2026\/05\/02\/pernambuco-confirma-sexta-morte-relacionada-a-temporais\/\">Pernambuco confirma sexta morte relacionada a temporais<\/a><\/strong><\/p>\n<p><strong><a href=\"https:\/\/mrnews.com.br\/index.php\/2026\/05\/02\/remo-vence-botafogo-de-virada-no-nilton-santos-pelo-brasileirao\/\">Remo vence Botafogo de virada no Nilton Santos pelo Brasileir\u00e3o<\/a><\/strong><\/p>\n<p>Os ouvintes t\u00eam participa\u00e7\u00e3o garantida e podem colaborar com sugest\u00f5es para a programa\u00e7\u00e3o da\u00a0R\u00e1dio MEC. O p\u00fablico pode interagir pelas redes sociais e pelo WhatsApp. Para isso, basta que os interessados enviem mensagens de texto para o n\u00famero (21) 99710-0537.<\/p>\n<h2>Servi\u00e7o<\/h2>\n<p>Plateia \u2013 Apresenta\u00e7\u00e3o da Orquestra do Estado de S\u00e3o Paulo \u2013 Domingo (3\/5), \u00e0s 11h, na R\u00e1dio MEC FM<\/p>\n<p>R\u00e1dio MEC na internet e nas redes sociais<\/p>\n<p>Site:\u00a0https:\/\/radios.ebc.com.br<br \/>Instagram:\u00a0https:\/\/www.instagram.com\/radiomec<br \/>Spotify:\u00a0https:\/\/open.spotify.com\/user\/radiomec<br \/>YouTube:\u00a0https:\/\/www.youtube.com\/radiomec<br \/>Facebook:\u00a0https:\/\/www.facebook.com\/radiomec<br \/>X:\u00a0https:\/\/x.com\/radiomec<br \/>WhatsApp: (21) 99710-0537<\/p>\n<h2>Como sintonizar a R\u00e1dio MEC<\/h2>\n<p>Rio de Janeiro: FM 99,3 MHz e AM 800 kHz<br \/>Belo Horizonte: FM 87,1 MHz<br \/>Bras\u00edlia: FM 87,1 MHz e AM 800 kHz<br \/>Parab\u00f3lica \u2013 Star One C2 \u2013 3748,00 MHz \u2013 Servi\u00e7o 3<br \/>Celular \u2013 App R\u00e1dios EBC para Android e iOS<\/p>\n<\/div>\n<p><script async src=\"\/\/www.instagram.com\/embed.js\"><\/script><\/p>\n","protected":false},"excerpt":{"rendered":"<p>Por MRNews Neste domingo (3), \u00e0s 11h, a\u00a0R\u00e1dio MEC\u00a0FM\u00a0apresenta mais uma edi\u00e7\u00e3o do programa\u00a0Plateia. A<\/p>\n","protected":false},"author":1,"featured_media":0,"comment_status":"","ping_status":"","sticky":false,"template":"","format":"standard","meta":{"footnotes":""},"categories":[1],"tags":[],"class_list":["post-56638","post","type-post","status-publish","format-standard","hentry","category-noticias"],"amp_enabled":true,"_links":{"self":[{"href":"https:\/\/tvtribunape.com.br\/index.php\/wp-json\/wp\/v2\/posts\/56638","targetHints":{"allow":["GET"]}}],"collection":[{"href":"https:\/\/tvtribunape.com.br\/index.php\/wp-json\/wp\/v2\/posts"}],"about":[{"href":"https:\/\/tvtribunape.com.br\/index.php\/wp-json\/wp\/v2\/types\/post"}],"author":[{"embeddable":true,"href":"https:\/\/tvtribunape.com.br\/index.php\/wp-json\/wp\/v2\/users\/1"}],"replies":[{"embeddable":true,"href":"https:\/\/tvtribunape.com.br\/index.php\/wp-json\/wp\/v2\/comments?post=56638"}],"version-history":[{"count":0,"href":"https:\/\/tvtribunape.com.br\/index.php\/wp-json\/wp\/v2\/posts\/56638\/revisions"}],"wp:attachment":[{"href":"https:\/\/tvtribunape.com.br\/index.php\/wp-json\/wp\/v2\/media?parent=56638"}],"wp:term":[{"taxonomy":"category","embeddable":true,"href":"https:\/\/tvtribunape.com.br\/index.php\/wp-json\/wp\/v2\/categories?post=56638"},{"taxonomy":"post_tag","embeddable":true,"href":"https:\/\/tvtribunape.com.br\/index.php\/wp-json\/wp\/v2\/tags?post=56638"}],"curies":[{"name":"wp","href":"https:\/\/api.w.org\/{rel}","templated":true}]}}