{"id":6204,"date":"2022-11-26T22:05:29","date_gmt":"2022-11-27T01:05:29","guid":{"rendered":"https:\/\/tvtribunape.com.br\/?p=6204"},"modified":"2022-11-26T22:05:29","modified_gmt":"2022-11-27T01:05:29","slug":"luto-morre-querido-ator-do-seriado-chaves-e-fas-lamentam","status":"publish","type":"post","link":"https:\/\/tvtribunape.com.br\/index.php\/2022\/11\/26\/luto-morre-querido-ator-do-seriado-chaves-e-fas-lamentam\/","title":{"rendered":"Luto: Morre querido ator do seriado Chaves, e f\u00e3s lamentam"},"content":{"rendered":"<p>O seriado do Chaves fez muito sucesso em diversos pa\u00edses no mundo, no Brasil muitas pessoas admiram o programa de entretenimento at\u00e9 os dias de hoje. Infelizmente uma triste not\u00edcia se confirmou, ap\u00f3s o falecimento de um antigo participante deste seriado.<\/p>\n<p>F\u00e3s e amigos lamentaram profundamente a morte por c\u00e2ncer renal do ator mexicano Hector Bonilla que tinha 83 anos. A informa\u00e7\u00e3o foi confirmada com pesar pela Secretaria de Cultura do Governo do M\u00e9xico, por meio das redes sociais.<\/p>\n<p>  <a href=\"https:\/\/track.rollettoaffiliates.com\/visit\/?bta=35100&amp;nci=5349\"> <a href=\"https:\/\/news.google.com\/publications\/CAAqBwgKMMzlmQsw9u-xAw?hl=pt-BR&amp;gl=BR&amp;ceid=BR%3Apt-419\"><strong>SIGA-NOS<\/strong>\u00a0 <\/a> <\/a>    <\/p>\n<p>\u201cA Secretaria de Cultura lamenta profundamente o falecimento do ator Hector Bonilla, graduado pela Escola de Arte Teatral do Instituto Nacional de Belas Artes e Literatura (INBAL) e considerado um dos melhores atores do M\u00e9xico. Ele se desenvolveu no teatro, na televis\u00e3o e no cinema, onde participou de filmes como \u2018Rojo Amanecer\u2019 (1989)\u201d, foi a confirma\u00e7\u00e3o do \u00f3bito no Twitter.<\/p>\n<p>Hector Bonilla recebeu o triste diagn\u00f3stico em 2019 de um tumor maligno nos rins, desde ent\u00e3o lutou contra a doen\u00e7a, mas n\u00e3o conseguiu venc\u00ea-la. Ele deixa uma vi\u00fava, a tamb\u00e9m atriz Sof\u00eda \u00c1lvarez, e tr\u00eas filhos, Leonor, Sergio e Fernando Bonilla.<\/p>\n<p>Em nossa pa\u00eds ele ficou muito conhecido, durante uma de suas pari\u00e7\u00f5es ic\u00f4nicas no seriado do \u201cChaves\u201d, ele interpreta um famoso que acaba visitando a vila, e caba encantando as personagens de Chiquinha (Mar\u00eda Antonieta de las Nieves) e Dona Florinda (Florinda Meza).<\/p>\n<p>Bonilla atuava e tamb\u00e9m era diretor de dramaturgia na Televisa, e trabalhou por tr\u00e1s das c\u00e2meras em muitas novelas de sucesso no M\u00e9xico, como \u201cMi Marido Tiene Familia\u201d (2017). Seu \u00faltimo trabalho como ator foi em \u201cSenhor dos C\u00e9us\u201d (Netflix).<\/p>\n<p>Muitos f\u00e3s deixaram mensagens de pesar para o querido amigo, nas redes sociais, continue seguindo nosso site e esteja sempre informado sobre os maiores acontecimentos do Brasil e do mundo, compartilhe essa mat\u00e9ria com seus seguidores.<\/p>\n<h2>\u00a0VIDENTE FAZ PREVIS\u00c3O SOBRE MORTE DE JOGADOR, COPA DO MUNDO, HEXA E NEYMAR &#8216;ACABOU&#8217;<\/h2>\n<p>Estamos na Copa do Mundo, esse evento esportivo t\u00e3o esperado, e que as pessoas aguardam ansiosamente os quatro anos. O Brasil \u00e9 o maior vencedor com 5 conquistas, e busca nessa copa seu sexto campeonato.<\/p>\n<p>Os brasileiros ficam euf\u00f3ricos com a Copa, todos querem acompanhar os jogos da sele\u00e7\u00e3o, e inclusive muitas empresas colocam tel\u00f5es para os funcion\u00e1rios ver os jogos.<\/p>\n<p><strong>Previs\u00e3o no futebol<\/strong><\/p>\n<p>Nestes famosos eventos sempre temos videntes que surgem com suas previs\u00f5es, e mais uma vez uma famosa videntes, Lene Sensitiva bastante conhecida nas redes sociais falou sobre o assunto.<\/p>\n<p>Lene ficou famosa ainda mais ap\u00f3s cravar que Lula venceria as elei\u00e7\u00f5es, tamb\u00e9m disse que o mesmo sofreria um atentado. Sobre a copa a vidente concedeu entrevista, e disse que nossa sele\u00e7\u00e3o tem reais chances de conquistar o campeonato, e todos festejaram.<\/p>\n<p> <a href=\"https:\/\/www.instagram.com\/p\/ClXTn29otRw\/?utm_source=ig_embed&amp;utm_campaign=loading\" style=\"background:#FFFFFF;line-height:0;padding:0 0;text-align:center;text-decoration:none;width:100%\" target=\"_blank\" rel=\"noopener\"><\/p>\n<p>View this post on Instagram<\/p>\n<p><\/a><\/p>\n<p><a href=\"https:\/\/www.instagram.com\/p\/ClXTn29otRw\/?utm_source=ig_embed&amp;utm_campaign=loading\" style=\"color:#c9c8cd;font-family:Arial,sans-serif;font-size:14px;font-style:normal;font-weight:normal;line-height:17px;text-decoration:none\" target=\"_blank\" rel=\"noopener\">A post shared by NJ \ud83c\udde7\ud83c\uddf7 (@neymarjr)<\/a><\/p>\n<\/p>\n<p>Ela confirmou que o Brasil poder\u00e1 sim ser o grande campe\u00e3o, por\u00e9m ressaltou tamb\u00e9m um problema que viria a acontecer durante o torneio.<\/p>\n<p>Lene continuou suas previs\u00f5es e falou sobre Neymar o craque da sele\u00e7\u00e3o, na ocasi\u00e3o ela disse que o mesmo far\u00e1 muitos gols e ser\u00e1 a sensa\u00e7\u00e3o da copa. Lene tamb\u00e9m previu a morte de um grande jogador que ir\u00e1 balar o cen\u00e1rio do futebol.<\/p>\n<p>A morte n\u00e3o vai acontecer durante o evento esportivo, mas conforme a previs\u00e3o, deve ser entre o final de 2022 e 2023. Para finalizar ela ainda disse que outro jogador com fama mundial, acabaria se envolvendo em um grave acidente. As pessoas dividem sobre opini\u00e3o sobre o assunto, muitos creem, e outros acham que n\u00e3o passa de mera coincid\u00eancia a previs\u00e3o destes famosos videntes da internet.<\/p>\n<p>Continue seguindo nosso site e esteja sempre informado sobre os maiores acontecimentos do Brasil e do mundo, compartilhe essa mat\u00e9ria com seus seguidores.<\/p>\n<p>&nbsp;<\/p>\n<h2>Outras previs\u00f5es<\/h2>\n<p>&nbsp;<\/p>\n<p>Vidente que teria previsto a morte do cantor Cristiano Ara\u00fajo, prev\u00ea outra perda no Brasil, de grande import\u00e2ncia, em seu perfil, no Instagram, nesta sexta-feira dia 7 de Janeiro. Conhecida por diversas previs\u00f5es que chocaram o Brasil, a vidente Lene Sensitiva, anuncia mais uma perda que trar\u00e1 muita como\u00e7\u00e3o.<\/p>\n<p>A vidente deixou todos preocupados com sua publica\u00e7\u00e3o nesta sexta-feira, onde previu que o Brasil ir\u00e1 passar por mais uma grande perda, logo no in\u00edcio do ano, e deixa todos seus seguidores preocupados, j\u00e1 que n\u00e3o foram dados mais detalhes sobre quem seria sua previs\u00e3o, e internautas come\u00e7am a especular.<\/p>\n<p>De acordo com Lene, um tr\u00e1gico acontecimento ocorrer\u00e1 este ano, mas como n\u00e3o se pronunciou sobre quem seria, seus seguidores come\u00e7am a \u2018chutar\u2019, como por exemplo: \u201cN\u00e3o! Silvio Santos n\u00e3o! Pelo amor de Deus!\u201d. A vidente ganhou fama por prever acontecimentos importantes com famosos conhecidos, e desde l\u00e1 vem preocupando todos com suas provis\u00f5es.<\/p>\n<p>&nbsp;<\/p>\n<p>Lene ficou famosa ap\u00f3s supostamente ter previsto morte do cantor Cristiano Ara\u00fajo, que faleceu em 2015, em um acidente de carro, e o jornalista Ricardo Boechat, que faleceu em 2019. Atrav\u00e9s de sua rede social, por onde ela geralmente faz seus an\u00fancios, foi por onde mais uma vez ela preocupa todos.<\/p>\n<p>Em sua \u00faltima publica\u00e7\u00e3o no Instagram, Lene diz: \u201cInfelizmente o Brasil vai passar um grande luto novamente, ser\u00e1 grande a como\u00e7\u00e3o\u201d. Levantando muitas d\u00favidas sobre quem seria, seguidores e f\u00e3s torcem para que ela esteja errada em sua previs\u00e3o, pois o pa\u00eds j\u00e1 vem perdendo demais.<\/p>\n<p>Al\u00e9m de n\u00e3o dar detalhes sobre quem, tamb\u00e9m n\u00e3o \u00e9 dito quando acontecer\u00e1, diz ela mesmo na legenda de sua publica\u00e7\u00e3o: \u201cEspero de cora\u00e7\u00e3o que eu erre essa previs\u00e3o\u201d. Al\u00e9m de famosos segundo a vidente, em sua conta em sua rede social, ela conta com mais de 600 mil seguidores onde todos acompanham suas previs\u00f5es.<\/p>\n<p>&nbsp;<\/p>\n<h2>VIDENTE REVELA VERDADE SOBRE FUTURO DE BOLSONARO &#8216;VIRAR A MESA&#8217;<\/h2>\n<p>No dia 30 de outubro, o Brasil foi \u00e0s urnas para escolher Luiz In\u00e1cio Lula da Silva (PT) como o mais novo presidente do Brasil, com o petista derrotando Jair Messias Bolsonaro (PL) ap\u00f3s receber 2,1 de votos a mais dos eleitores.<\/p>\n<p>Ap\u00f3s o resultado das elei\u00e7\u00f5es, in\u00fameras pol\u00eamicas envolvendo o atual presidente vieram \u00e0 tona, com alguns portais de not\u00edcia apontando um poss\u00edvel conflito entre Bolsonaro e a primeira-dama, Michelle. De acordo com alguns internautas, os dois n\u00e3o estavam mais se seguindo no Instagram e rapidamente, rumores envolvendo um poss\u00edvel t\u00e9rmino de relacionamento ganharam notoriedade nas redes sociais.<\/p>\n<p>Diante de todo o burburinho, Michelle Bolsonaro decidiu ir at\u00e9 seu perfil oficial nas redes sociais para se justificar a respeito do fato, afirmando que ela e Bolsonaro continuavam juntos.<\/p>\n<p>Apesar das falas da primeira-dama, uma nova not\u00edcia vem chamando a aten\u00e7\u00e3o dos internautas e, de acordo com a astrologia, o atual presidente vem passando por per\u00edodos conturbados em sua vida.<\/p>\n<p>Segundo os relatos da astr\u00f3loga Sara Koimbra, atrav\u00e9s do uso da clarivid\u00eancia, p\u00f4de ser evidenciado que Michelle e Bolsonaro poder\u00e3o se separar ainda no ano de 2022. Ela ainda afirma que havia percebido o fato h\u00e1 aproximadamente dez dias atr\u00e1s, quando estava realizando uma an\u00e1lise dos mapas astrais de Lula e Bolsonaro, usando como base o eclipse 25, que se encontrava em Escorpi\u00e3o.<\/p>\n<p>Tal movimento, de acordo com as informa\u00e7\u00f5es, \u00e9 respons\u00e1vel por desconex\u00f5es entre famosos, conseguindo explicar parte importante do mapa de Bolsonaro. Ela afirma que o eclipse havia beneficiado Lula, uma vez que o ex-presidente possui o Sol em Escorpi\u00e3o. Tal eclipse, por sua vez, acabou caindo na quinta casa de Bolsonaro, que est\u00e1 relacionado ao romance, amor, lazer, entre outras coisas.<\/p>\n<p>A astr\u00f3loga ainda afirma que o eclipse \u00e9 capaz de trazer diversas mudan\u00e7as, mostrando o que est\u00e1 escondida e trazendo a verdade absoluta. Segundo ela, as rela\u00e7\u00f5es envolvendo a fam\u00edlia de Bolsonaro, neste momento, podem estar em risco, com o eclipse em Escorpi\u00e3o possuindo a capacidade de mudar a vida amorosa do presidente.<\/p>\n<h2>Outra previs\u00e3o&#8230;<\/h2>\n<p>&nbsp;<\/p>\n<p>Guilherme de P\u00e1dua veio a \u00f3bito na noite do \u00faltimo dia 6 novembro, na capital de Minas Gerais, em decorr\u00eancia de um infarto fulminante. H\u00e1 quase duas semanas de seu falecimento, a m\u00e9dium Monica Buonfiglio compartilhou um v\u00eddeo inesperado falando sobre como est\u00e1 o ex-ator no plano espiritual. Vale ressaltar que as revela\u00e7\u00f5es n\u00e3o s\u00e3o nadas boas. Confira a mat\u00e9ria abaixo:<\/p>\n<p>Em vida, Guilherme foi condenado pelo assassinato da atriz Daniella Perez. A espiritualista j\u00e1 havia falado h\u00e1 algum tempo que viu o ex-ator tendo problemas com a morte. \u201c<strong>O mapa dele atestava a morte dele<\/strong>\u201d, disparou.<\/p>\n<p>Em seguida, Gl\u00f3ria Perez, autora das novelas da emissora Globo disse que a Justi\u00e7a humana poderia at\u00e9 falhar, todavia a divina nunca. Inclusive, ela mencionou a forma estranha que um pastor falou sobre a morte do criminoso, afirmando que ele n\u00e3o era um monstro na oportunidade.<\/p>\n<p>&nbsp;<\/p>\n<p>\u201cAs apunhaladas que ele deu, ele tamb\u00e9m est\u00e1 tomando no plano espiritual. O espirita acredita que ele est\u00e1 em um umbral, mas para mim ele est\u00e1 mesmo no inferno ou no que se chama de mundo inferior\u201d, entregou Monica.<\/p>\n<p>Guilherme de P\u00e1dua tinha medo de ser preso novamente antes de morrer<\/p>\n<p>&nbsp;<\/p>\n<p>Ainda segundo com a m\u00e9dium, Guilherme de P\u00e1dua estaria com muito medo de ser preso novamente. Em seguida a religiosa disse ainda que a situa\u00e7\u00e3o de Guilherme de P\u00e1dua no plano espiritual n\u00e3o est\u00e1 nada bem e na vis\u00e3o dela, para sempre ser\u00e1 assim. \u201cconsequ\u00eancias do que plantou em vida\u201c.<\/p>\n<p>Monica Buonfiglio ressaltou que os aspectos do morto s\u00e3o todos infernais. Inclusive, entregou que ele n\u00e3o iria conseguir fazer contato com a fam\u00edlia aqui. Minutos depois, ela contou tamb\u00e9m que o cora\u00e7\u00e3o do ex-ator seria entregue para uma entidade ruim e que na eternidade dever\u00e1 pagar por tudo que fez.<\/p>\n<p><strong>Confira o v\u00eddeo abaixo:<\/strong><\/p>\n<p>&nbsp;<\/p>\n<h3>Compartilhe isso:<\/h3>\n<ul>\n<li><a rel=\"nofollow noopener noreferrer\" data-shared=\"sharing-twitter-379177\" class=\"share-twitter sd-button share-icon no-text\" href=\"https:\/\/mrnews.com.br\/index.php\/2022\/11\/26\/luto-morre-querido-ator-do-seriado-chaves-e-fas-lamentam\/?share=twitter\" target=\"_blank\" title=\"Clique para compartilhar no Twitter\">Clique para compartilhar no Twitter(abre em nova janela)<\/a><\/li>\n<li><a rel=\"nofollow noopener noreferrer\" data-shared=\"sharing-facebook-379177\" class=\"share-facebook sd-button share-icon no-text\" href=\"https:\/\/mrnews.com.br\/index.php\/2022\/11\/26\/luto-morre-querido-ator-do-seriado-chaves-e-fas-lamentam\/?share=facebook\" target=\"_blank\" title=\"Clique para compartilhar no Facebook\">Clique para compartilhar no Facebook(abre em nova janela)<\/a><\/li>\n<li><a rel=\"nofollow noopener noreferrer\" data-shared=\"\" class=\"share-jetpack-whatsapp sd-button share-icon no-text\" href=\"https:\/\/mrnews.com.br\/index.php\/2022\/11\/26\/luto-morre-querido-ator-do-seriado-chaves-e-fas-lamentam\/?share=jetpack-whatsapp\" target=\"_blank\" title=\"Clique para compartilhar no WhatsApp\">Clique para compartilhar no WhatsApp(abre em nova janela)<\/a><\/li>\n<li><a href=\"#\" class=\"sharing-anchor sd-button share-more\">Mais<\/a><\/li>\n<li><\/li>\n<\/ul>\n<ul>\n<li><a rel=\"nofollow noopener noreferrer\" data-shared=\"\" class=\"share-print sd-button share-icon no-text\" href=\"https:\/\/mrnews.com.br\/index.php\/2022\/11\/26\/luto-morre-querido-ator-do-seriado-chaves-e-fas-lamentam\/#print\" target=\"_blank\" title=\"Clique para imprimir\">Clique para imprimir(abre em nova janela)<\/a><\/li>\n<li><a rel=\"nofollow noopener noreferrer\" data-shared=\"sharing-linkedin-379177\" class=\"share-linkedin sd-button share-icon no-text\" href=\"https:\/\/mrnews.com.br\/index.php\/2022\/11\/26\/luto-morre-querido-ator-do-seriado-chaves-e-fas-lamentam\/?share=linkedin\" target=\"_blank\" title=\"Clique para compartilhar no LinkedIn\">Clique para compartilhar no LinkedIn(abre em nova janela)<\/a><\/li>\n<li><\/li>\n<li><a rel=\"nofollow noopener noreferrer\" data-shared=\"\" class=\"share-reddit sd-button share-icon no-text\" href=\"https:\/\/mrnews.com.br\/index.php\/2022\/11\/26\/luto-morre-querido-ator-do-seriado-chaves-e-fas-lamentam\/?share=reddit\" target=\"_blank\" title=\"Clique para compartilhar no Reddit\">Clique para compartilhar no Reddit(abre em nova janela)<\/a><\/li>\n<li><a rel=\"nofollow noopener noreferrer\" data-shared=\"\" class=\"share-tumblr sd-button share-icon no-text\" href=\"https:\/\/mrnews.com.br\/index.php\/2022\/11\/26\/luto-morre-querido-ator-do-seriado-chaves-e-fas-lamentam\/?share=tumblr\" target=\"_blank\" title=\"Clique para compartilhar no Tumblr\">Clique para compartilhar no Tumblr(abre em nova janela)<\/a><\/li>\n<li><\/li>\n<li><a rel=\"nofollow noopener noreferrer\" data-shared=\"sharing-pinterest-379177\" class=\"share-pinterest sd-button share-icon no-text\" href=\"https:\/\/mrnews.com.br\/index.php\/2022\/11\/26\/luto-morre-querido-ator-do-seriado-chaves-e-fas-lamentam\/?share=pinterest\" target=\"_blank\" title=\"Clique para compartilhar no Pinterest\">Clique para compartilhar no Pinterest(abre em nova janela)<\/a><\/li>\n<li><a rel=\"nofollow noopener noreferrer\" data-shared=\"\" class=\"share-pocket sd-button share-icon no-text\" href=\"https:\/\/mrnews.com.br\/index.php\/2022\/11\/26\/luto-morre-querido-ator-do-seriado-chaves-e-fas-lamentam\/?share=pocket\" target=\"_blank\" title=\"Clique para compartilhar no Pocket\">Clique para compartilhar no Pocket(abre em nova janela)<\/a><\/li>\n<li><\/li>\n<li><a rel=\"nofollow noopener noreferrer\" data-shared=\"\" class=\"share-telegram sd-button share-icon no-text\" href=\"https:\/\/mrnews.com.br\/index.php\/2022\/11\/26\/luto-morre-querido-ator-do-seriado-chaves-e-fas-lamentam\/?share=telegram\" target=\"_blank\" title=\"Clique para compartilhar no Telegram\">Clique para compartilhar no Telegram(abre em nova janela)<\/a><\/li>\n<li><a rel=\"nofollow noopener noreferrer\" data-shared=\"sharing-skype-379177\" class=\"share-skype sd-button share-icon no-text\" href=\"https:\/\/mrnews.com.br\/index.php\/2022\/11\/26\/luto-morre-querido-ator-do-seriado-chaves-e-fas-lamentam\/?share=skype\" target=\"_blank\" title=\"Clique para compartilhar no Skype\">Clique para compartilhar no Skype(abre em nova janela)<\/a><\/li>\n<li><\/li>\n<li><\/li>\n<\/ul>\n<h4> TV MRNews N\u00e3o perca tamb\u00e9m:<\/h4>\n<p><p>Fonte: <a href=\"\/\/mrnews.com.br\/index.php\/2022\/11\/26\/luto-morre-querido-ator-do-seriado-chaves-e-fas-lamentam\" title=\"mrnews.com.br\/index.php\/2022\/11\/26\/luto-morre-querido-ator-do-seriado-chaves-e-fas-lamentam\" target=\"_blank\" rel=\"bookmark noopener\"><cite>mrnews.com.br\/index.php\/2022\/11\/26\/luto-morre-querido-ator-do-seriado-chaves-e-fas-lamentam<\/cite><\/a><\/p>\n","protected":false},"excerpt":{"rendered":"<p>O seriado do Chaves fez muito sucesso em diversos pa\u00edses no mundo, no Brasil muitas<\/p>\n","protected":false},"author":1,"featured_media":0,"comment_status":"closed","ping_status":"closed","sticky":false,"template":"","format":"standard","meta":{"footnotes":""},"categories":[1],"tags":[],"class_list":["post-6204","post","type-post","status-publish","format-standard","hentry","category-noticias"],"amp_enabled":true,"_links":{"self":[{"href":"https:\/\/tvtribunape.com.br\/index.php\/wp-json\/wp\/v2\/posts\/6204","targetHints":{"allow":["GET"]}}],"collection":[{"href":"https:\/\/tvtribunape.com.br\/index.php\/wp-json\/wp\/v2\/posts"}],"about":[{"href":"https:\/\/tvtribunape.com.br\/index.php\/wp-json\/wp\/v2\/types\/post"}],"author":[{"embeddable":true,"href":"https:\/\/tvtribunape.com.br\/index.php\/wp-json\/wp\/v2\/users\/1"}],"replies":[{"embeddable":true,"href":"https:\/\/tvtribunape.com.br\/index.php\/wp-json\/wp\/v2\/comments?post=6204"}],"version-history":[{"count":1,"href":"https:\/\/tvtribunape.com.br\/index.php\/wp-json\/wp\/v2\/posts\/6204\/revisions"}],"predecessor-version":[{"id":6205,"href":"https:\/\/tvtribunape.com.br\/index.php\/wp-json\/wp\/v2\/posts\/6204\/revisions\/6205"}],"wp:attachment":[{"href":"https:\/\/tvtribunape.com.br\/index.php\/wp-json\/wp\/v2\/media?parent=6204"}],"wp:term":[{"taxonomy":"category","embeddable":true,"href":"https:\/\/tvtribunape.com.br\/index.php\/wp-json\/wp\/v2\/categories?post=6204"},{"taxonomy":"post_tag","embeddable":true,"href":"https:\/\/tvtribunape.com.br\/index.php\/wp-json\/wp\/v2\/tags?post=6204"}],"curies":[{"name":"wp","href":"https:\/\/api.w.org\/{rel}","templated":true}]}}