{"id":6997,"date":"2023-03-25T08:46:08","date_gmt":"2023-03-25T11:46:08","guid":{"rendered":"https:\/\/tvtribunape.com.br\/?p=6997"},"modified":"2023-03-25T08:46:08","modified_gmt":"2023-03-25T11:46:08","slug":"aos-59-paulo-zulu-e-diagnosticado-com-cancer-passa-por-cirurgia-e-noticia-chega-nao","status":"publish","type":"post","link":"https:\/\/tvtribunape.com.br\/index.php\/2023\/03\/25\/aos-59-paulo-zulu-e-diagnosticado-com-cancer-passa-por-cirurgia-e-noticia-chega-nao\/","title":{"rendered":"Aos 59, Paulo Zulu \u00e9 diagnosticado com c\u00e2ncer, passa por cirurgia e not\u00edcia chega: &#039; N\u00c3O&#8230;&#039;"},"content":{"rendered":"<p>No \u00faltimo s\u00e1bado (18), o ator Paulo Zulu, de 59 anos, publicou um v\u00eddeo, em sua rede social do Instagram, em que conta com, aproximadamente, 260 mil seguidores, contando sobre uma descoberta inesperada em rela\u00e7\u00e3o \u00e0 sua sa\u00fade.<\/p>\n<p>Menos presente que o comum nas redes sociais, o ator gravou o v\u00eddeo como uma tentativa de explica\u00e7\u00e3o de sua aus\u00eancia e atualiza\u00e7\u00e3o de seus seguidores.<\/p>\n<h2>C\u00e2ncer na bexiga<\/h2>\n<p>Paulo precisou ser submetido a uma cirurgia para a retirada de um c\u00e2ncer em sua bexiga. A descoberta da doen\u00e7a veio atrav\u00e9s de um exame realizado no \u00faltimo m\u00eas de fevereiro. Na ocasi\u00e3o, na cidade de Joinville, Santa Catarina, Paulo Zulu realizava um exame de rotina quando foi surpreendido pelo diagn\u00f3stico da doen\u00e7a.<\/p>\n<p>Segundo o ator, esse j\u00e1 \u00e9 o segundo tumor que ele precisa remover, uma vez que, h\u00e1 dois anos, um outro j\u00e1 foi removido.<\/p>\n<p>Em rela\u00e7\u00e3o \u00e0 sua sa\u00fade atual, ap\u00f3s o diagn\u00f3stico e procedimento cir\u00fargico, Zulu contou que n\u00e3o h\u00e1 nenhum tipo de preju\u00edzo em raz\u00e3o de seus h\u00e1bitos saud\u00e1veis de vida at\u00e9 aqui: \u201cMas gra\u00e7as eu ter feito essa revis\u00e3o, atrav\u00e9s da preven\u00e7\u00e3o, eu consegui detectar em tempo h\u00e1bil de poder operar e ficar bem\u201d, comentou o ator.<\/p>\n<p>Trajet\u00f3ria do ator Paulo Zulu \u00e9 ator e modelo e j\u00e1 participou de famosas atra\u00e7\u00f5es da Rede Globo de Televis\u00e3o. Na novela \u201cLa\u00e7os de Fam\u00edlia\u201d, Zulu interpretou Romeu, um personal trainer gal\u00e3. Al\u00e9m disso, o ator tamb\u00e9m foi convidado para participar de \u201cMulheres Apaixonadas\u201d e de \u201cTotalmente Demais\u201d. O ator \u00e9 pai de dois filhos adolescentes, Patrick e Dereck.<\/p>\n<h2>Primeiro Tuco de A Grande Fam\u00edlia faleceu de c\u00e2ncer<\/h2>\n<p>O ator Luiz Armando Queiroz interpretou Tuco em A Grande Fam\u00edlia entre os anos de 1972 e 1975. No come\u00e7o de 1999, o artista estava lutando contra um linfoma, que \u00e9 c\u00e2ncer nos g\u00e2nglios linf\u00e1ticos. Seu estado de sa\u00fade se agravou e foi internado no CTI da Cl\u00ednica S\u00e3o Vicente, no RJ.<\/p>\n<p> <a href=\"https:\/\/news.google.com\/publications\/CAAqBwgKMMzlmQsw9u-xAw?hl=pt-BR&amp;gl=BR&amp;ceid=BR%3Apt-419\"><strong>SIGA-NOS<\/strong>\u00a0 <\/a> <\/p>\n<p>O artista come\u00e7ou a receber tratamento com sess\u00f5es de quimioterapia, contudo, n\u00e3o resistiu \u00e0s complica\u00e7\u00f5es. O int\u00e9rprete do primeiro Tuco faleceu no dia 19 de maio de 1999, com 53 anos. A causa do \u00f3bito foi devido a uma fal\u00eancia m\u00faltipla dos \u00f3rg\u00e3os.<\/p>\n<p>Carreira de Luiz Armando Queiroz na Globo A carreira de Luiz Armando Queiroz foi marcada por algumas novelas na Globo e em outras emissoras. Na extinta Manchete esteve em Pantanal e no SBT atuou em Os Ossos do Bar\u00e3o. J\u00e1 na emissora dos Marinho, mostrou o seu talento em Roque Santeiro e na miniss\u00e9rie Chiquinha Gonzaga.<\/p>\n<p>O artista tamb\u00e9m tem talento na m\u00fasica, tanto que lan\u00e7ou um LP com can\u00e7\u00f5es de Marlene e Emilinha Borba. Nos cinemas, trabalhou em filmes de sucesso, como Para Frente, Brasil e o indicado ao Oscar, O Que \u00e9 Isso, Companheiro?.<\/p>\n<h2>Luiz Armando Queiroz<\/h2>\n<p>&nbsp;<\/p>\n<p>Luiz Armando Queiroz (Recife, 22 de fevereiro de 1945 \u2014 Rio de Janeiro, 16 de maio de 1999)[1] foi um diretor e ator brasileiro. Entre os seus maiores sucessos na televis\u00e3o est\u00e3o os personagens de telenovelas da Rede Globo, como &#8220;Cl\u00e1udio&#8221;, de Cuca Legal, &#8220;Belchior&#8221;, de Est\u00fapido Cupido, &#8220;Tuco&#8221;, da primeira vers\u00e3o de A Grande Fam\u00edlia, e &#8220;Tito Moreira Fran\u00e7a&#8221;, de Roque Santeiro. Atuou tamb\u00e9m em filmes e apresentou os programas de TV Concertos para a Juventude e Sem Limite.<\/p>\n<p>Luiz Armando Queiroz tamb\u00e9m se destacou em trabalhos na Rede Bandeirantes, como em Os Imigrantes, e na Rede Manchete, onde viveu o vil\u00e3o &#8220;Rodrigo&#8221;, de A Hist\u00f3ria de Ana Raio e Z\u00e9 Trov\u00e3o.<\/p>\n<p>O sucesso alavancou sua carreira de apresentador, assim, em 1989, ele comandou o Sem Limite, um dos primeiros programas de audit\u00f3rio da hist\u00f3ria da Rede Manchete, que era transmitido semanalmente, nas noites de ter\u00e7a-feira. A atra\u00e7\u00e3o tinha o mesmo formato do consagrado O C\u00e9u \u00e9 o Limite. O ator inclusive adotou o bord\u00e3o do apresentador da atra\u00e7\u00e3o original, J. Silvestre: \u201cabsolutamente certo!\u201d.[3]<\/p>\n<p>Ele dirigiu as novelas A Idade da Loba, na Rede Bandeirantes, Os ossos do bar\u00e3o, no SBT, e a miniss\u00e9rie Chiquinha Gonzaga, na Rede Globo.<\/p>\n<p>Luiz Armando Queiroz faleceu por fal\u00eancia de m\u00faltiplos \u00f3rg\u00e3os, consequ\u00eancia de uma quimioterapia para tratamento de um c\u00e2ncer linf\u00e1tico, doen\u00e7a diagnosticada em dezembro de 1998.[4] Foi sepultado no Cemit\u00e9rio de S\u00e3o Jo\u00e3o Batista, no Rio de Janeiro.<\/p>\n<h3>Compartilhe isso:<\/h3>\n<ul>\n<li><a rel=\"nofollow noopener noreferrer\" data-shared=\"sharing-twitter-390422\" class=\"share-twitter sd-button share-icon no-text\" href=\"https:\/\/mrnews.com.br\/index.php\/2023\/03\/24\/aos-59-paulo-zulu-e-diagnosticado-com-cancer-passa-por-cirurgia-e-noticia-chega-nao\/?share=twitter\" target=\"_blank\" title=\"Clique para compartilhar no Twitter\">Clique para compartilhar no Twitter(abre em nova janela)<\/a><\/li>\n<li><a rel=\"nofollow noopener noreferrer\" data-shared=\"sharing-facebook-390422\" class=\"share-facebook sd-button share-icon no-text\" href=\"https:\/\/mrnews.com.br\/index.php\/2023\/03\/24\/aos-59-paulo-zulu-e-diagnosticado-com-cancer-passa-por-cirurgia-e-noticia-chega-nao\/?share=facebook\" target=\"_blank\" title=\"Clique para compartilhar no Facebook\">Clique para compartilhar no Facebook(abre em nova janela)<\/a><\/li>\n<li><a rel=\"nofollow noopener noreferrer\" data-shared=\"\" class=\"share-jetpack-whatsapp sd-button share-icon no-text\" href=\"https:\/\/mrnews.com.br\/index.php\/2023\/03\/24\/aos-59-paulo-zulu-e-diagnosticado-com-cancer-passa-por-cirurgia-e-noticia-chega-nao\/?share=jetpack-whatsapp\" target=\"_blank\" title=\"Clique para compartilhar no WhatsApp\">Clique para compartilhar no WhatsApp(abre em nova janela)<\/a><\/li>\n<li><a href=\"#\" class=\"sharing-anchor sd-button share-more\">Mais<\/a><\/li>\n<li><\/li>\n<\/ul>\n<ul>\n<li><a rel=\"nofollow noopener noreferrer\" data-shared=\"\" class=\"share-print sd-button share-icon no-text\" href=\"https:\/\/mrnews.com.br\/index.php\/2023\/03\/24\/aos-59-paulo-zulu-e-diagnosticado-com-cancer-passa-por-cirurgia-e-noticia-chega-nao\/#print\" target=\"_blank\" title=\"Clique para imprimir\">Clique para imprimir(abre em nova janela)<\/a><\/li>\n<li><a rel=\"nofollow noopener noreferrer\" data-shared=\"sharing-linkedin-390422\" class=\"share-linkedin sd-button share-icon no-text\" href=\"https:\/\/mrnews.com.br\/index.php\/2023\/03\/24\/aos-59-paulo-zulu-e-diagnosticado-com-cancer-passa-por-cirurgia-e-noticia-chega-nao\/?share=linkedin\" target=\"_blank\" title=\"Clique para compartilhar no LinkedIn\">Clique para compartilhar no LinkedIn(abre em nova janela)<\/a><\/li>\n<li><a rel=\"nofollow noopener noreferrer\" data-shared=\"\" class=\"share-reddit sd-button share-icon no-text\" href=\"https:\/\/mrnews.com.br\/index.php\/2023\/03\/24\/aos-59-paulo-zulu-e-diagnosticado-com-cancer-passa-por-cirurgia-e-noticia-chega-nao\/?share=reddit\" target=\"_blank\" title=\"Clique para compartilhar no Reddit\">Clique para compartilhar no Reddit(abre em nova janela)<\/a><\/li>\n<li><a rel=\"nofollow noopener noreferrer\" data-shared=\"\" class=\"share-tumblr sd-button share-icon no-text\" href=\"https:\/\/mrnews.com.br\/index.php\/2023\/03\/24\/aos-59-paulo-zulu-e-diagnosticado-com-cancer-passa-por-cirurgia-e-noticia-chega-nao\/?share=tumblr\" target=\"_blank\" title=\"Clique para compartilhar no Tumblr\">Clique para compartilhar no Tumblr(abre em nova janela)<\/a><\/li>\n<li><a rel=\"nofollow noopener noreferrer\" data-shared=\"sharing-pinterest-390422\" class=\"share-pinterest sd-button share-icon no-text\" href=\"https:\/\/mrnews.com.br\/index.php\/2023\/03\/24\/aos-59-paulo-zulu-e-diagnosticado-com-cancer-passa-por-cirurgia-e-noticia-chega-nao\/?share=pinterest\" target=\"_blank\" title=\"Clique para compartilhar no Pinterest\">Clique para compartilhar no Pinterest(abre em nova janela)<\/a><\/li>\n<li><a rel=\"nofollow noopener noreferrer\" data-shared=\"\" class=\"share-pocket sd-button share-icon no-text\" href=\"https:\/\/mrnews.com.br\/index.php\/2023\/03\/24\/aos-59-paulo-zulu-e-diagnosticado-com-cancer-passa-por-cirurgia-e-noticia-chega-nao\/?share=pocket\" target=\"_blank\" title=\"Clique para compartilhar no Pocket\">Clique para compartilhar no Pocket(abre em nova janela)<\/a><\/li>\n<li><a rel=\"nofollow noopener noreferrer\" data-shared=\"\" class=\"share-telegram sd-button share-icon no-text\" href=\"https:\/\/mrnews.com.br\/index.php\/2023\/03\/24\/aos-59-paulo-zulu-e-diagnosticado-com-cancer-passa-por-cirurgia-e-noticia-chega-nao\/?share=telegram\" target=\"_blank\" title=\"Clique para compartilhar no Telegram\">Clique para compartilhar no Telegram(abre em nova janela)<\/a><\/li>\n<li><a rel=\"nofollow noopener noreferrer\" data-shared=\"sharing-skype-390422\" class=\"share-skype sd-button share-icon no-text\" href=\"https:\/\/mrnews.com.br\/index.php\/2023\/03\/24\/aos-59-paulo-zulu-e-diagnosticado-com-cancer-passa-por-cirurgia-e-noticia-chega-nao\/?share=skype\" target=\"_blank\" title=\"Clique para compartilhar no Skype\">Clique para compartilhar no Skype(abre em nova janela)<\/a><\/li>\n<li><\/li>\n<\/ul>\n<p>Fonte: <a href=\"\/\/mrnews.com.br\/index.php\/2023\/03\/24\/aos-59-paulo-zulu-e-diagnosticado-com-cancer-passa-por-cirurgia-e-noticia-chega-nao\" title=\"mrnews.com.br\/index.php\/2023\/03\/24\/aos-59-paulo-zulu-e-diagnosticado-com-cancer-passa-por-cirurgia-e-noticia-chega-nao\" target=\"_blank\" rel=\"bookmark noopener\"><cite>mrnews.com.br\/index.php\/2023\/03\/24\/aos-59-paulo-zulu-e-diagnosticado-com-cancer-passa-por-cirurgia-e-noticia-chega-nao<\/cite><\/a><\/p>\n","protected":false},"excerpt":{"rendered":"<p>No \u00faltimo s\u00e1bado (18), o ator Paulo Zulu, de 59 anos, publicou um v\u00eddeo, em<\/p>\n","protected":false},"author":1,"featured_media":0,"comment_status":"closed","ping_status":"closed","sticky":false,"template":"","format":"standard","meta":{"footnotes":""},"categories":[1],"tags":[],"class_list":["post-6997","post","type-post","status-publish","format-standard","hentry","category-noticias"],"amp_enabled":true,"_links":{"self":[{"href":"https:\/\/tvtribunape.com.br\/index.php\/wp-json\/wp\/v2\/posts\/6997","targetHints":{"allow":["GET"]}}],"collection":[{"href":"https:\/\/tvtribunape.com.br\/index.php\/wp-json\/wp\/v2\/posts"}],"about":[{"href":"https:\/\/tvtribunape.com.br\/index.php\/wp-json\/wp\/v2\/types\/post"}],"author":[{"embeddable":true,"href":"https:\/\/tvtribunape.com.br\/index.php\/wp-json\/wp\/v2\/users\/1"}],"replies":[{"embeddable":true,"href":"https:\/\/tvtribunape.com.br\/index.php\/wp-json\/wp\/v2\/comments?post=6997"}],"version-history":[{"count":1,"href":"https:\/\/tvtribunape.com.br\/index.php\/wp-json\/wp\/v2\/posts\/6997\/revisions"}],"predecessor-version":[{"id":6998,"href":"https:\/\/tvtribunape.com.br\/index.php\/wp-json\/wp\/v2\/posts\/6997\/revisions\/6998"}],"wp:attachment":[{"href":"https:\/\/tvtribunape.com.br\/index.php\/wp-json\/wp\/v2\/media?parent=6997"}],"wp:term":[{"taxonomy":"category","embeddable":true,"href":"https:\/\/tvtribunape.com.br\/index.php\/wp-json\/wp\/v2\/categories?post=6997"},{"taxonomy":"post_tag","embeddable":true,"href":"https:\/\/tvtribunape.com.br\/index.php\/wp-json\/wp\/v2\/tags?post=6997"}],"curies":[{"name":"wp","href":"https:\/\/api.w.org\/{rel}","templated":true}]}}