{"id":7010,"date":"2023-03-26T02:06:14","date_gmt":"2023-03-26T05:06:14","guid":{"rendered":"https:\/\/tvtribunape.com.br\/?p=7010"},"modified":"2023-03-26T02:06:14","modified_gmt":"2023-03-26T05:06:14","slug":"the-masked-singer-brasil-descobrimos-quem-e-a-vovo-tartaruga-humorista-famosa","status":"publish","type":"post","link":"https:\/\/tvtribunape.com.br\/index.php\/2023\/03\/26\/the-masked-singer-brasil-descobrimos-quem-e-a-vovo-tartaruga-humorista-famosa\/","title":{"rendered":"THE MASKED SINGER BRASIL: DESCOBRIMOS QUEM \u00c9 A VOV\u00d3 TARTARUGA, HUMORISTA FAMOSA"},"content":{"rendered":"<p>Durante a estreia da nova temporada do <b>&#8220;The Masked Singer Brasil&#8221;<\/b>, nas telinhas da Globo no domingo (22), a produ\u00e7\u00e3o ati\u00e7ou a curiosidade do p\u00fablico em torno da\u00a0<b>tartaruga<\/b>\u00a0mascarada que subiu ao palco e fez com que boa parte dos f\u00e3s especulassem que pode se tratar de\u00a0<a href=\"https:\/\/mrnews.com.br\/index.php\/2023\/03\/12\/the-masked-singer-3-descobrimos-quem-e-a-vovo-tartaruga-atriz-e-humorista-2\/\"><b>Heloisa P\u00e9riss\u00e9<\/b><\/a> \u2014 que j\u00e1 participou da atra\u00e7\u00e3o. Entretanto, erramos!! A atriz\u00a0<strong>Nanda Costa<\/strong>\u00a0\u00e9 a artista por tr\u00e1s da fantasia da\u00a0Vov\u00f3 Tartaruga da terceira temporada do\u00a0<strong>The Masked Singer Brasil.<\/strong><\/p>\n<p>           A disputa deste domingo, 19 de mar\u00e7o, mostrou uma disputa incr\u00edvel. DJ Vit\u00f3ria-R\u00e9gia acabou disputando diretamente com a Tartaruga. O resultado? Voc\u00ea acompanhou no The Masked Singer Brasil.   <\/p>\n<p>MAis uma temporada incr\u00edvel do The MAsked Singer e n\u00f3s estamos trabalhando para tentar descobrir quem s\u00e3o os mascarados. Claro, n\u00e3o \u00e9 f\u00e1cil, pois h\u00e1 um contrato de confidencialidade a ponto de que, quem n\u00e3o cumpr\u00ed-lo pode perder o cach\u00ea e ainda ter que pagar uma multa.<\/p>\n<p>&nbsp;<\/p>\n<p><strong>Entre os artistas convidados para essa edi\u00e7\u00e3o do The Masked Singer Brasil est\u00e3o:<\/strong>\u00a0Rosana, Solange Couto, Erika Januza, Emanuelle Ara\u00fajo, Tatau (Araketu),\u00a0\u00cdcaro Silva, Flay, Larissa Luz, Diego Hypolito, Mano Walter, Sylvinho Blaublau,\u00a0Babu Santana,\u00a0Patr\u00edcias Marx,\u00a0Fernando Fernandes, Paulo Betti e Marcelo Serrado.<\/p>\n<p><strong>OUTRAS DESCOBERTAS: MANO WALTER (DINO), FLAY (DJ)<\/strong><\/p>\n<h2><a href=\"https:\/\/mauaagora.com.br\/2023\/03\/19\/the-masked-singer-brasil-descobrimos-quem-e-a-vovo-tartaruga-atriz-e-humorista\/\">VEJA OUTRAS DESCOBERTAS AQUI<\/a><\/h2>\n<p>&nbsp;<\/p>\n<h2>PALPITES DO P\u00daBLICO<\/h2>\n<p>Com tantos participantes carism\u00e1ticos, alguns j\u00e1 s\u00e3o queridinhos dos telespectadores. Eles arrasaram em suas apresenta\u00e7\u00f5es e conquistaram a prefer\u00eancia de muita gente.<\/p>\n<p>Nas redes sociais, os internautas est\u00e3o surpresos com o n\u00edvel de dificuldade dessa edi\u00e7\u00e3o. De fato, as dicas est\u00e3o mais dif\u00edceis, por isso h\u00e1 uma s\u00e9rie de palpites.<\/p>\n<p>Veja quem s\u00e3o os mascarados mais falados:<\/p>\n<p>Coruja \u2013 Bruno Mazzeo, \u00c9rico Br\u00e1s, Marcelo Tas<\/p>\n<p>Filtro de Barro \u2013 Rodrigo Simas, Arlindinho, Diego Hyp\u00f3lito<\/p>\n<p>DJ Vit\u00f3ria R\u00e9gia \u2013 Flay, Leilah Moreno, Lu\u00edza Sonza<\/p>\n<p>Circo \u2013 Marcos Frota, Fernando Fernandes<\/p>\n<p>Romeu e Julieta \u2013 Belo e Gracyanne, Marisa Orth e Daniel Boaventura, Diogo Nogueira e Paolla Oliveira<\/p>\n<p>Galo \u2013 Xam\u00e3, Vladimir Brichta, Gil do Vigor<\/p>\n<p>Vov\u00f3 Tartaruga \u2013 Betty Gofman, Katiuscia Canoro, Pocah<\/p>\n<p>Dinossauro \u2013 Felipe Dylon, Supla, Lucas Lucco<\/p>\n<p>Capivara \u2013 Susana Vieira, Solange Couto, Valesca Popozuda<\/p>\n<p>Abelha-Rainha \u2013 Ludmilla, Aline Rosa, Pitty<\/p>\n<p>Suculentos \u2013 Banda Melim, Fam\u00edlia Blanco (Lua, Ana Terra e Daniel), Fam\u00edlia Gil (Flora, Bela e Francisco)<\/p>\n<p>Apresentado por Ivete Sangalo, o The Masked Singer Brasil vai ao ar todo domingo, \u00e0s 15h45. Os jurados dessa temporada s\u00e3o Sabrina Sato, Eduardo Sterblitch, Ta\u00eds Ara\u00fajo e Mateus Solano.<\/p>\n<p>Essa edi\u00e7\u00e3o de <a href=\"https:\/\/mauaagora.com.br\/2023\/03\/05\/the-masked-singer-descobrimos-quem-e-a-coruja-vovo-tartaruga-galo-e-dj-vitoria-regia\/\">The Masked Singer Brasil<\/a> foi uma das mais dif\u00edceis para descobrir. As dicas est\u00e3o menos incisivas, apesar de nada ser diferente da realidade do artista. N\u00e3o h\u00e1 d\u00favidas, entretanto, de quem s\u00e3o os artistas que est\u00e3o por tr\u00e1s das m\u00e1scaras e fantasias.<\/p>\n<p>Confira a seguir quem s\u00e3o os personagens por tr\u00e1s de cada uma das m\u00e1scaras.<\/p>\n<h2><a href=\"https:\/\/mrnews.com.br\/index.php\/2023\/03\/12\/the-masked-singer-3-descobrimos-quem-e-a-vovo-tartaruga-atriz-e-humorista-2\/\">QUEM \u00c9 A CORUJA DE THE MASKED SINGER?<\/a><\/h2>\n<p><strong>O famoso que usa a fantasia de Coruja \u00e9\u00a0Babu Santana<\/strong>. Fluminense da capital e nascido em 10 de dezembro de 1979, o artista exerceu v\u00e1rias fun\u00e7\u00f5es antes de ingressar nas artes. Em 2001, fez seu primeiro trabalho na TV, em &#8220;Malha\u00e7\u00e3o&#8221;.<\/p>\n<h2>QUEM \u00c9 A VOV\u00d3 TARTARUGA DE THE MASKED SINGER?<\/h2>\n<p>Durante a estreia da nova temporada do <b>&#8220;The Masked Singer Brasil&#8221;<\/b>, nas telinhas da Globo no domingo (22), a produ\u00e7\u00e3o ati\u00e7ou a curiosidade do p\u00fablico em torno da\u00a0<b>tartaruga<\/b>\u00a0mascarada que subiu ao palco e fez com que boa parte dos f\u00e3s especulassem que pode se tratar de\u00a0<b>Heloisa P\u00e9riss\u00e9<\/b> \u2014 que j\u00e1 participou da atra\u00e7\u00e3o.<\/p>\n<h2>QUEM \u00c9 A DJ VIT\u00d3RIA-R\u00c9GIA DE THE MASKED SINGER?<\/h2>\n<p>Segundo o colunista Andr\u00e9 Romano, do &#8220;Observat\u00f3rio da TV&#8221;, quem usa a fantasia de DJ Vit\u00f3ria-R\u00e9gia \u00e9 a ex-BBB Flay, nascida <strong>Flayslane Raiane<\/strong> Pereira da Silva em 19 de outubro de 1994 em Nova Floresta, na Para\u00edba. A ex-BBB come\u00e7ou a trabalhar aos 13 anos e, cinco anos depois, deixou a casa dos pais para seguir na carre art\u00edstica.<\/p>\n<h2>QUEM \u00c9 A ABELHA-RAINHA DE THE MASKED SINGER?<\/h2>\n<p>A coluna apurou que\u00a0a cantora e apresentadora<strong> Larissa Luz\u00a0<\/strong>\u00e9 a artista por tr\u00e1s da fantasia de\u00a0Abelha-Rainha\u00a0da terceira temporada do\u00a0The Masked Singer Brasil.<\/p>\n<h2>QUEM \u00c9 A CAPIVARA DE THE MASKED SINGER?<\/h2>\n<p>A melhor dica foi &#8216;cada mergulho \u00e9 um flash&#8217;, ou seja: <strong>Solange Couto<\/strong><\/p>\n<h2>QUEM \u00c9 O FILTRO DE BARRO DO THE MASKED SINGER?<\/h2>\n<p><strong>Diego Hyp\u00f3lito<\/strong>\u00a0\u00e9 quem est\u00e1 por tr\u00e1s da fantasia de Filtro de Barro. Nascido em Santo Andr\u00e9, interior de S\u00e3o Paulo, em 19 de junho de 1986, passou por clubes como o Flamengo. O ex-atleta e irm\u00e3o de Daniele Hypolito disputou os Jogos Ol\u00edmpicos de Pequim 2008 e\u00a0Rio 2016, quando foi Prata no solo.<\/p>\n<h2>QUEM \u00c9 O GALO DO THE MASKED SINGER?<\/h2>\n<p>O ator e escritor\u00a0<b>\u00cdcaro Silva<\/b>\u00a0\u00e9 o artista por tr\u00e1s da fantasia de Galo da terceira temporada do The Masked Singer Brasil.h\u00e1 5 dias<\/p>\n<h2>Quem \u00e9 o Dinossauro do The Masked Singer Brasil?<\/h2>\n<p>Se nada mudar, o cantor <strong>Mano Walter<\/strong> \u00e9 o artista por tr\u00e1s da fantasia de\u00a0Dinossauro\u00a0do reality comandado pela cantora baiana.<\/p>\n<h3>Compartilhe isso:<\/h3>\n<ul>\n<li><a rel=\"nofollow noopener noreferrer\" data-shared=\"sharing-twitter-390027\" class=\"share-twitter sd-button share-icon no-text\" href=\"https:\/\/mrnews.com.br\/index.php\/2023\/03\/19\/the-masked-singer-brasil-descobrimos-quem-e-a-vovo-tartaruga-humorista-famosa\/?share=twitter\" target=\"_blank\" title=\"Clique para compartilhar no Twitter\">Clique para compartilhar no Twitter(abre em nova janela)<\/a><\/li>\n<li><a rel=\"nofollow noopener noreferrer\" data-shared=\"sharing-facebook-390027\" class=\"share-facebook sd-button share-icon no-text\" href=\"https:\/\/mrnews.com.br\/index.php\/2023\/03\/19\/the-masked-singer-brasil-descobrimos-quem-e-a-vovo-tartaruga-humorista-famosa\/?share=facebook\" target=\"_blank\" title=\"Clique para compartilhar no Facebook\">Clique para compartilhar no Facebook(abre em nova janela)<\/a><\/li>\n<li><a rel=\"nofollow noopener noreferrer\" data-shared=\"\" class=\"share-jetpack-whatsapp sd-button share-icon no-text\" href=\"https:\/\/mrnews.com.br\/index.php\/2023\/03\/19\/the-masked-singer-brasil-descobrimos-quem-e-a-vovo-tartaruga-humorista-famosa\/?share=jetpack-whatsapp\" target=\"_blank\" title=\"Clique para compartilhar no WhatsApp\">Clique para compartilhar no WhatsApp(abre em nova janela)<\/a><\/li>\n<li><a href=\"#\" class=\"sharing-anchor sd-button share-more\">Mais<\/a><\/li>\n<li><\/li>\n<\/ul>\n<ul>\n<li><a rel=\"nofollow noopener noreferrer\" data-shared=\"\" class=\"share-print sd-button share-icon no-text\" href=\"https:\/\/mrnews.com.br\/index.php\/2023\/03\/19\/the-masked-singer-brasil-descobrimos-quem-e-a-vovo-tartaruga-humorista-famosa\/#print\" target=\"_blank\" title=\"Clique para imprimir\">Clique para imprimir(abre em nova janela)<\/a><\/li>\n<li><a rel=\"nofollow noopener noreferrer\" data-shared=\"sharing-linkedin-390027\" class=\"share-linkedin sd-button share-icon no-text\" href=\"https:\/\/mrnews.com.br\/index.php\/2023\/03\/19\/the-masked-singer-brasil-descobrimos-quem-e-a-vovo-tartaruga-humorista-famosa\/?share=linkedin\" target=\"_blank\" title=\"Clique para compartilhar no LinkedIn\">Clique para compartilhar no LinkedIn(abre em nova janela)<\/a><\/li>\n<li><a rel=\"nofollow noopener noreferrer\" data-shared=\"\" class=\"share-reddit sd-button share-icon no-text\" href=\"https:\/\/mrnews.com.br\/index.php\/2023\/03\/19\/the-masked-singer-brasil-descobrimos-quem-e-a-vovo-tartaruga-humorista-famosa\/?share=reddit\" target=\"_blank\" title=\"Clique para compartilhar no Reddit\">Clique para compartilhar no Reddit(abre em nova janela)<\/a><\/li>\n<li><a rel=\"nofollow noopener noreferrer\" data-shared=\"\" class=\"share-tumblr sd-button share-icon no-text\" href=\"https:\/\/mrnews.com.br\/index.php\/2023\/03\/19\/the-masked-singer-brasil-descobrimos-quem-e-a-vovo-tartaruga-humorista-famosa\/?share=tumblr\" target=\"_blank\" title=\"Clique para compartilhar no Tumblr\">Clique para compartilhar no Tumblr(abre em nova janela)<\/a><\/li>\n<li><a rel=\"nofollow noopener noreferrer\" data-shared=\"sharing-pinterest-390027\" class=\"share-pinterest sd-button share-icon no-text\" href=\"https:\/\/mrnews.com.br\/index.php\/2023\/03\/19\/the-masked-singer-brasil-descobrimos-quem-e-a-vovo-tartaruga-humorista-famosa\/?share=pinterest\" target=\"_blank\" title=\"Clique para compartilhar no Pinterest\">Clique para compartilhar no Pinterest(abre em nova janela)<\/a><\/li>\n<li><a rel=\"nofollow noopener noreferrer\" data-shared=\"\" class=\"share-pocket sd-button share-icon no-text\" href=\"https:\/\/mrnews.com.br\/index.php\/2023\/03\/19\/the-masked-singer-brasil-descobrimos-quem-e-a-vovo-tartaruga-humorista-famosa\/?share=pocket\" target=\"_blank\" title=\"Clique para compartilhar no Pocket\">Clique para compartilhar no Pocket(abre em nova janela)<\/a><\/li>\n<li><a rel=\"nofollow noopener noreferrer\" data-shared=\"\" class=\"share-telegram sd-button share-icon no-text\" href=\"https:\/\/mrnews.com.br\/index.php\/2023\/03\/19\/the-masked-singer-brasil-descobrimos-quem-e-a-vovo-tartaruga-humorista-famosa\/?share=telegram\" target=\"_blank\" title=\"Clique para compartilhar no Telegram\">Clique para compartilhar no Telegram(abre em nova janela)<\/a><\/li>\n<li><a rel=\"nofollow noopener noreferrer\" data-shared=\"sharing-skype-390027\" class=\"share-skype sd-button share-icon no-text\" href=\"https:\/\/mrnews.com.br\/index.php\/2023\/03\/19\/the-masked-singer-brasil-descobrimos-quem-e-a-vovo-tartaruga-humorista-famosa\/?share=skype\" target=\"_blank\" title=\"Clique para compartilhar no Skype\">Clique para compartilhar no Skype(abre em nova janela)<\/a><\/li>\n<li><\/li>\n<\/ul>\n<p>Fonte: <a href=\"\/\/mrnews.com.br\/index.php\/2023\/03\/19\/the-masked-singer-brasil-descobrimos-quem-e-a-vovo-tartaruga-humorista-famosa\" title=\"mrnews.com.br\/index.php\/2023\/03\/19\/the-masked-singer-brasil-descobrimos-quem-e-a-vovo-tartaruga-humorista-famosa\" target=\"_blank\" rel=\"bookmark noopener\"><cite>mrnews.com.br\/index.php\/2023\/03\/19\/the-masked-singer-brasil-descobrimos-quem-e-a-vovo-tartaruga-humorista-famosa<\/cite><\/a><\/p>\n","protected":false},"excerpt":{"rendered":"<p>Durante a estreia da nova temporada do &#8220;The Masked Singer Brasil&#8221;, nas telinhas da Globo<\/p>\n","protected":false},"author":1,"featured_media":0,"comment_status":"closed","ping_status":"closed","sticky":false,"template":"","format":"standard","meta":{"footnotes":""},"categories":[1],"tags":[],"class_list":["post-7010","post","type-post","status-publish","format-standard","hentry","category-noticias"],"amp_enabled":true,"_links":{"self":[{"href":"https:\/\/tvtribunape.com.br\/index.php\/wp-json\/wp\/v2\/posts\/7010","targetHints":{"allow":["GET"]}}],"collection":[{"href":"https:\/\/tvtribunape.com.br\/index.php\/wp-json\/wp\/v2\/posts"}],"about":[{"href":"https:\/\/tvtribunape.com.br\/index.php\/wp-json\/wp\/v2\/types\/post"}],"author":[{"embeddable":true,"href":"https:\/\/tvtribunape.com.br\/index.php\/wp-json\/wp\/v2\/users\/1"}],"replies":[{"embeddable":true,"href":"https:\/\/tvtribunape.com.br\/index.php\/wp-json\/wp\/v2\/comments?post=7010"}],"version-history":[{"count":1,"href":"https:\/\/tvtribunape.com.br\/index.php\/wp-json\/wp\/v2\/posts\/7010\/revisions"}],"predecessor-version":[{"id":7011,"href":"https:\/\/tvtribunape.com.br\/index.php\/wp-json\/wp\/v2\/posts\/7010\/revisions\/7011"}],"wp:attachment":[{"href":"https:\/\/tvtribunape.com.br\/index.php\/wp-json\/wp\/v2\/media?parent=7010"}],"wp:term":[{"taxonomy":"category","embeddable":true,"href":"https:\/\/tvtribunape.com.br\/index.php\/wp-json\/wp\/v2\/categories?post=7010"},{"taxonomy":"post_tag","embeddable":true,"href":"https:\/\/tvtribunape.com.br\/index.php\/wp-json\/wp\/v2\/tags?post=7010"}],"curies":[{"name":"wp","href":"https:\/\/api.w.org\/{rel}","templated":true}]}}