{"id":7974,"date":"2023-06-25T17:26:02","date_gmt":"2023-06-25T20:26:02","guid":{"rendered":"https:\/\/tvtribunape.com.br\/?p=7974"},"modified":"2023-06-25T17:26:02","modified_gmt":"2023-06-25T20:26:02","slug":"aos-70-vera-fischer-ressurge-novinha-em-completa-mudanca-de-visual-e-publico-reage-linda","status":"publish","type":"post","link":"https:\/\/tvtribunape.com.br\/index.php\/2023\/06\/25\/aos-70-vera-fischer-ressurge-novinha-em-completa-mudanca-de-visual-e-publico-reage-linda\/","title":{"rendered":"Aos 70, Vera Fischer ressurge \u2018novinha\u2019, em completa mudan\u00e7a de visual, e p\u00fablico reage: \u2018linda\u2019"},"content":{"rendered":"<p>Aos 70 anos, Vera Fischer surpreendeu a todos com uma completa transforma\u00e7\u00e3o visual, sendo elogiada pelo p\u00fablico como uma verdadeira &#8220;novinha&#8221;. A veterana atriz, que est\u00e1 atualmente nos programas Riacho Doce, do Globoplay, e La\u00e7os de Fam\u00edlia, na Globo, demonstra uma autoestima radiante e conquista suspiros dos f\u00e3s.<\/p>\n<p>Um ensaio fotogr\u00e1fico realizado pelo renomado fot\u00f3grafo Fernando Torquatto foi divulgado pelo portal Gshow, da TV Globo, e rapidamente chamou a aten\u00e7\u00e3o nas redes sociais. Os internautas n\u00e3o pouparam elogios \u00e0 Vera, expressando surpresa com sua apar\u00eancia rejuvenescida. Coment\u00e1rios como &#8220;Est\u00e1 linda! Nem parece ter a idade que tem&#8221; e &#8220;\u00c9 realmente a Vera? Est\u00e1 tudo certo a\u00ed?&#8221; foram compartilhados pelos f\u00e3s.<\/p>\n<p>Em uma entrevista exclusiva ao portal, Vera Fischer revelou que n\u00e3o se arrepende de nada que fez no passado e compartilhou os momentos mais marcantes de sua vida. Destacou a import\u00e2ncia de ter deixado a casa dos pais aos 17 anos e ser financeiramente independente desde ent\u00e3o, sem depender de ningu\u00e9m. Al\u00e9m disso, mencionou com emo\u00e7\u00e3o o nascimento de seus filhos, Rafaela Fischer, de 41 anos, e Gabriel Camargo, de 28 anos, como outros momentos inesquec\u00edveis.<\/p>\n<p>Quando questionada sobre sua perspectiva em rela\u00e7\u00e3o ao envelhecimento, Vera respondeu que encara a passagem do tempo trabalhando e buscando novos desafios. A atriz descartou qualquer pensamento de aposentadoria e afirmou com bom humor: &#8220;Vou morrer aos 150 anos, trabalhando&#8221;.<\/p>\n<p>Vera tamb\u00e9m compartilhou que recebe demonstra\u00e7\u00f5es de carinho dos f\u00e3s, inclusive pedidos de casamento atrav\u00e9s das redes sociais. Por fim, ela admitiu que, embora ame quase tudo o que fez em sua carreira, ainda n\u00e3o se sente completamente realizada profissionalmente, afirmando que dizer que j\u00e1 se sente satisfeita seria como colocar uma pedra em seu caminho, e ela ainda tem muito a conquistar.<\/p>\n<p> <a href=\"https:\/\/news.google.com\/publications\/CAAqBwgKMMzlmQsw9u-xAw?hl=pt-BR&amp;gl=BR&amp;ceid=BR%3Apt-419\"><strong>SIGA-NOS<\/strong>\u00a0 <\/a> <\/p>\n<h2>Leonardo abre o jogo sobre afastamento de Z\u00e9 Felipe e opina sobre o visual pol\u00eamico de Jo\u00e3o Guilherme<\/h2>\n<p>O renomado cantor Leonardo, aos 59 anos, n\u00e3o hesitou em expressar sua opini\u00e3o sobre a controv\u00e9rsia envolvendo seu filho Jo\u00e3o Guilherme.<\/p>\n<p>Leonardo \u00e9 um proeminente cantor no cen\u00e1rio da m\u00fasica sertaneja, famoso por sua voz marcante, carisma e talento. Nascido em Goian\u00e1polis, Goi\u00e1s, ele conquistou milh\u00f5es de f\u00e3s ao longo dos anos e emplacou v\u00e1rios sucessos, consolidando assim sua carreira solo, ap\u00f3s a tr\u00e1gica perda de seu parceiro Leandro, v\u00edtima de c\u00e2ncer.<\/p>\n<p>No que diz respeito ao relacionamento com seus filhos, as manchetes dos principais sites de entretenimento do Brasil frequentemente destacam Leonardo. Recentemente, ele abordou o afastamento de Z\u00e9 Felipe, afirmando: &#8220;Convivo bem com o Jo\u00e3o, com a Isabella, com a J\u00e9ssica, com o Pedro, mas hoje j\u00e1 se igualaram. Por exemplo, o Z\u00e9 foi criado comigo, n\u00e9? Mas agora ele deu uma afastada da gente porque tem a fam\u00edlia dele para cuidar, mas \u00e9 assim o processo da vida&#8221;, revelou em entrevista ao Metr\u00f3poles.<\/p>\n<p>Z\u00e9 Felipe seguiu os passos do pai e se tornou um cantor bastante conhecido, especialmente entre os jovens. Ap\u00f3s iniciar um relacionamento com a influenciadora Virg\u00ednia Fonseca, o casal teve duas filhas: Maria Flor e Maria Alice. Al\u00e9m disso, ambos desejam ter pelo menos mais um filho.<\/p>\n<p>Outra pol\u00eamica que envolve a fam\u00edlia \u00e9 o estilo visual de Jo\u00e3o Guilherme, que chama a aten\u00e7\u00e3o com sua apar\u00eancia inusitada. O jovem foi alvo de cr\u00edticas por usar um cropped. Leonardo comentou as prefer\u00eancias de seu filho, deixando clara sua posi\u00e7\u00e3o: &#8220;Ele queria que eu vestisse a roupa que ele estava usando. Eu disse que n\u00e3o, que ele estava muito bonito, mas aquilo era adequado para a idade dele. Eu disse que se eu vestisse aquela roupa, levaria uma surra no meio da rua&#8221;, afirmou ao colunista L\u00e9o Dias.<\/p>\n<p>&nbsp;<\/p>\n<h2>Terra e Paix\u00e3o: O segredo guardado pela m\u00e3e de Caio altera o curso da novela, e Bianca Bin grava cenas in\u00e9ditas.<\/h2>\n<p>Bianca Bin grava novas cenas para a novela das nove da Globo, Terra e Paix\u00e3o, em que segredos ser\u00e3o revelados.<\/p>\n<p>Em meio \u00e0 trama de Terra e Paix\u00e3o, surge uma incerteza sobre a morte da m\u00e3e de Caio (interpretado por Cau\u00e3 Reymond). O protagonista far\u00e1 de tudo para desvendar o grande segredo mantido por Agatha (interpretada por Bianca Bin) na novela das nove da Globo.<\/p>\n<p>Ap\u00f3s solicitar a exuma\u00e7\u00e3o do corpo da personagem misteriosa, o t\u00famulo \u00e9 aberto, deixando o gal\u00e3 completamente chocado: o caix\u00e3o de sua m\u00e3e est\u00e1 vazio, n\u00e3o h\u00e1 nenhum vest\u00edgio de ossos. A partir desse momento intenso, ele entra em contato com a pol\u00edcia para investigar o caso.<\/p>\n<p>O segredo da m\u00e3e de Caio em Terra e Paix\u00e3o desperta a curiosidade. Segundo F\u00e1bio Augusto, do Observat\u00f3rio da TV, ainda abalado com a descoberta, Caio pede a Marino (interpretado por Leandro Lima) que inicie uma investiga\u00e7\u00e3o para desvendar a verdade por tr\u00e1s do desaparecimento de sua m\u00e3e. Em seguida, ele decide confrontar Ant\u00f4nio (interpretado por Tony Ramos).<\/p>\n<p>A revela\u00e7\u00e3o deixa o fazendeiro surpreso, e ele promete uma recompensa generosa para desvendar o mist\u00e9rio. No entanto, ind\u00edcios sugerem que o vil\u00e3o conhece a verdade: o corpo de Agatha foi cremado, e Ant\u00f4nio esconde as cinzas.<\/p>\n<p>Uma outra teoria que surge \u00e9 a possibilidade de a m\u00e3e de Caio estar viva, e sua apari\u00e7\u00e3o est\u00e1 prevista ao longo da novela. \u00c9 prov\u00e1vel que uma nova atriz seja escolhida para interpretar a personagem, enquanto Bianca Bin continua a desempenhar o papel nos flashbacks.<\/p>\n<p>Al\u00e9m disso, Bianca Bin est\u00e1 gravando novas cenas para a novela das nove da Globo. As grava\u00e7\u00f5es se concentram no passado de Agatha, e um grande segredo ser\u00e1 revelado. Tudo muda quando Angelina (interpretada por Inez Viana) revela que a ex de Ant\u00f4nio n\u00e3o era uma pessoa confi\u00e1vel e tinha um c\u00famplice.<\/p>\n<p>&nbsp;<\/p>\n<h2>C\u00e9sar Tralli tomou uma decis\u00e3o que deixou Ticiane Pinheiro sem palavras ao demonstrar algo pela enteada, Rafaella Justus.<\/h2>\n<p>C\u00e9sar Tralli possui um relacionamento paterno s\u00f3lido com Rafaella Justus, filha de Ticiane Pinheiro com o empres\u00e1rio Roberto Justus. A adolescente divide seu tempo entre as duas fam\u00edlias devido \u00e0 guarda compartilhada, e quando est\u00e1 com sua m\u00e3e, \u00e9 evidente o cuidado e o carinho que o padrasto tem por ela. C\u00e9sar Tralli sempre se mostra acolhedor e afetuoso com Rafaella, algo que todos ao redor percebem.<\/p>\n<p>Em um momento especial na \u00faltima quarta-feira (21), C\u00e9sar Tralli surpreendeu Rafaella Justus com um gesto significativo. Sem a presen\u00e7a de Ticiane Pinheiro, eles estavam sozinhos e o apresentador fez um convite simples, por\u00e9m marcante: prop\u00f4s um jantar apenas entre os dois. A influenciadora digital ficou tocada com o convite, e eles desfrutaram de uma noite de alta gastronomia e conversas agrad\u00e1veis.<\/p>\n<p>O casal compareceu a um restaurante luxuoso, onde passaram horas apreciando a comida deliciosa e colocando a conversa em dia. Esse momento de uni\u00e3o foi registrado e compartilhado nas redes sociais. Em sua postagem, C\u00e9sar Tralli expressou todo o seu amor por Rafaella Justus, destacando o quanto se sente privilegiado por t\u00ea-la em sua vida. &#8220;Jantarzinho para colocar a conversa em dia&#8230; Amo ser um &#8216;paidrasto&#8217;. \u00c9 um privil\u00e9gio ter a Rafa em minha vida tamb\u00e9m. Sou extremamente grato&#8221;, declarou ele.<\/p>\n<p>Rafaella Justus tamb\u00e9m expressou seu amor pelo padrasto. A influenciadora digital brincou inocentemente sobre o encontro ser um &#8220;jantar rom\u00e2ntico&#8221;, j\u00e1 que estavam apenas os dois. &#8220;Te amo! Amei nosso &#8216;jantar rom\u00e2ntico&#8217;&#8221; (risos), escreveu a jovem.<\/p>\n<p>Ticiane Pinheiro tamb\u00e9m se derreteu de amores com o gesto do marido. A apresentadora ressaltou o qu\u00e3o ador\u00e1veis eles parecem juntos e como momentos como esse trazem emo\u00e7\u00e3o \u00e0 sua vida. Ela expressou sua felicidade com a harmonia e o amor presentes na fam\u00edlia. &#8220;Lindos. Amo voc\u00eas demais!!! Sou muito feliz por t\u00ea-los em minha vida. Isso me emociona&#8221;, compartilhou emocionada.<\/p>\n<h2>Mel Maia surpreendeu seus seguidores no Instagram ao compartilhar uma foto nesta sexta-feira (16) em que aparece com uma barriga de gr\u00e1vida,<\/h2>\n<p>deixando todos perplexos. No entanto, a verdade por tr\u00e1s da imagem logo veio \u00e0 tona.<\/p>\n<p>A jovem atriz estava apenas interpretando sua personagem na novela &#8220;Vai na F\u00e9&#8221;, que ir\u00e1 vivenciar uma gravidez. Guiga, a personagem de Mel Maia, havia inventado estar esperando um beb\u00ea de Yuri, em uma tentativa de engan\u00e1-lo. No entanto, em breve ela descobrir\u00e1 que realmente engravidou.<\/p>\n<p>Nos bastidores, Mel Maia colocou uma barriga falsa de gr\u00e1vida e tirou a foto para compartilhar com seus seguidores. Na imagem, ela usa um vestido rosa, faz uma careta e coloca a m\u00e3o sobre a barriga falsa.<\/p>\n<p>Na novela &#8220;Vai na F\u00e9&#8221;, exibida pela Globo no hor\u00e1rio das 19 horas, Guiga ter\u00e1 uma grande surpresa ao flagrar Yuri com Vini, o que a levar\u00e1 a mentir para o rapaz, dizendo que est\u00e1 gr\u00e1vida dele. Em breve, ela come\u00e7ar\u00e1 a sentir enjoos e ficar\u00e1 preocupada.<\/p>\n<p>Para tirar suas d\u00favidas, Guiga far\u00e1 um teste de gravidez de farm\u00e1cia e ficar\u00e1 chocada ao ver que o resultado \u00e9 positivo. Yuri, sem saber que foi enganado, comentar\u00e1: &#8220;N\u00e3o entendi. \u00c9 \u00f3bvio que ia dar positivo, Guiga. Voc\u00ea est\u00e1 gr\u00e1vida desde o ano passado&#8221;. Agora, a gravidez \u00e9 real e a situa\u00e7\u00e3o se tornar\u00e1 ainda mais complicada.<\/p>\n<p>Na vida real, Mel Maia terminou recentemente seu namoro com o MC Daniel, em meio a muita pol\u00eamica. Enquanto o cantor afirmou que precisar\u00e1 se afastar das redes sociais por um tempo, a atriz continua levando sua vida normalmente.<\/p>\n<p>\u00c9 importante lembrar que tudo isso faz parte do enredo da novela, e Mel Maia apenas interpretou sua personagem de forma convincente, surpreendendo seus seguidores com a foto da &#8220;gravidez&#8221;.<\/p>\n<h2>SUBMARINO IMPLODIU? COMO ASSIM?<\/h2>\n<p>Na quinta-feira (22), John Mauger, porta-voz da Guarda Costeira dos Estados Unidos, afirmou que os destro\u00e7os encontrados no fundo do oceano s\u00e3o consistentes com a implos\u00e3o do submarino Titan, que transportava turistas para explorar os destro\u00e7os do Titanic. Mas afinal, o que \u00e9 implos\u00e3o?<\/p>\n<p>A implos\u00e3o \u00e9 um processo no qual um objeto, estrutura ou edif\u00edcio entra em colapso ou desmorona em dire\u00e7\u00e3o ao seu centro. \u00c9 o oposto de uma explos\u00e3o, onde a for\u00e7a \u00e9 liberada do centro do objeto para fora. Em 2017, o submarino argentino ARA San Juan, que havia desaparecido e levou um ano para ser encontrado, tamb\u00e9m passou por uma implos\u00e3o no fundo do mar.<\/p>\n<p>Na ocasi\u00e3o, a Marinha Argentina relatou que o casco do submarino permaneceu relativamente intacto, com apenas algumas deforma\u00e7\u00f5es, enquanto todas as outras partes se separaram. A implos\u00e3o ocorreu devido \u00e0 press\u00e3o externa do mar ter superado a press\u00e3o interna dentro do submarino.<\/p>\n<p>Essas implos\u00f5es s\u00e3o eventos tr\u00e1gicos que demonstram a imensa for\u00e7a e press\u00e3o que o ambiente submarino pode exercer sobre as estruturas. Infelizmente, resultam na perda de vidas humanas e servem como lembrete da complexidade e dos riscos envolvidos nas expedi\u00e7\u00f5es subaqu\u00e1ticas.<\/p>\n<h2>A ESMERALDA, Bianca Castanho, foi embora do Brasil sem se despedir e mudou de profiss\u00e3o<\/h2>\n<p>Na \u00faltima segunda-feira (16), o SBT iniciou a reprise da cl\u00e1ssica novela Esmeralda. Originalmente produzida e exibida entre 2004 e 2005, a trama j\u00e1 teve duas reexibi\u00e7\u00f5es anteriores, em 2010 e 2014. Nessa nova reapresenta\u00e7\u00e3o, a obra ocupa um novo hor\u00e1rio de novelas no canal de Silvio Santos, juntamente com Carrossel e Paix\u00f5es de Gavilanes.<\/p>\n<p>Com o retorno de Esmeralda, muitos telespectadores se perguntaram sobre o paradeiro da atriz Bianca Castanho, protagonista da novela. Bianca \u00e9 bastante conhecida no Brasil por sua participa\u00e7\u00e3o em tr\u00eas novelas do SBT: Canavial de Paix\u00f5es, Esmeralda e Cristal. Al\u00e9m disso, ela tamb\u00e9m teve pap\u00e9is importantes em produ\u00e7\u00f5es de outros canais, como Malha\u00e7\u00e3o e Amor &amp; Intrigas.<\/p>\n<p>No entanto, Bianca Castanho n\u00e3o atua desde 2014, quando fez uma participa\u00e7\u00e3o na s\u00e9rie Milagres de Jesus, da RecordTV. Desde ent\u00e3o, ela est\u00e1 afastada da televis\u00e3o brasileira. Vale ressaltar que Bianca n\u00e3o reside mais no Brasil, tendo se mudado para os Estados Unidos no in\u00edcio de 2016, onde estabeleceu sua vida.<\/p>\n<p>Em entrevistas recentes, Bianca descartou a possibilidade de retornar \u00e0s novelas, uma vez que j\u00e1 construiu sua vida nos Estados Unidos. Ela visita o Brasil esporadicamente para ver sua fam\u00edlia, mas n\u00e3o planeja se envolver em novos melodramas.<\/p>\n<p>Apesar de ter deixado a atua\u00e7\u00e3o, Bianca Castanho continua trabalhando no universo das novelas de uma maneira diferente. Atualmente, ela atua como dubladora em Miami. Curiosamente, uma novela que ela dublou em portugu\u00eas, a s\u00e9rie turca Minha Vida, foi exibida no Brasil pela Band. Bianca emprestou sua voz \u00e0 personagem Efsun.<\/p>\n<h2>Anna Carolina Jatob\u00e1, madrasta de Isabella Nardoni, \u00e9 solta e m\u00e3e se revolta: &#8216;Assim n\u00e3o&#8217;<\/h2>\n<p>Ap\u00f3s passar 15 anos na pris\u00e3o pelo caso da morte de sua enteada, Anna Carolina Jatob\u00e1 foi libertada na \u00faltima ter\u00e7a-feira (20) e cumprir\u00e1 o restante de sua pena em regime aberto. Enquanto isso, o pai de Isabella Nardoni permanece detido.<\/p>\n<p>A madrasta da menina, que havia sido condenada a 26 anos de pris\u00e3o, agora est\u00e1 em regime aberto, de acordo com informa\u00e7\u00f5es da Secretaria de Administra\u00e7\u00e3o Penitenci\u00e1ria. Em um comunicado divulgado, a Secretaria informou que a decis\u00e3o de solt\u00e1-la foi tomada pela 2\u00aa Vara das Execu\u00e7\u00f5es Criminais de Taubat\u00e9.<\/p>\n<p>Anna Carolina foi beneficiada com a progress\u00e3o para o regime aberto e deixou a Penitenci\u00e1ria Feminina de Trememb\u00e9 na noite de ontem, \u00e0s 19h45. O advogado de Anna, Roberto Podval, afirmou que essa progress\u00e3o era esperada e \u00e9 &#8220;juridicamente correta&#8221;.<\/p>\n<p>&#8220;Apenas lamento. Assassinos soltos, bandidos soltos e muitos inocentes presos&#8221;, disse a m\u00e3e de Isabella em entrevista ao portal Metr\u00f3poles. A declara\u00e7\u00e3o foi feita logo ap\u00f3s o Tribunal de Justi\u00e7a de S\u00e3o Paulo determinar que Anna Carolina fosse transferida imediatamente para o regime aberto.<\/p>\n<p>O crime que chocou o Brasil em 2008 envolveu Isabella, que tinha 5 anos quando foi assassinada. Seu pai foi condenado a 30 anos de pris\u00e3o, enquanto a madrasta recebeu uma senten\u00e7a de 26 anos. Ainda n\u00e3o h\u00e1 informa\u00e7\u00f5es sobre a possibilidade de Alexandre Nardoni tamb\u00e9m ser transferido para o regime aberto.<\/p>\n<p>Tanto Alexandre quanto Anna Carolina nunca confessaram o crime, e a morte da menina em 2008 deixou todo o pa\u00eds estarrecido. Isabella foi arremessada do sexto andar do pr\u00e9dio onde vivia com sua madrasta. O porteiro encontrou a menina ainda com vida, mas infelizmente ela n\u00e3o resistiu e faleceu pouco depois.<\/p>\n<h2>Anna Carolina Jatob\u00e1, condenada pela morte de Isabella Nardoni est\u00e1 SOLTA e motivo revolta<\/h2>\n<p>Anna Carolina Jatob\u00e1, condenada em 2008 pelo envolvimento na morte de sua enteada Isabella Nardoni, foi libertada na ter\u00e7a-feira \u00e0 noite (20) ap\u00f3s a Justi\u00e7a conceder sua progress\u00e3o de pena para o regime aberto. A decis\u00e3o da ju\u00edza M\u00e1rcia Domingues de Castro marcou o fim de uma senten\u00e7a de 15 anos cumprida por Jatob\u00e1 na pris\u00e3o de Trememb\u00e9, localizada no interior de S\u00e3o Paulo.<\/p>\n<p>A soltura de Anna Carolina Jatob\u00e1 ocorreu por volta das 18h, ap\u00f3s o cumprimento do alvar\u00e1 referente \u00e0 decis\u00e3o judicial. A ex-detenta deixou a penitenci\u00e1ria conhecida como P1, em Trememb\u00e9, por volta das 19h45, aguardando apenas a chegada de seus familiares para ser liberada completamente.<\/p>\n<p>Em 2017, Jatob\u00e1 obteve progress\u00e3o para o regime semiaberto, permitindo-lhe desfrutar de sa\u00eddas tempor\u00e1rias. No entanto, suas atividades fora da pris\u00e3o eram raramente vistas em p\u00fablico. Quando contatada pelo portal g1, sua defesa inicialmente optou por n\u00e3o comentar o caso, mas mais tarde afirmou que a soltura era um desdobramento &#8220;natural&#8221; dentro do processo legal.<\/p>\n<p>A liberta\u00e7\u00e3o de Anna Carolina Jatob\u00e1 despertou interesse e gerou repercuss\u00e3o, levando o g1 a buscar informa\u00e7\u00f5es adicionais no Tribunal de Justi\u00e7a. No entanto, devido ao segredo de Justi\u00e7a, n\u00e3o foi poss\u00edvel obter detalhes sobre o caso.<\/p>\n<p>O crime envolvendo a morte de Isabella Nardoni abalou o pa\u00eds e tornou-se um dos casos mais noticiados e comentados naquele ano. A soltura de Jatob\u00e1 reacendeu debates sobre justi\u00e7a e pena, gerando diferentes opini\u00f5es e reflex\u00f5es sobre o sistema carcer\u00e1rio brasileiro.<\/p>\n<h3>Compartilhe isso:<\/h3>\n<ul>\n<li><a rel=\"nofollow noopener noreferrer\" data-shared=\"sharing-twitter-400539\" class=\"share-twitter sd-button share-icon no-text\" href=\"https:\/\/mrnews.com.br\/index.php\/2023\/06\/25\/aos-70-vera-fischer-ressurge-novinha-em-completa-mudanca-de-visual-e-publico-reage-linda\/?share=twitter\" target=\"_blank\" title=\"Clique para compartilhar no Twitter\">Clique para compartilhar no Twitter(abre em nova janela)<\/a><\/li>\n<li><a rel=\"nofollow noopener noreferrer\" data-shared=\"sharing-facebook-400539\" class=\"share-facebook sd-button share-icon no-text\" href=\"https:\/\/mrnews.com.br\/index.php\/2023\/06\/25\/aos-70-vera-fischer-ressurge-novinha-em-completa-mudanca-de-visual-e-publico-reage-linda\/?share=facebook\" target=\"_blank\" title=\"Clique para compartilhar no Facebook\">Clique para compartilhar no Facebook(abre em nova janela)<\/a><\/li>\n<li><a rel=\"nofollow noopener noreferrer\" data-shared class=\"share-jetpack-whatsapp sd-button share-icon no-text\" href=\"https:\/\/mrnews.com.br\/index.php\/2023\/06\/25\/aos-70-vera-fischer-ressurge-novinha-em-completa-mudanca-de-visual-e-publico-reage-linda\/?share=jetpack-whatsapp\" target=\"_blank\" title=\"Clique para compartilhar no WhatsApp\">Clique para compartilhar no WhatsApp(abre em nova janela)<\/a><\/li>\n<li><a href=\"#\" class=\"sharing-anchor sd-button share-more\">Mais<\/a><\/li>\n<li><\/li>\n<\/ul>\n<ul>\n<li><a rel=\"nofollow noopener noreferrer\" data-shared class=\"share-print sd-button share-icon no-text\" href=\"https:\/\/mrnews.com.br\/index.php\/2023\/06\/25\/aos-70-vera-fischer-ressurge-novinha-em-completa-mudanca-de-visual-e-publico-reage-linda\/#print\" target=\"_blank\" title=\"Clique para imprimir\">Clique para imprimir(abre em nova janela)<\/a><\/li>\n<li><a rel=\"nofollow noopener noreferrer\" data-shared=\"sharing-linkedin-400539\" class=\"share-linkedin sd-button share-icon no-text\" href=\"https:\/\/mrnews.com.br\/index.php\/2023\/06\/25\/aos-70-vera-fischer-ressurge-novinha-em-completa-mudanca-de-visual-e-publico-reage-linda\/?share=linkedin\" target=\"_blank\" title=\"Clique para compartilhar no LinkedIn\">Clique para compartilhar no LinkedIn(abre em nova janela)<\/a><\/li>\n<li><a rel=\"nofollow noopener noreferrer\" data-shared class=\"share-reddit sd-button share-icon no-text\" href=\"https:\/\/mrnews.com.br\/index.php\/2023\/06\/25\/aos-70-vera-fischer-ressurge-novinha-em-completa-mudanca-de-visual-e-publico-reage-linda\/?share=reddit\" target=\"_blank\" title=\"Clique para compartilhar no Reddit\">Clique para compartilhar no Reddit(abre em nova janela)<\/a><\/li>\n<li><a rel=\"nofollow noopener noreferrer\" data-shared class=\"share-tumblr sd-button share-icon no-text\" href=\"https:\/\/mrnews.com.br\/index.php\/2023\/06\/25\/aos-70-vera-fischer-ressurge-novinha-em-completa-mudanca-de-visual-e-publico-reage-linda\/?share=tumblr\" target=\"_blank\" title=\"Clique para compartilhar no Tumblr\">Clique para compartilhar no Tumblr(abre em nova janela)<\/a><\/li>\n<li><a rel=\"nofollow noopener noreferrer\" data-shared=\"sharing-pinterest-400539\" class=\"share-pinterest sd-button share-icon no-text\" href=\"https:\/\/mrnews.com.br\/index.php\/2023\/06\/25\/aos-70-vera-fischer-ressurge-novinha-em-completa-mudanca-de-visual-e-publico-reage-linda\/?share=pinterest\" target=\"_blank\" title=\"Clique para compartilhar no Pinterest\">Clique para compartilhar no Pinterest(abre em nova janela)<\/a><\/li>\n<li><a rel=\"nofollow noopener noreferrer\" data-shared class=\"share-pocket sd-button share-icon no-text\" href=\"https:\/\/mrnews.com.br\/index.php\/2023\/06\/25\/aos-70-vera-fischer-ressurge-novinha-em-completa-mudanca-de-visual-e-publico-reage-linda\/?share=pocket\" target=\"_blank\" title=\"Clique para compartilhar no Pocket\">Clique para compartilhar no Pocket(abre em nova janela)<\/a><\/li>\n<li><a rel=\"nofollow noopener noreferrer\" data-shared class=\"share-telegram sd-button share-icon no-text\" href=\"https:\/\/mrnews.com.br\/index.php\/2023\/06\/25\/aos-70-vera-fischer-ressurge-novinha-em-completa-mudanca-de-visual-e-publico-reage-linda\/?share=telegram\" target=\"_blank\" title=\"Clique para compartilhar no Telegram\">Clique para compartilhar no Telegram(abre em nova janela)<\/a><\/li>\n<li><a rel=\"nofollow noopener noreferrer\" data-shared=\"sharing-skype-400539\" class=\"share-skype sd-button share-icon no-text\" href=\"https:\/\/mrnews.com.br\/index.php\/2023\/06\/25\/aos-70-vera-fischer-ressurge-novinha-em-completa-mudanca-de-visual-e-publico-reage-linda\/?share=skype\" target=\"_blank\" title=\"Clique para compartilhar no Skype\">Clique para compartilhar no Skype(abre em nova janela)<\/a><\/li>\n<li><\/li>\n<\/ul>\n<p>Fonte: <a href=\"\/\/mrnews.com.br\/index.php\/2023\/06\/25\/aos-70-vera-fischer-ressurge-novinha-em-completa-mudanca-de-visual-e-publico-reage-linda\" title=\"mrnews.com.br\/index.php\/2023\/06\/25\/aos-70-vera-fischer-ressurge-novinha-em-completa-mudanca-de-visual-e-publico-reage-linda\" target=\"_blank\" rel=\"bookmark noopener\"><cite>mrnews.com.br\/index.php\/2023\/06\/25\/aos-70-vera-fischer-ressurge-novinha-em-completa-mudanca-de-visual-e-publico-reage-linda<\/cite><\/a><\/p>\n","protected":false},"excerpt":{"rendered":"<p>Aos 70 anos, Vera Fischer surpreendeu a todos com uma completa transforma\u00e7\u00e3o visual, sendo elogiada<\/p>\n","protected":false},"author":1,"featured_media":0,"comment_status":"closed","ping_status":"closed","sticky":false,"template":"","format":"standard","meta":{"footnotes":""},"categories":[1],"tags":[],"class_list":["post-7974","post","type-post","status-publish","format-standard","hentry","category-noticias"],"amp_enabled":true,"_links":{"self":[{"href":"https:\/\/tvtribunape.com.br\/index.php\/wp-json\/wp\/v2\/posts\/7974","targetHints":{"allow":["GET"]}}],"collection":[{"href":"https:\/\/tvtribunape.com.br\/index.php\/wp-json\/wp\/v2\/posts"}],"about":[{"href":"https:\/\/tvtribunape.com.br\/index.php\/wp-json\/wp\/v2\/types\/post"}],"author":[{"embeddable":true,"href":"https:\/\/tvtribunape.com.br\/index.php\/wp-json\/wp\/v2\/users\/1"}],"replies":[{"embeddable":true,"href":"https:\/\/tvtribunape.com.br\/index.php\/wp-json\/wp\/v2\/comments?post=7974"}],"version-history":[{"count":1,"href":"https:\/\/tvtribunape.com.br\/index.php\/wp-json\/wp\/v2\/posts\/7974\/revisions"}],"predecessor-version":[{"id":7975,"href":"https:\/\/tvtribunape.com.br\/index.php\/wp-json\/wp\/v2\/posts\/7974\/revisions\/7975"}],"wp:attachment":[{"href":"https:\/\/tvtribunape.com.br\/index.php\/wp-json\/wp\/v2\/media?parent=7974"}],"wp:term":[{"taxonomy":"category","embeddable":true,"href":"https:\/\/tvtribunape.com.br\/index.php\/wp-json\/wp\/v2\/categories?post=7974"},{"taxonomy":"post_tag","embeddable":true,"href":"https:\/\/tvtribunape.com.br\/index.php\/wp-json\/wp\/v2\/tags?post=7974"}],"curies":[{"name":"wp","href":"https:\/\/api.w.org\/{rel}","templated":true}]}}