{"id":8213,"date":"2023-07-31T14:46:48","date_gmt":"2023-07-31T17:46:48","guid":{"rendered":"https:\/\/tvtribunape.com.br\/?p=8213"},"modified":"2023-07-31T14:46:48","modified_gmt":"2023-07-31T17:46:48","slug":"sandy-faz-festa-para-o-filho-posta-foto-no-instagram-e-fas-detonam-atitude","status":"publish","type":"post","link":"https:\/\/tvtribunape.com.br\/index.php\/2023\/07\/31\/sandy-faz-festa-para-o-filho-posta-foto-no-instagram-e-fas-detonam-atitude\/","title":{"rendered":"Sandy faz festa para o filho, posta foto no Instagram; e f\u00e3s detonam atitude"},"content":{"rendered":"<p>A festa de anivers\u00e1rio do filho da cantora Sandy acabou se tornando motivo de frustra\u00e7\u00e3o para os f\u00e3s. Conhecida por ser uma m\u00e3e superprotetora, Sandy sempre zelou pela privacidade de seu filho e evita expor sua vida nas redes sociais, o que \u00e9 compreens\u00edvel para muitos.<\/p>\n<p>No entanto, conforme o pequeno Theo vai crescendo, torna-se mais desafiador mant\u00ea-lo afastado da m\u00eddia e dos f\u00e3s mais dedicados \u00e0 cantora. A festa de anivers\u00e1rio do garoto, aos 4 anos, era aguardada com ansiedade pelos f\u00e3s, mas ao postar uma foto em seu perfil oficial no Instagram, Sandy n\u00e3o incluiu a imagem de seu filho, mostrando apenas ela e o marido Lucas Lima.<\/p>\n<p>Essa atitude deixou os f\u00e3s desapontados, uma vez que eles ansiavam por ver o pequeno Theo na comemora\u00e7\u00e3o. A aus\u00eancia do garoto na foto gerou coment\u00e1rios e cr\u00edticas nas redes sociais, com alguns f\u00e3s expressando sua frustra\u00e7\u00e3o de maneira ir\u00f4nica, mencionando que &#8220;a festa n\u00e3o tinha aniversariante&#8221; ou perguntando se &#8220;esqueceram de convidar o dono da festa&#8221;.<\/p>\n<p>        &#8211;&gt;      <\/p>\n<p>No entanto, \u00e9 importante ressaltar que Sandy tem suas raz\u00f5es para n\u00e3o mostrar o filho publicamente e respeitar sua decis\u00e3o como m\u00e3e. Ela deseja que o herdeiro tenha a liberdade de escolher seu caminho no futuro, sem a press\u00e3o ou exposi\u00e7\u00e3o precoce que pode ser comum para filhos de celebridades. \u00c9 uma escolha pessoal da cantora e sua prioridade \u00e9 garantir a privacidade e o bem-estar de sua fam\u00edlia.<\/p>\n<h2>Tat\u00e1 Werneck decidiu se pronunciar ap\u00f3s surgirem rumores sobre uma poss\u00edvel crise em seu casamento com o ator Rafael Vitti.<\/h2>\n<p>A atriz esclareceu a verdade sobre o assunto em sua rede social, ap\u00f3s ser questionada por uma f\u00e3 preocupada com a situa\u00e7\u00e3o.<\/p>\n<p>Em resposta \u00e0s not\u00edcias veiculadas por L\u00e9o Dias sobre um casal famoso que estaria se separando, Tat\u00e1 foi at\u00e9 o Twitter para acalmar seus milhares de f\u00e3s. Ela garantiu que os rumores n\u00e3o se referiam ao seu casamento com Rafael Vitti. Em tom de brincadeira, a atriz mencionou que s\u00f3 tem uma filha, at\u00e9 que se prove o contr\u00e1rio, indicando que seu relacionamento continua s\u00f3lido.<\/p>\n<p>Essa n\u00e3o \u00e9 a primeira vez que Tat\u00e1 enfrenta boatos envolvendo seu casamento. Ela j\u00e1 foi alvo de especula\u00e7\u00f5es sobre uma poss\u00edvel crise anteriormente, o que a irritou em outras ocasi\u00f5es. Os internautas lamentaram os rumores em torno do relacionamento da atriz, afirmando que ela parece estar muito feliz e que seu casamento \u00e9 s\u00f3lido. Al\u00e9m disso, alguns comentaram que deve ser frustrante para Tat\u00e1 ter que lidar constantemente com essas not\u00edcias infundadas.<\/p>\n<p>Diante de toda a repercuss\u00e3o, Tat\u00e1 Werneck deixou claro que seu casamento com Rafael Vitti continua firme e que os rumores n\u00e3o t\u00eam fundamento. Com o apoio dos f\u00e3s e o esclarecimento da pr\u00f3pria atriz, espera-se que os boatos sejam desmentidos e que a vida pessoal do casal seja respeitada pela m\u00eddia e pelo p\u00fablico.<\/p>\n<h2>Encontro&#8230;<\/h2>\n<p>Enquanto Patr\u00edcia interagia com os presentes, ela perguntou \u00e0 senhora Anita se ela n\u00e3o conseguia dormir de ansiedade ao vir ao programa. A resposta de dona Anita foi surpreendente e deixou tanto Patr\u00edcia quanto Manoel muito felizes. Com sinceridade, a senhora revelou que n\u00e3o era ansiedade, mas sim o desejo de v\u00ea-los, referindo-se carinhosamente aos apresentadores.<\/p>\n<p>O programa Encontro continua liderando a audi\u00eancia na faixa da manh\u00e3 da TV Globo, mesmo ap\u00f3s algumas pol\u00eamicas e um poss\u00edvel clima n\u00e3o t\u00e3o bom entre Patr\u00edcia e Manoel. Eles t\u00eam mantido uma vantagem consider\u00e1vel sobre os principais concorrentes no hor\u00e1rio, o Primeiro Impacto, do SBT, e o Hoje em Dia, da Record TV. Desde agosto do ano passado, Patr\u00edcia e Manoel assumiram a apresenta\u00e7\u00e3o do programa, sucedendo a sa\u00edda de F\u00e1tima Bernardes.<\/p>\n<p>Apesar dos desafios, o Encontro segue levando ao p\u00fablico informa\u00e7\u00e3o, utilidade p\u00fablica, sa\u00fade e entretenimento, sendo uma op\u00e7\u00e3o preferida pelos telespectadores nas manh\u00e3s brasileiras. A intera\u00e7\u00e3o com a plateia e as emo\u00e7\u00f5es genu\u00ednas continuam sendo elementos essenciais para o sucesso do programa.<\/p>\n<h2><\/h2>\n<h3>Compartilhe isso:<\/h3>\n<ul>\n<li><a rel=\"nofollow noopener noreferrer\" data-shared=\"sharing-twitter-401400\" class=\"share-twitter sd-button share-icon no-text\" href=\"https:\/\/mrnews.com.br\/index.php\/2023\/07\/22\/sandy-faz-festa-para-o-filho-posta-foto-no-instagram-e-fas-detonam-atitude\/?share=twitter\" target=\"_blank\" title=\"Clique para compartilhar no Twitter\">Clique para compartilhar no Twitter(abre em nova janela)<\/a><\/li>\n<li><a rel=\"nofollow noopener noreferrer\" data-shared=\"sharing-facebook-401400\" class=\"share-facebook sd-button share-icon no-text\" href=\"https:\/\/mrnews.com.br\/index.php\/2023\/07\/22\/sandy-faz-festa-para-o-filho-posta-foto-no-instagram-e-fas-detonam-atitude\/?share=facebook\" target=\"_blank\" title=\"Clique para compartilhar no Facebook\">Clique para compartilhar no Facebook(abre em nova janela)<\/a><\/li>\n<li><a rel=\"nofollow noopener noreferrer\" data-shared=\"\" class=\"share-jetpack-whatsapp sd-button share-icon no-text\" href=\"https:\/\/mrnews.com.br\/index.php\/2023\/07\/22\/sandy-faz-festa-para-o-filho-posta-foto-no-instagram-e-fas-detonam-atitude\/?share=jetpack-whatsapp\" target=\"_blank\" title=\"Clique para compartilhar no WhatsApp\">Clique para compartilhar no WhatsApp(abre em nova janela)<\/a><\/li>\n<li><a href=\"#\" class=\"sharing-anchor sd-button share-more\">Mais<\/a><\/li>\n<li><\/li>\n<\/ul>\n<ul>\n<li><a rel=\"nofollow noopener noreferrer\" data-shared=\"\" class=\"share-print sd-button share-icon no-text\" href=\"https:\/\/mrnews.com.br\/index.php\/2023\/07\/22\/sandy-faz-festa-para-o-filho-posta-foto-no-instagram-e-fas-detonam-atitude\/#print\" target=\"_blank\" title=\"Clique para imprimir\">Clique para imprimir(abre em nova janela)<\/a><\/li>\n<li><a rel=\"nofollow noopener noreferrer\" data-shared=\"sharing-linkedin-401400\" class=\"share-linkedin sd-button share-icon no-text\" href=\"https:\/\/mrnews.com.br\/index.php\/2023\/07\/22\/sandy-faz-festa-para-o-filho-posta-foto-no-instagram-e-fas-detonam-atitude\/?share=linkedin\" target=\"_blank\" title=\"Clique para compartilhar no LinkedIn\">Clique para compartilhar no LinkedIn(abre em nova janela)<\/a><\/li>\n<li><a rel=\"nofollow noopener noreferrer\" data-shared=\"\" class=\"share-reddit sd-button share-icon no-text\" href=\"https:\/\/mrnews.com.br\/index.php\/2023\/07\/22\/sandy-faz-festa-para-o-filho-posta-foto-no-instagram-e-fas-detonam-atitude\/?share=reddit\" target=\"_blank\" title=\"Clique para compartilhar no Reddit\">Clique para compartilhar no Reddit(abre em nova janela)<\/a><\/li>\n<li><a rel=\"nofollow noopener noreferrer\" data-shared=\"\" class=\"share-tumblr sd-button share-icon no-text\" href=\"https:\/\/mrnews.com.br\/index.php\/2023\/07\/22\/sandy-faz-festa-para-o-filho-posta-foto-no-instagram-e-fas-detonam-atitude\/?share=tumblr\" target=\"_blank\" title=\"Clique para compartilhar no Tumblr\">Clique para compartilhar no Tumblr(abre em nova janela)<\/a><\/li>\n<li><a rel=\"nofollow noopener noreferrer\" data-shared=\"sharing-pinterest-401400\" class=\"share-pinterest sd-button share-icon no-text\" href=\"https:\/\/mrnews.com.br\/index.php\/2023\/07\/22\/sandy-faz-festa-para-o-filho-posta-foto-no-instagram-e-fas-detonam-atitude\/?share=pinterest\" target=\"_blank\" title=\"Clique para compartilhar no Pinterest\">Clique para compartilhar no Pinterest(abre em nova janela)<\/a><\/li>\n<li><a rel=\"nofollow noopener noreferrer\" data-shared=\"\" class=\"share-pocket sd-button share-icon no-text\" href=\"https:\/\/mrnews.com.br\/index.php\/2023\/07\/22\/sandy-faz-festa-para-o-filho-posta-foto-no-instagram-e-fas-detonam-atitude\/?share=pocket\" target=\"_blank\" title=\"Clique para compartilhar no Pocket\">Clique para compartilhar no Pocket(abre em nova janela)<\/a><\/li>\n<li><a rel=\"nofollow noopener noreferrer\" data-shared=\"\" class=\"share-telegram sd-button share-icon no-text\" href=\"https:\/\/mrnews.com.br\/index.php\/2023\/07\/22\/sandy-faz-festa-para-o-filho-posta-foto-no-instagram-e-fas-detonam-atitude\/?share=telegram\" target=\"_blank\" title=\"Clique para compartilhar no Telegram\">Clique para compartilhar no Telegram(abre em nova janela)<\/a><\/li>\n<li><a rel=\"nofollow noopener noreferrer\" data-shared=\"sharing-skype-401400\" class=\"share-skype sd-button share-icon no-text\" href=\"https:\/\/mrnews.com.br\/index.php\/2023\/07\/22\/sandy-faz-festa-para-o-filho-posta-foto-no-instagram-e-fas-detonam-atitude\/?share=skype\" target=\"_blank\" title=\"Clique para compartilhar no Skype\">Clique para compartilhar no Skype(abre em nova janela)<\/a><\/li>\n<li><\/li>\n<\/ul>\n<p>Fonte: <a href=\"\/\/mrnews.com.br\/index.php\/2023\/07\/22\/sandy-faz-festa-para-o-filho-posta-foto-no-instagram-e-fas-detonam-atitude\" title=\"mrnews.com.br\/index.php\/2023\/07\/22\/sandy-faz-festa-para-o-filho-posta-foto-no-instagram-e-fas-detonam-atitude\" target=\"_blank\" rel=\"bookmark noopener\"><cite>mrnews.com.br\/index.php\/2023\/07\/22\/sandy-faz-festa-para-o-filho-posta-foto-no-instagram-e-fas-detonam-atitude<\/cite><\/a><\/p>\n","protected":false},"excerpt":{"rendered":"<p>A festa de anivers\u00e1rio do filho da cantora Sandy acabou se tornando motivo de frustra\u00e7\u00e3o<\/p>\n","protected":false},"author":1,"featured_media":0,"comment_status":"closed","ping_status":"closed","sticky":false,"template":"","format":"standard","meta":{"footnotes":""},"categories":[1],"tags":[],"class_list":["post-8213","post","type-post","status-publish","format-standard","hentry","category-noticias"],"amp_enabled":true,"_links":{"self":[{"href":"https:\/\/tvtribunape.com.br\/index.php\/wp-json\/wp\/v2\/posts\/8213","targetHints":{"allow":["GET"]}}],"collection":[{"href":"https:\/\/tvtribunape.com.br\/index.php\/wp-json\/wp\/v2\/posts"}],"about":[{"href":"https:\/\/tvtribunape.com.br\/index.php\/wp-json\/wp\/v2\/types\/post"}],"author":[{"embeddable":true,"href":"https:\/\/tvtribunape.com.br\/index.php\/wp-json\/wp\/v2\/users\/1"}],"replies":[{"embeddable":true,"href":"https:\/\/tvtribunape.com.br\/index.php\/wp-json\/wp\/v2\/comments?post=8213"}],"version-history":[{"count":1,"href":"https:\/\/tvtribunape.com.br\/index.php\/wp-json\/wp\/v2\/posts\/8213\/revisions"}],"predecessor-version":[{"id":8214,"href":"https:\/\/tvtribunape.com.br\/index.php\/wp-json\/wp\/v2\/posts\/8213\/revisions\/8214"}],"wp:attachment":[{"href":"https:\/\/tvtribunape.com.br\/index.php\/wp-json\/wp\/v2\/media?parent=8213"}],"wp:term":[{"taxonomy":"category","embeddable":true,"href":"https:\/\/tvtribunape.com.br\/index.php\/wp-json\/wp\/v2\/categories?post=8213"},{"taxonomy":"post_tag","embeddable":true,"href":"https:\/\/tvtribunape.com.br\/index.php\/wp-json\/wp\/v2\/tags?post=8213"}],"curies":[{"name":"wp","href":"https:\/\/api.w.org\/{rel}","templated":true}]}}